{"id":13960,"date":"2022-08-22T09:12:24","date_gmt":"2022-08-22T07:12:24","guid":{"rendered":"http:\/\/www.infokuryr.cz\/n\/?p=13960"},"modified":"2022-08-22T09:12:24","modified_gmt":"2022-08-22T07:12:24","slug":"nedelnik-adama-b-bartose-98","status":"publish","type":"post","link":"https:\/\/www.infokuryr.cz\/n\/2022\/08\/22\/nedelnik-adama-b-bartose-98\/","title":{"rendered":"NED\u011aLN\u00cdK ADAMA B. BARTO\u0160E (98)"},"content":{"rendered":"<div id=\"fb-root\"><\/div>\n<h2 class=\"entry-title\">\u201eV\u016eBEC MU NEVADILO, \u017dE SE S N\u00cdM NIKDO NEBAVIL. JEHO VLEZLOST NAOPAK BUDILA ROZPORUPLN\u00c9 REAKCE. POD\u00cdVEJTE SE NA V\u00ddRAZ T\u00c9 PAN\u00cd VEDLE MNE\u2026\u201c<\/h2>\n<div class=\"entry-featured\"><a class=\"ci-lightbox\" href=\"https:\/\/narodnidemokracie.cz\/wp-content\/uploads\/2022\/08\/kobza.png\"><img decoding=\"async\" loading=\"lazy\" class=\"attachment-post-thumbnail size-post-thumbnail wp-post-image lazy-loaded\" src=\"https:\/\/narodnidemokracie.cz\/wp-content\/uploads\/2022\/08\/kobza-665x435.png\" alt=\"\" width=\"665\" height=\"435\" data-lazy-type=\"image\" data-src=\"https:\/\/narodnidemokracie.cz\/wp-content\/uploads\/2022\/08\/kobza-665x435.png\" \/><\/a><\/div>\n<div class=\"entry-content\">\n<p>Zdrav\u00edm v\u00e1s u sv\u00e9ho ned\u011bln\u00edku v den, kter\u00fd pravdol\u00e1ska tradi\u010dn\u011b pou\u017e\u00edv\u00e1 k protirusk\u00fdm orgi\u00edm \u2013 v\u00fdro\u010d\u00ed okupace \u010ceskoslovenska v roce 1968. P\u0159ipom\u00ednky \u0161edes\u00e1t\u00e9ho osm\u00e9ho byly posledn\u00ed dobou k\u00fd\u010dovit\u011bj\u0161\u00ed rok od roku, ale v souvislosti s d\u011bn\u00edm na Ukrajin\u011b se letos d\u00e1 o\u010dek\u00e1vat doslova gejz\u00edr demagogie, rusofobie a proz\u00e1padn\u00edho \u0159i\u0165olezectv\u00ed.<\/p>\n<p>J\u00e1 se v\u0161ak 21. srpnu 1968 v\u011bnovat nechci a u\u010din\u00edm jen malou pozn\u00e1mku na t\u00e9ma, kdo\u017ee vlastn\u011b o okupaci \u010ceskoslovenska v t\u011bch pohnut\u00fdch srpnov\u00fdch dnech rozhodoval. Ur\u010dit\u011b jste to u\u017e \u010detli d\u0159\u00edve, ale dnes to formou infografiky sd\u00edlel kolega na facebooku, tak to sem rovnou zkop\u00edruju:<\/p>\n<p><img decoding=\"async\" loading=\"lazy\" class=\"alignnone size-full wp-image-13158 lazy-loaded\" src=\"https:\/\/narodnidemokracie.cz\/wp-content\/uploads\/2022\/08\/7ukr.jpg\" sizes=\"(max-width: 1152px) 100vw, 1152px\" srcset=\"https:\/\/narodnidemokracie.cz\/wp-content\/uploads\/2022\/08\/7ukr.jpg 1152w, https:\/\/narodnidemokracie.cz\/wp-content\/uploads\/2022\/08\/7ukr-300x169.jpg 300w, https:\/\/narodnidemokracie.cz\/wp-content\/uploads\/2022\/08\/7ukr-1024x576.jpg 1024w, https:\/\/narodnidemokracie.cz\/wp-content\/uploads\/2022\/08\/7ukr-768x432.jpg 768w, https:\/\/narodnidemokracie.cz\/wp-content\/uploads\/2022\/08\/7ukr-665x374.jpg 665w, https:\/\/narodnidemokracie.cz\/wp-content\/uploads\/2022\/08\/7ukr-462x260.jpg 462w\" alt=\"\" width=\"1152\" height=\"648\" data-lazy-type=\"image\" data-src=\"https:\/\/narodnidemokracie.cz\/wp-content\/uploads\/2022\/08\/7ukr.jpg\" data-srcset=\"\" \/><\/p>\n<p>Ano, p\u0159esn\u011b tak to bylo a je dobr\u00e9 to v\u011bd\u011bt, a\u017e n\u00e1m zase fialov\u00e9, raku\u0161anov\u00e9 \u010di pekarov\u00e9-adamov\u00e9 budou z ruk\u00e1vu sypat sv\u00e9 perly. Ale poj\u010fme d\u00e1l a pod\u00edvejme se, co h\u00fdbe \u010deskou alternativou.<\/p>\n<p>\u010ceskou alternativou h\u00fdbe jak\u00e9si magick\u00e9 datum 3. z\u00e1\u0159\u00ed. To se m\u00e1 na V\u00e1clav\u00e1ku konat\u00a0<a href=\"https:\/\/www.naprvnimmiste.cz\/\" target=\"_blank\" rel=\"noopener\"><strong>velk\u00e1 demonstrace<\/strong><\/a>, kter\u00e1 podle slov sv\u00fdch organiz\u00e1tor\u016f m\u00e1 b\u00fdt za\u010d\u00e1tkem n\u011b\u010deho v\u011bt\u0161\u00edho. Za\u010d\u00e1tkem odporu proti vl\u00e1d\u011b. Organiz\u00e1to\u0159i doufaj\u00ed, \u017ee \u00fa\u010dastn\u00edk\u016f bude takov\u00e9 mno\u017estv\u00ed, \u017ee to r\u016fzn\u00e9 skeptiky povzbud\u00ed, aby se p\u0159idali k akc\u00edm, kter\u00e9 budou n\u00e1sledovat a kter\u00e9 ve sv\u00e9m d\u016fsledku \u2013 organiz\u00e1to\u0159i v\u011b\u0159\u00ed \u2013 povedou k p\u00e1du vl\u00e1dy.<\/p>\n<p>Proto\u017ee jsem na tuto akci n\u011bkter\u00fdmi lidmi t\u00e1z\u00e1n (zda tam budeme, zda to podpo\u0159\u00edme apod.), cht\u011bl bych tento ned\u011bln\u00edk vyu\u017e\u00edt k tomu, abych se k ot\u00e1zce vyj\u00e1d\u0159il.<\/p>\n<p>Pozn\u00e1mka prvn\u00ed je, \u017ee podporuji ka\u017edou akci, kter\u00e1 je proti sou\u010dasn\u00e9 vl\u00e1d\u011b a kter\u00e1 je i proti dlouhodob\u00e9 agend\u011b, kterou \u010desk\u00e9 vl\u00e1dy na p\u0159\u00edkaz zahrani\u010dn\u00edch \u201eelit\u201c prov\u00e1d\u011bj\u00ed. Jist\u011b se shodneme, \u017ee t\u0159eba\u017ee je H\u0148upova vl\u00e1da snad nejhor\u0161\u00ed vl\u00e1dou v na\u0161\u00ed historii, nen\u00ed prvn\u00ed vl\u00e1dou, kter\u00e1 kdy d\u011blala proti\u010desk\u00e9 kroky a jist\u011b tak\u00e9 ne vl\u00e1dou posledn\u00ed. Demonstrace by tak nem\u011bla b\u00fdt zam\u011b\u0159ena jen proti n\u00ed, ale pr\u00e1v\u011b proti on\u00e9 agend\u011b, kterou \u010desk\u00e1 vl\u00e1da (nebo sp\u00ed\u0161e \u010desk\u00e9 vl\u00e1dy) poslu\u0161n\u011b vykon\u00e1v\u00e1 (vykon\u00e1vaj\u00ed). Naz\u00fdvejme to, jak chceme \u2013 Velk\u00fd reset, Green Deal, Agenda 2030, Total Control, je to vcelku jedno, o ten n\u00e1zev a\u017e tak nejde. Kdyby tu nebyl Fiala, nejsp\u00ed\u0161e by to tla\u010dil jin\u00fd premi\u00e9r, proto\u017ee v\u0161ichni premi\u00e9\u0159i jsou ve vleku zahrani\u010dn\u00edch loutkovodi\u010d\u016f. A proto\u017ee jsem vid\u011bl video s jedn\u00edm z organiz\u00e1tor\u016f, Ji\u0159\u00edm Havlem, kter\u00fd velice rozumn\u011b o t\u011bchto v\u011bcech mluv\u00ed, m\u00e1m nad\u011bji, \u017ee organiz\u00e1to\u0159i ch\u00e1pou, \u010demu \u010del\u00edme.\u00a0<strong>Proto m\u00e1 akce moji \/na\u0161i\/ podporu<\/strong>.<\/p>\n<p>A to i p\u0159esto, \u017ee \u2013\u00a0<a href=\"https:\/\/narodnidemokracie.cz\/ing-ivan-cicha-globalizace-jako-hlavni-nastroj-ovladnuti-lidstva-kdo-ji-neodmitne-souhlasi-se-soucasnym-rezimem\/\" target=\"_blank\" rel=\"noopener\"><em><strong>jak ve sv\u00e9m \u010dl\u00e1nku popsal m\u016fj kolega Ivan C\u00edcha<\/strong><\/em><\/a>\u00a0\u2013 organiz\u00e1to\u0159i z n\u011bjak\u00e9ho d\u016fvodu necht\u011bj\u00ed, aby se k akci p\u0159idala N\u00e1rodn\u00ed demokracie ofici\u00e1ln\u011b. To je jist\u011b v\u011bc k zamy\u0161len\u00ed (pro\u010d tomu tak je a co to o organiz\u00e1torech \u0159\u00edk\u00e1), ale ani t\u00edm se nechci dnes zab\u00fdvat.<\/p>\n<p>Chci se obecn\u011bji zamyslet nad demonstracemi jako takov\u00fdmi. I proto, \u017ee jsme kdysi n\u011bjak\u00e9 demonstrace d\u011blali, ale \u2013 ni\u010deho jsme jimi nedos\u00e1hli.<\/p>\n<p>A je to pochopiteln\u00e9, proto\u017ee pokojn\u00e9 demonstrace se politici nezaleknou a d\u011blat nepokojnou demonstraci, to tak\u00e9 nen\u00ed jen tak. Op\u011bt nechci vysv\u011btlovat, ale jen bodov\u011b: probl\u00e9my s infiltrovan\u00fdmi agenty, placen\u00ed provokat\u00e9\u0159i, policie, kter\u00e1 akci vyu\u017e\u00edv\u00e1 k vlastn\u00edmu cvi\u010den\u00ed, nemo\u017enost prorazit policejn\u00ed kordon nebo z\u00e1tarasy nap\u0159\u00edklad p\u0159ed \u00fa\u0159adem vl\u00e1dy apod. Rozehn\u00e1n\u00ed demonstrace polici\u00ed, zat\u00fdk\u00e1n\u00ed \u0159e\u010dn\u00edk\u016f, jak se mi stalo, a n\u00e1sledn\u00e9 trestn\u00ed st\u00edh\u00e1n\u00ed. Nen\u00ed to zkr\u00e1tka jednoduch\u00e9, jak to vypad\u00e1. Z toho plyne pocit nemo\u017enosti demonstracemi cokoli zm\u011bnit a frustrace lid\u00ed, \u017ee demonstrace nikam nevedou. Plan\u00e9 \u0159e\u010dn\u011bn\u00ed, mnoho \u0159e\u010dn\u00edk\u016f. Zklam\u00e1n\u00ed, klesaj\u00edc\u00ed \u00fa\u010dast. St\u00e1le se opakuj\u00edc\u00ed sc\u00e9n\u00e1\u0159, kdy demonstrace maj\u00ed tent\u00fd\u017e pr\u016fb\u011bh, co\u017e se brzy omrz\u00ed a za\u010dne lidi nudit\u2026<\/p>\n<p>N\u011bkdy si chceme myslet, \u017ee kdyby bylo lid\u00ed na demonstraci opravdu hodn\u011b (jako\u017ee opravdu hodn\u011b), \u017ee by to n\u011bco zm\u011bnilo. \u00davaha se zd\u00e1 b\u00fdt spr\u00e1vn\u00e1, le\u010d kupodivu \u2013 praxe op\u011bt ukazuje, \u017ee ani to nic neznamen\u00e1. Vzpome\u0148me ohromn\u00e9 demonstrace \u201echvilka\u0159\u016f\u201c proti Babi\u0161ovi, kterou m\u00e1loco trumfne, ale s Babi\u0161em to ani nehnulo. Relativn\u011b velk\u00e9 demonstrace proti covidu, ale politicky nic nezm\u011bnily. Jindy se zase zapln\u00ed V\u00e1clav\u00e1k naprosto nev\u00eddan\u00fdm mno\u017estv\u00edm lidu, i kdy\u017e vlastn\u011b ani o nic nejde (demonstrace na podporu Ukrajiny \u2013 ta tak\u00e9 k ni\u010demu nevedla, ani nemohla, demonstrac\u00ed se rusko-ukrajinsk\u00fd konflikt p\u0159ece nijak ne\u0159e\u0161\u00ed).<\/p>\n<p>Dal\u0161\u00ed probl\u00e9m je ten, \u017ee i kdyby vl\u00e1da nakr\u00e1sn\u011b padla, nejsp\u00ed\u0161e ta dal\u0161\u00ed bude stejn\u011b \u0161patn\u00e1, proto\u017ee nadn\u00e1rodn\u00ed oligarchov\u00e9 maj\u00ed v z\u00e1sob\u011b loutek v\u00edce, ne\u017e jen jednoho fialov\u00e9ho H\u0148upa. Dob\u0159e to bylo vid\u011bt nap\u0159\u00edklad p\u0159i ned\u00e1vn\u00fdch nepokoj\u00edch na Sr\u00ed Lance, kter\u00e9 vedly k p\u00e1du vl\u00e1dy, ale z\u00e1rove\u0148 byl za nov\u00e9ho premi\u00e9ra dosazen \u010dlov\u011bk, kter\u00fd je rovn\u011b\u017e ve vleku \u0161v\u00e1bova Sv\u011btov\u00e9ho ekonomick\u00e9ho f\u00f3ra. Navzdory n\u00e1silnostem a dramatick\u00fdm ud\u00e1lostem se vlastn\u011b nic nezm\u011bnilo a to ani kosmeticky, proto\u017ee Sv\u011btov\u00e9 ekonomick\u00e9 f\u00f3rum dostalo, co cht\u011blo. P\u00e1d vl\u00e1dy umo\u017enil nasunout nov\u00e9ho k\u00e1dra, kter\u00fd \u2013 alespo\u0148 do chv\u00edle, ne\u017e bude prokouknut \u2013 bude \u0159\u00e1dit jako \u010dern\u00e1 ruka.<\/p>\n<p>Co by se stalo, kdyby padla Fialova vl\u00e1da? Jak by volby dopadly, m\u016f\u017eeme tu\u0161it (zvl\u00e1\u0161t\u011b, pokud by se volilo koresponden\u010dn\u011b). A jak by se vl\u00e1dlo do p\u0159ed\u010dasn\u00fdch voleb? \u00da\u0159ednick\u00fd kabinet, kter\u00fd je zpravidla v\u017edy je\u0161t\u011b hor\u0161\u00ed ne\u017e vl\u00e1da jak\u00e9koli strany \u010di koalice? M\u016f\u017eeme \u010dekat n\u011bco od Milo\u0161e Zemana, kter\u00fd se uk\u00e1zal jako H\u0148up\u016fv kamar\u00e1d? Nebo si snad mysl\u00edme, \u017ee by \u0161la SPD do vl\u00e1dy a v\u0161e by vy\u0159e\u0161ila? (A pro\u010d si mysl\u00edme, \u017ee by SPD n\u011bco svedla, kdy\u017e dosud nesvedla nic?) Nebo \u010dek\u00e1me zase z\u00e1zraky od n\u011bjak\u00e9 nov\u00e9 strany?\u00a0<strong>Proto opakovan\u011b tvrd\u00edm, \u017ee jen zm\u011bna syst\u00e9mu je k n\u011b\u010demu<\/strong>. Zm\u011bna vl\u00e1dy nic ne\u0159e\u0161\u00ed.<\/p>\n<p>Ne\u0159\u00edk\u00e1m, \u017ee protestovat proti vl\u00e1d\u011b je zbyte\u010dn\u00e9 ani \u017ee bychom nem\u011bli usilovat o p\u00e1d t\u00e9to skute\u010dn\u011b a doslova toxicky \u0161kodliv\u00e9 vl\u00e1dy. Ale jsou p\u0159ece jin\u00e9 metody, ne\u017e demonstrace, kdy\u017e jsme si nav\u00edc \u0159ekli, \u017ee demonstrace \u00fa\u010dinn\u00e9 nejsou v\u016fbec. Nap\u0159\u00edklad domluva opozice ve Sn\u011bmovn\u011b o vysloven\u00ed ned\u016fv\u011bry vl\u00e1d\u011b. Jenom\u017ee nem\u00e1me opozici, kter\u00e1 by byla skute\u010dnou opozic\u00ed. To by toti\u017e nesm\u011bli ve Sn\u011bmovn\u011b b\u00fdt v\u0161ichni velc\u00ed kamar\u00e1di, kde ruka ruku myje a kde, kdy\u017e kamery p\u0159estanou sn\u00edmat, se v\u0161ichni maj\u00ed r\u00e1di. Nesm\u011bly by existovat z\u00e1kulisn\u00ed dohody, o kter\u00fdch sice nev\u00edme, ale kv\u016fli kter\u00fdm je to v\u0161e, co se ve Sn\u011bmovn\u011b (a vlastn\u011b v politice) d\u011bje, jedno velk\u00e9 divadlo. Tak\u017ee ani tudy cesta nejsp\u00ed\u0161e nevede. Nem\u00e1me prost\u011b \u017e\u00e1dnou opozici, kter\u00e1 by m\u011bla koule.<\/p>\n<p>Hezkou ilustrac\u00ed je ned\u00e1vn\u00e1 historka z P\u0159\u00ed\u010dov. Snad se na mne nebudou zlobit ti, kte\u0159\u00ed v\u011b\u0159\u00ed, \u017ee Jirka Kobza je velk\u00fd vlastenec a jsou s n\u00edm p\u0159\u00e1tel\u00e9. Ale nemohu neokomentovat n\u011bco, k \u010demu v P\u0159\u00ed\u010dovech, nebo sp\u00ed\u0161e po nich, do\u0161lo, proto\u017ee to p\u0159esn\u011b ukazuje, v jak\u00e9 jsme brynd\u011b. Jirka Kobza m\u011bl v P\u0159\u00ed\u010dovech (spolu s J. Sk\u00e1lou) dokonce sv\u016fj vlastn\u00ed blok, ve kter\u00e9m nebyla nouze o siln\u00e1 prohl\u00e1\u0161en\u00ed a velk\u00e1 gesta. Ale sta\u010dilo m\u00e1lo, aby Jirka Kobza st\u00e1hnul ocas a k\u0148u\u010del jak spr\u00e1skan\u00fd pes. To kdy\u017e n\u00e1sledn\u011b\u00a0<a href=\"https:\/\/www.reflex.cz\/galerie\/reportaze\/148203\/sraz-bilych-heterosexualnich-strejcu-zamek-pricovy-hostil-4-rocnik-vlasteneckeho-setkani?foto=0\" target=\"_blank\" rel=\"noopener\"><em><strong>vy\u0161el v m\u00e9di\u00edch \u010dl\u00e1nek<\/strong><\/em><\/a>, kter\u00fd si bral P\u0159\u00ed\u010dovy na pa\u0161k\u00e1l a zve\u0159ejnil i r\u016fzn\u00e9 momentky, kter\u00e9 Reflex, kter\u00fd se na akci vet\u0159el, nafotil. A zat\u00edmco v P\u0159\u00ed\u010dovech Jirka Kobza ne\u0159e\u0161il, \u017ee vedle n\u011bho stoj\u00ed vlastenec v tri\u010dku s Putinem, kdy\u017e na to pouk\u00e1zala m\u00e9dia, za\u010dal si sypat popel na hlavu, distancovat se a je\u0161t\u011b nep\u011bkn\u011b \u00fato\u010dit a ur\u00e1\u017eet doty\u010dn\u00e9ho mu\u017ee. V reakci na \u010dl\u00e1nek Reflexu toti\u017e na sv\u00e9m facebooku vydal n\u00e1sleduj\u00edc\u00ed prohl\u00e1\u0161en\u00ed:<\/p>\n<p><em>\u201eNa sraz disident\u016f na zahradn\u00ed slavnost na z\u00e1me\u010dek v P\u0159\u00ed\u010dovech se sjeli vedle intelektu\u00e1l\u016f, spisovatel\u016f, filosof\u016f a politik\u016f i takov\u00ed, kter\u00e9 nikdo nezval a kte\u0159\u00ed m\u011bli hlavn\u00ed z\u00e1jem p\u0159imotat se v tri\u010dku s Putinem (kde ho asi nafasoval, prod\u00e1vat jsem je nikde nevid\u011bl) n\u011bkde pobl\u00ed\u017e mne, aby je mohl jejich spole\u010dn\u00edk vyfotografovat jako d\u016fkaz, \u017ee sraz propagoval Putina a podobn\u011b. V\u016fbec mu nevadilo, \u017ee se s n\u00edm nikdo nebavil a jeho vlezlost naopak budila rozporupln\u00e9 reakce (pod\u00edvejte se na v\u00fdraz t\u00e9 pan\u00ed vedle mne).\u00a0Op\u011bt jsem si vzpomn\u011bl na zahradn\u00ed slavnosti V\u00e1clava Havla na Hr\u00e1de\u010dku. Tam tehdej\u0161\u00ed StB takov\u00fdch p\u00e1n\u016f tak\u00e9 vysilala (sic!) cel\u00fd t\u00fdm. Reflex, ta hl\u00e1sn\u00e1 trouba progresivist\u016f a re\u017eimu samoz\u0159ejm\u011b u\u017e rozjel \u0161pin\u00edc\u00ed kampa\u0148. Co s t\u00edm m\u016f\u017eeme d\u011blat? No, dob\u0159e si toho p\u00e1na zapamatovat, proto\u017ee se jist\u011b zase objev\u00ed (t\u0159eba 3.9. v Praze) tak a\u0165 v\u00edme, s k\u00fdm m\u00e1me tu \u010dest!\u201c<\/em><\/p>\n<blockquote><p><img decoding=\"async\" loading=\"lazy\" class=\"alignnone size-full wp-image-13161 lazy-loaded\" src=\"https:\/\/narodnidemokracie.cz\/wp-content\/uploads\/2022\/08\/kobza.png\" sizes=\"(max-width: 680px) 100vw, 680px\" srcset=\"https:\/\/narodnidemokracie.cz\/wp-content\/uploads\/2022\/08\/kobza.png 680w, https:\/\/narodnidemokracie.cz\/wp-content\/uploads\/2022\/08\/kobza-300x287.png 300w, https:\/\/narodnidemokracie.cz\/wp-content\/uploads\/2022\/08\/kobza-665x636.png 665w, https:\/\/narodnidemokracie.cz\/wp-content\/uploads\/2022\/08\/kobza-272x260.png 272w\" alt=\"\" width=\"680\" height=\"650\" data-lazy-type=\"image\" data-src=\"https:\/\/narodnidemokracie.cz\/wp-content\/uploads\/2022\/08\/kobza.png\" data-srcset=\"\" \/><\/p><\/blockquote>\n<p>Pikantn\u00ed na tom je, \u017ee p\u00e1n v tri\u010dku nen\u00ed \u017e\u00e1dn\u00fd provokat\u00e9r, ale vlastenec, kter\u00e9ho dob\u0159e zn\u00e1m, dokonce t\u00e1ta jednoho m\u00e9ho dobr\u00e9ho kamar\u00e1da, kter\u00fd na akci tak\u00e9 byl. Jestli n\u011bkdo m\u00e1 v P\u0159\u00ed\u010dovech z principu b\u00fdt, pak pr\u00e1v\u011b takov\u00edto oby\u010dejn\u00ed lid\u00e9, vlastenecky zam\u011b\u0159en\u00ed ob\u010dan\u00e9, pro kter\u00e9 je akce ur\u010dena. To jsou toti\u017e ti skute\u010dn\u00ed disidenti, ne pan Kobza. Ten by se takov\u00fdm r\u00e1d vid\u011bl, ale vypad\u00e1 na disidenta? Ne\u017e \u0161el do politiky, byl kari\u00e9rn\u00edm diplomatem (a \u2013 samo sebou \u2013 \u010dlenem KS\u010c) a dnes je u\u017e druh\u00fdm volebn\u00edm obdob\u00edm poslancem, tak\u017ee \u010dlen establishmentu \u2013 jak\u00fd disident, proboha? Na koho si tu hraje? A kde bere tu drzost oby\u010dejn\u00e9ho vlastence, o jejich\u017e hlasy pro SPD na facebooku neust\u00e1le \u0161kemr\u00e1, ozna\u010dovat hanliv\u011b za \u201evlezl\u00e9ho\u201c, \u201enezvan\u00e9ho\u201c a sp\u0159\u00e1dat teorie o tom, \u017ee byl vysl\u00e1n na akci BISkou apod?<\/p>\n<p>Je\u0161t\u011b pikantn\u011bj\u0161\u00ed ale je, kdy\u017e Kobza p\u00ed\u0161e, \u017ee se s mu\u017eem v tri\u010dku \u201enikdo nebavil\u201c, proto\u017ee se s n\u00edm bavil dokonce Kobza s\u00e1m. Doslova k popuk\u00e1n\u00ed je pak Kobzova hl\u00e1\u0161ka \u2013 \u201epod\u00edvejte se na v\u00fdraz t\u00e9 pan\u00ed vedle mne\u201c \u2013 co\u017e m\u00e1 jako potvrzovat, \u017ee se s \u201evlezl\u00fdm\u201c vlastencem v Putinov\u011b tri\u010dku necht\u011bl bavit nejen Kobza, ale ani \u201eta pan\u00ed vedle\u201c. Ale v\u00edte co? \u201ePan\u00ed vedle\u201c je toti\u017e man\u017eelka \u201ep\u00e1na v tri\u010dku\u201c, taky ohromn\u00e1 vlastenkyn\u011b a logicky \u2013 mamka toho m\u00e9ho dobr\u00e9ho kamar\u00e1da. A ten byl u toho taky (jen nen\u00ed na fotce), tak\u017ee to v\u00edm z prvn\u00ed ruky \u2013 prost\u011b syn, m\u00e1ma a t\u00e1ta, v\u0161ichni vlastenci, v P\u0159\u00ed\u010dovech p\u0159i debat\u011b s Kobzou, kter\u00fd je ale n\u00e1sledn\u011b na soci\u00e1ln\u00edch s\u00edt\u00edch pozur\u00e1\u017e\u00ed a je\u0161t\u011b p\u0159itom ze sebe ud\u011bl\u00e1 hlup\u00e1ka.<\/p>\n<p>A tohle m\u00e1 b\u00fdt je\u0161t\u011b \u201eto lep\u0161\u00ed\u201c, co v SPD je? Tohle m\u00e1 b\u00fdt v\u00fdkv\u011bt SPD? No, pot\u011b\u0161 ko\u0161t\u011b. Pan Kobza by se m\u011bl rad\u011bji v\u011bnovat tomu, co mu jde evidentn\u011b l\u00e9pe, a to je prodej izraelsk\u00fdch ko\u0161\u00e9r v\u00edn. Proto\u017ee to, co p\u0159edvedl po P\u0159\u00ed\u010dovech, je p\u011bkn\u00fd trapas.<\/p>\n<p>Dokud budou ve Sn\u011bmovn\u011b m\u00edsta vlastenc\u016f zab\u00edrat podobn\u00ed kobzov\u00e9, jsou v\u0161echny demonstrace k ni\u010demu, proto\u017ee se nehneme z m\u00edsta. Demonstrace m\u00e1 toti\u017e (\u010dist\u011b teoreticky, prakticky, jak jsme si \u0159ekli, to nefunguje) urychlit procesy, dos\u00e1hnout p\u00e1du vl\u00e1dy a p\u0159ed\u010dasn\u00fdch voleb, ale kandiduj\u00ed-li pak v t\u011bchto p\u0159ed\u010dasn\u00fdch volb\u00e1ch za \u201evlasteneck\u00e9 strany\u201c st\u00e1le dokola jen takov\u00ed \u201evlastenci\u201c, kte\u0159\u00ed se poserou strachy kv\u016fli tri\u010dku s Putinem a za\u010dnou podle ur\u00e1\u017eet skute\u010dn\u00e9 vlastence, aby se \u201evyvinili\u201c, je ve\u0161ker\u00e1 up\u0159\u00edmn\u00e1 snaha n\u00e1s v\u0161ech marn\u00e1.<\/p>\n<p>Tak\u017ee co d\u00e1l? Osobn\u011b jsem dosp\u011bl k p\u0159esv\u011bd\u010den\u00ed, \u017ee volebn\u00ed proces je tak zmanipulovan\u00fd, \u017ee touto cestou se zm\u011bny nedos\u00e1hne. A u\u017e v\u016fbec se zm\u011bny nedos\u00e1hne demonstracemi. T\u0159et\u00edho z\u00e1\u0159\u00ed klidn\u011b p\u0159ij\u010fte, klidn\u011b si poslechn\u011bte Jirku Kobzu, jak bude zase plamen\u011b \u0159e\u010dnit o tom, \u017ee v\u00ed, koho by p\u0159ibil na dve\u0159e Strakovky, ale ob\u00e1v\u00e1m se, \u017ee to sta\u010dit nebude.<\/p>\n<p>Je\u0161t\u011b je toti\u017e brzo. Je\u0161t\u011b jsme nepadli na hubu \u00fapln\u011b\u2026<\/p>\n<p>p\u011bkn\u00fd nast\u00e1vaj\u00edc\u00ed t\u00fdden<\/p>\n<p><em>Adam B. Barto\u0161<\/em><br \/>\n<em>p\u0159edseda N\u00e1rodn\u00ed demokracie<\/em><\/p>\n<p>PS Dov\u011btek. A je to tu. Jak jsem psal v \u00favodu sv\u00e9ho ned\u011bln\u00edku, dne\u0161n\u00ed \u201ev\u00fdro\u010d\u00ed\u201c zp\u016fsobilo, \u017ee protiruskou propagandou zdivo\u010del\u00ed politici byli dnes je\u0161t\u011b v\u00edce bez sebe, ne\u017e tomu je b\u011b\u017en\u011b. P\u0159isp\u011bla k tomu i tragick\u00e1 ud\u00e1lost, kdy byl v noci na ned\u011bli sp\u00e1ch\u00e1n atent\u00e1t na A. G. Dugina, kter\u00fd ov\u0161em shodou okolnost\u00ed bohu\u017eel odnesla jeho dcera. Auto, kter\u00fdm m\u011bl Dugin cestovat, bylo vyhozeno do pov\u011bt\u0159\u00ed ve chv\u00edli, kdy jej \u0159\u00eddila Darja Duginov\u00e1. Na m\u00edst\u011b ihned zahynula. Dugin, kter\u00fd nakonec cestoval jin\u00fdm autem, byl p\u0159\u00edm\u00fdm sv\u011bdkem tohoto hr\u016fzn\u00e9ho \u010dinu. Ministryn\u011b obrany Jana \u010cernochov\u00e1 se uk\u00e1zala nejen jako blbka, jak ji v\u0161ichni zn\u00e1me, ale jako neskute\u010dn\u011b zl\u00fd a odporn\u00fd \u010dlov\u011bk, kter\u00fd se raduje z lidsk\u00e9ho ne\u0161t\u011bst\u00ed,\u00a0<a href=\"https:\/\/www.parlamentnilisty.cz\/arena\/monitor\/Neni-mi-lito-ani-dcery-ani-truchliciho-otce-sokovala-Cernochova-A-uz-to-jede-Ostra-slova-a-paragrafy-711913?fbclid=IwAR18NBJrg2k9y4DtXq1WPuB7-EuZibd-rwqCzdZPTj1cFp6BrlCF--g8Kio\" target=\"_blank\" rel=\"noopener\"><em><strong>kdy\u017e nad t\u00edmto hr\u016fzn\u00fdm \u010dinem zaj\u00e1sala<\/strong><\/em><\/a>. N\u00e1rodn\u00ed demokracie se domn\u00edv\u00e1, \u017ee t\u00edm naplnila skutkovou podstatu hned n\u011bkolika trestn\u00fdch \u010din\u016f, nap\u0159\u00edklad schvalov\u00e1n\u00ed sp\u00e1chan\u00e9ho zlo\u010dinu, nebo sp\u00ed\u0161e \u2013 v tomto p\u0159\u00edpad\u011b \u2013 podpory a propagace terorismu, pro\u010de\u017e by m\u011bla b\u00fdt st\u00edh\u00e1na a odvol\u00e1na ze sv\u00e9 funkce. Samoz\u0159ejm\u011b, \u017ee ve sv\u00e9m nen\u00e1vistn\u00e9m koment\u00e1\u0159i spojila tragickou ud\u00e1lost kolem Dugina s 21. srpnem, \u0159ka, \u017ee na tento 21. srpen Rusov\u00e9 nezapomenou. To je tak\u00e9 dost zvl\u00e1\u0161tn\u00ed v\u011bta, kter\u00e1 vzbuzuje r\u016fzn\u00e9 otazn\u00edky. Myslel jsem, \u017ee to bude Mark\u00e9ta, kter\u00e1 se dnes zase n\u011bjak vyznamen\u00e1 (po t\u011bch \u201esvetrech\u201c), ale \u017ee \u010cernochov\u00e1 bude takto uboh\u00e1, nad t\u00edm z\u016fst\u00e1v\u00e1 rozum st\u00e1t. Z\u0159ejm\u011b to bude t\u00edm, \u017ee nem\u00e1 d\u011bti. Tohle je sam\u00e9 dno pravdol\u00e1sky\u2026 Humanit\u00e1rn\u00ed bombardov\u00e1n\u00ed a schvalov\u00e1n\u00ed atent\u00e1t\u016f. Hlavn\u011b slu\u0161n\u011b\u2026<\/p>\n<\/div>\n<p><img decoding=\"async\" loading=\"lazy\" class=\"alignnone size-full wp-image-678\" src=\"http:\/\/www.infokuryr.cz\/n\/wp-content\/uploads\/2021\/04\/narodni_demokracie_logo.jpg\" alt=\"\" width=\"300\" height=\"85\" \/><\/p>\n<p>&nbsp;<\/p>\n<p>&nbsp;<\/p>\n","protected":false},"excerpt":{"rendered":"<p>\u201eV\u016eBEC MU NEVADILO, \u017dE SE S N\u00cdM NIKDO NEBAVIL. JEHO VLEZLOST NAOPAK BUDILA ROZPORUPLN\u00c9 REAKCE&#8230;.<\/p>\n","protected":false},"author":2,"featured_media":679,"comment_status":"closed","ping_status":"closed","sticky":false,"template":"","format":"standard","meta":[],"categories":[6],"tags":[367,3121,29,85,176],"_links":{"self":[{"href":"https:\/\/www.infokuryr.cz\/n\/wp-json\/wp\/v2\/posts\/13960"}],"collection":[{"href":"https:\/\/www.infokuryr.cz\/n\/wp-json\/wp\/v2\/posts"}],"about":[{"href":"https:\/\/www.infokuryr.cz\/n\/wp-json\/wp\/v2\/types\/post"}],"author":[{"embeddable":true,"href":"https:\/\/www.infokuryr.cz\/n\/wp-json\/wp\/v2\/users\/2"}],"replies":[{"embeddable":true,"href":"https:\/\/www.infokuryr.cz\/n\/wp-json\/wp\/v2\/comments?post=13960"}],"version-history":[{"count":0,"href":"https:\/\/www.infokuryr.cz\/n\/wp-json\/wp\/v2\/posts\/13960\/revisions"}],"wp:featuredmedia":[{"embeddable":true,"href":"https:\/\/www.infokuryr.cz\/n\/wp-json\/wp\/v2\/media\/679"}],"wp:attachment":[{"href":"https:\/\/www.infokuryr.cz\/n\/wp-json\/wp\/v2\/media?parent=13960"}],"wp:term":[{"taxonomy":"category","embeddable":true,"href":"https:\/\/www.infokuryr.cz\/n\/wp-json\/wp\/v2\/categories?post=13960"},{"taxonomy":"post_tag","embeddable":true,"href":"https:\/\/www.infokuryr.cz\/n\/wp-json\/wp\/v2\/tags?post=13960"}],"curies":[{"name":"wp","href":"https:\/\/api.w.org\/{rel}","templated":true}]}}