{"id":13956,"date":"2022-08-22T01:42:13","date_gmt":"2022-08-21T23:42:13","guid":{"rendered":"http:\/\/www.infokuryr.cz\/n\/?p=13956"},"modified":"2022-08-22T03:44:54","modified_gmt":"2022-08-22T01:44:54","slug":"italie-cernoch-se-na-ulici-pokusil-znasilnit-ukrajinku-utok-se-podarilo-natocit","status":"publish","type":"post","link":"https:\/\/www.infokuryr.cz\/n\/2022\/08\/22\/italie-cernoch-se-na-ulici-pokusil-znasilnit-ukrajinku-utok-se-podarilo-natocit\/","title":{"rendered":"It\u00e1lie: \u010cernoch se na ulici pokusil zn\u00e1silnit Ukrajinku, \u00fatok se poda\u0159ilo nato\u010dit"},"content":{"rendered":"<div id=\"fb-root\"><\/div>\n<p>Vzpom\u00edn\u00e1te si na to, jak n\u011bkter\u00e9 Ukrajinky prohl\u00e1sily, \u017ee do \u0160v\u00e9dska odm\u00edtaj\u00ed odej\u00edt, proto\u017ee to tam je pro n\u011b nebezpe\u010dn\u011bj\u0161\u00ed ne\u017e doma ve v\u00e1lce? Z\u0159ejm\u011b se i k nim doneslo, \u017ee jde o nejnebezpe\u010dn\u011bj\u0161\u00ed zemi pro \u017eeny v Evrop\u011b. Jen\u017ee to z\u0159ejm\u011b netu\u0161ily, \u017ee jin\u00e9 zem\u011b \u0160v\u00e9dsku zdatn\u011b \u0161lapou na paty.<\/p>\n<p>K t\u011bmto zem\u00edm pat\u0159\u00ed tak\u00e9 It\u00e1lie, kter\u00e1 je sice pro mnoh\u00e9 invazisty pouze tranzitn\u00ed zem\u00ed, ale i tak se j\u00ed dost\u00e1v\u00e1 stejn\u011b obohacen\u00ed jako t\u0159eba Francii, N\u011bmecku nebo ji\u017e zm\u00edn\u011bn\u00e9mu \u0160v\u00e9dsku. To dnes nad r\u00e1nem poznala i jist\u00e1 Ukrajinka, kter\u00e1 m\u011bla \u0161t\u011bst\u00ed, \u017ee si incidentu, kdy byla na ulici napadena africk\u00fdm ileg\u00e1lem, v\u0161imli i sv\u011bdci, kter\u00fdm se poda\u0159ilo v\u010das zavolat policii a chl\u00edpn\u00e9ho \u010dernocha\u00a0 od \u017eeny odehnat d\u0159\u00edv, ne\u017e zn\u00e1siln\u011bn\u00ed dokonal\u2026<\/p>\n<p><a href=\"https:\/\/voxnews.info\/2022\/08\/21\/ucraina-violentata-in-strada-da-africano-richiedente-asilo-a-piacenza-video-choc\/\">It\u00e1lie<\/a> okupovan\u00e1 Afro-muslimy je mnohem nebezpe\u010dn\u011bj\u0161\u00ed ne\u017e Ukrajina ve v\u00e1lce s Ruskem.<\/p>\n<p>N\u00e1sil\u00ed vid\u011bly des\u00edtky sv\u011bdk\u016f, kte\u0159\u00ed zd\u011b\u0161en\u00ed zavolali policii.\u00a0Stalo se to dnes r\u00e1no v Piacenze.\u00a0Odpov\u011bdnou osobou je guinejsk\u00fd \u017eadatel o azyl, okam\u017eit\u011b zat\u010den\u00fd polici\u00ed.<\/p>\n<p>Sedmadvacetilet\u00fd Afri\u010dan se za \u00fasvitu pokusil zn\u00e1silnit Ukrajinku:<\/p>\n<p>Incident se odehr\u00e1l p\u0159ed nev\u011b\u0159\u00edcn\u00fdm zrakem obyvatel, kte\u0159\u00ed zavolali policii pot\u00e9, co vid\u011bli, jak mlad\u00fd Afri\u010dan hodil \u017eenu na zem a za\u010dal ji svl\u00e9kat.\u00a0Cizinec byl po zadr\u017een\u00ed p\u0159evezen na policejn\u00ed slu\u017eebnu, kde ho vy\u0161et\u0159ovatel\u00e9 vyslechli, a pozd\u011bji ho poslali do v\u011bzen\u00ed.\u00a055let\u00e1 ob\u011b\u0165 pokusu o zn\u00e1siln\u011bn\u00ed byla v \u0161oku hospitalizov\u00e1na.<\/p>\n<p>Podobn\u00e9 z\u00e1b\u011bry mus\u00ed b\u00fdt zve\u0159ej\u0148ov\u00e1ny, nebo\u0165 jasn\u011b ukazuj\u00ed, co m\u00e1 na sv\u00fdch bedrech politika EU a strany, kter\u00e9 ji praktikuj\u00ed. A na z\u00e1v\u011br op\u011bt p\u0159ipom\u00edn\u00e1m, \u017ee tento m\u011bs\u00edc EU p\u0159erozd\u011bluje\u00a0<a href=\"https:\/\/necenzurovanapravda.cz\/2022\/08\/tento-mesic-ma-byt-prerozdeleno-8000-africanu-z-italie-do-dalsich-zemi-eu\/\">8000 podobn\u00fdch<\/a>\u00a0\u201ed\u00e1re\u010dk\u016f\u201c z It\u00e1lie do dal\u0161\u00edch zem\u00ed EU. Nepochybuji, \u017ee i na\u0161e vl\u00e1da si o n\u011bjak\u00fd ten kousek za\u017e\u00e1dala, aby si \u0161plhla u bruselsk\u00fdch papal\u00e1\u0161\u016f\u2026<\/p>\n<p><a href=\"https:\/\/necenzurovanapravda.cz\/2022\/08\/italie-cernoch-se-na-ulici-pokusil-znasilnit-ukrajinku-utok-se-podarilo-natocit-video\/\">Slovanka<\/a><\/p>\n<p>&nbsp;<\/p>\n","protected":false},"excerpt":{"rendered":"<p>Vzpom\u00edn\u00e1te si na to, jak n\u011bkter\u00e9 Ukrajinky prohl\u00e1sily, \u017ee do \u0160v\u00e9dska odm\u00edtaj\u00ed odej\u00edt, proto\u017ee to&#8230;<\/p>\n","protected":false},"author":2,"featured_media":13957,"comment_status":"closed","ping_status":"closed","sticky":false,"template":"","format":"standard","meta":[],"categories":[7],"tags":[3120,191,366],"_links":{"self":[{"href":"https:\/\/www.infokuryr.cz\/n\/wp-json\/wp\/v2\/posts\/13956"}],"collection":[{"href":"https:\/\/www.infokuryr.cz\/n\/wp-json\/wp\/v2\/posts"}],"about":[{"href":"https:\/\/www.infokuryr.cz\/n\/wp-json\/wp\/v2\/types\/post"}],"author":[{"embeddable":true,"href":"https:\/\/www.infokuryr.cz\/n\/wp-json\/wp\/v2\/users\/2"}],"replies":[{"embeddable":true,"href":"https:\/\/www.infokuryr.cz\/n\/wp-json\/wp\/v2\/comments?post=13956"}],"version-history":[{"count":0,"href":"https:\/\/www.infokuryr.cz\/n\/wp-json\/wp\/v2\/posts\/13956\/revisions"}],"wp:featuredmedia":[{"embeddable":true,"href":"https:\/\/www.infokuryr.cz\/n\/wp-json\/wp\/v2\/media\/13957"}],"wp:attachment":[{"href":"https:\/\/www.infokuryr.cz\/n\/wp-json\/wp\/v2\/media?parent=13956"}],"wp:term":[{"taxonomy":"category","embeddable":true,"href":"https:\/\/www.infokuryr.cz\/n\/wp-json\/wp\/v2\/categories?post=13956"},{"taxonomy":"post_tag","embeddable":true,"href":"https:\/\/www.infokuryr.cz\/n\/wp-json\/wp\/v2\/tags?post=13956"}],"curies":[{"name":"wp","href":"https:\/\/api.w.org\/{rel}","templated":true}]}}