{"id":13954,"date":"2022-08-22T01:39:11","date_gmt":"2022-08-21T23:39:11","guid":{"rendered":"http:\/\/www.infokuryr.cz\/n\/?p=13954"},"modified":"2022-08-22T03:40:49","modified_gmt":"2022-08-22T01:40:49","slug":"indie-muslimsky-otec-setnul-hlavu-sve-dceri-za-to-ze-odmitla-dohodnuty-snatek","status":"publish","type":"post","link":"https:\/\/www.infokuryr.cz\/n\/2022\/08\/22\/indie-muslimsky-otec-setnul-hlavu-sve-dceri-za-to-ze-odmitla-dohodnuty-snatek\/","title":{"rendered":"Indie: Muslimsk\u00fd otec setnul hlavu sv\u00e9 dce\u0159i za to, \u017ee odm\u00edtla dohodnut\u00fd s\u0148atek"},"content":{"rendered":"<div id=\"fb-root\"><\/div>\n<p>Pokud by se stejn\u00fd p\u0159\u00edpad p\u0159ihodil v sousedn\u00edm P\u00e1kist\u00e1nu, je jist\u00e9, \u017ee otec by za sv\u016fj zlo\u010din nebyl potrest\u00e1n, p\u0159\u00edpadn\u011b by ho \u010dekal jen velmi symbolick\u00fd trest (podm\u00ednka). Podle pr\u00e1va \u0161ar\u00eda toti\u017e otec u\u010dinil to, co jako spr\u00e1vn\u00fd muslim sv\u00e9 neposlu\u0161n\u00e9 dce\u0159i u\u010dinit m\u011bl. Ov\u0161em tato \u201ekultura,\u201c kterou Evropu dnes a denn\u011b hodl\u00e1 obla\u017eovat tak\u00e9 EU, se z isl\u00e1msk\u00fdch zem\u00ed za\u010d\u00edn\u00e1 \u0161\u00ed\u0159it i do t\u011bch islamizovan\u00fdch, v\u010detn\u011b Indie.<\/p>\n<p>Ostatn\u011b, n\u011bco podobn\u00e9ho ji\u017e bylo mo\u017en\u00e9 vid\u011bt v mnoha evropsk\u00fdch zem\u00edch, mnohdy opakovan\u011b. Dekapitace je toti\u017e obl\u00edben\u00fdm trestem za rouh\u00e1n\u00ed \u2013 a\u0165 u\u017e ve vztahu k nemuslim\u016fm nebo k neposlu\u0161n\u00fdm muslimk\u00e1m\u2026<\/p>\n<p><a href=\"https:\/\/www.opindia.com\/2022\/08\/up-headless-body-meerut-identified-shahid-qureshi-arrested-for-killing-own-daughter\/\">Bezhlav\u00e9 t\u011blo<\/a>, kter\u00e9 bylo ned\u00e1vno nalezen\u00e9 v Meerutu, bylo identifikov\u00e1no. Shahid Qureshi byl zat\u010den za zabit\u00ed vlastn\u00ed dcery a odhozen\u00ed jej\u00ed hlavy na nezn\u00e1m\u00e9 m\u00edsto.<\/p>\n<p>N\u011bkolik dn\u00ed pot\u00e9, co bylo v oblasti Lakkhipura v Meerutu nalezeno bezhlav\u00e9 mrtv\u00e9 t\u011blo mlad\u00e9 \u017eeny, uttarprad\u00e9\u0161sk\u00e1 policie zatkla 50let\u00e9ho mu\u017ee jm\u00e9nem Shahid Qureshi. Obvin\u011bn\u00fd je otcem \u017eeny, jej\u00ed\u017e t\u011blo bylo nalezeno 12. srpna.<\/p>\n<p>Ob\u011b\u0165 byla identifikov\u00e1na jako mlad\u00e1 \u017eena jm\u00e9nem Shaina, dcera jist\u00e9ho Shahida Qureshiho. Qureshi cht\u011bl, aby se jeho dcera\u00a0<a href=\"https:\/\/twitter.com\/ArvindcTOI\/status\/1559865090676891648?s=20&amp;t=mUUgrrK8G5sROXAJ7m3TjA\" target=\"_blank\" rel=\"noreferrer noopener\">vdala<\/a>\u00a0za mu\u017ee, kter\u00e9ho j\u00ed on s\u00e1m vybral. N\u00e1vrh v\u0161ak nebyl pro Shainu p\u0159ijateln\u00fd. D\u016frazn\u011b se postavila proti n\u00e1vrhu, ale jej\u00ed otec se pot\u00e9 rozzu\u0159il a svou dceru pod\u0159ezal. Odd\u011blil j\u00ed hlavu a zabalil spodn\u00ed \u010d\u00e1st t\u011bla do prost\u011bradla. Policie v Meerutu st\u00e1le hled\u00e1 \u017eeninu hlavu\u2026<\/p>\n<p><a href=\"https:\/\/necenzurovanapravda.cz\/2022\/08\/indie-muslimsky-otec-setnul-hlavu-sve-dceri-za-to-ze-odmitla-dohodnuty-snatek\/\">Slovanka<\/a><\/p>\n<p>&nbsp;<\/p>\n","protected":false},"excerpt":{"rendered":"<p>Pokud by se stejn\u00fd p\u0159\u00edpad p\u0159ihodil v sousedn\u00edm P\u00e1kist\u00e1nu, je jist\u00e9, \u017ee otec by za&#8230;<\/p>\n","protected":false},"author":2,"featured_media":13955,"comment_status":"closed","ping_status":"closed","sticky":false,"template":"","format":"standard","meta":[],"categories":[7],"tags":[79,91,840,993],"_links":{"self":[{"href":"https:\/\/www.infokuryr.cz\/n\/wp-json\/wp\/v2\/posts\/13954"}],"collection":[{"href":"https:\/\/www.infokuryr.cz\/n\/wp-json\/wp\/v2\/posts"}],"about":[{"href":"https:\/\/www.infokuryr.cz\/n\/wp-json\/wp\/v2\/types\/post"}],"author":[{"embeddable":true,"href":"https:\/\/www.infokuryr.cz\/n\/wp-json\/wp\/v2\/users\/2"}],"replies":[{"embeddable":true,"href":"https:\/\/www.infokuryr.cz\/n\/wp-json\/wp\/v2\/comments?post=13954"}],"version-history":[{"count":0,"href":"https:\/\/www.infokuryr.cz\/n\/wp-json\/wp\/v2\/posts\/13954\/revisions"}],"wp:featuredmedia":[{"embeddable":true,"href":"https:\/\/www.infokuryr.cz\/n\/wp-json\/wp\/v2\/media\/13955"}],"wp:attachment":[{"href":"https:\/\/www.infokuryr.cz\/n\/wp-json\/wp\/v2\/media?parent=13954"}],"wp:term":[{"taxonomy":"category","embeddable":true,"href":"https:\/\/www.infokuryr.cz\/n\/wp-json\/wp\/v2\/categories?post=13954"},{"taxonomy":"post_tag","embeddable":true,"href":"https:\/\/www.infokuryr.cz\/n\/wp-json\/wp\/v2\/tags?post=13954"}],"curies":[{"name":"wp","href":"https:\/\/api.w.org\/{rel}","templated":true}]}}