{"id":13950,"date":"2022-08-22T03:29:46","date_gmt":"2022-08-22T01:29:46","guid":{"rendered":"http:\/\/www.infokuryr.cz\/n\/?p=13950"},"modified":"2022-08-22T03:29:46","modified_gmt":"2022-08-22T01:29:46","slug":"atentat-na-putinova-spiritualistu-alexandera-dugina-se-nezdaril-a-nastrazena-bomba-v-aute-zabila-jeho-dceru","status":"publish","type":"post","link":"https:\/\/www.infokuryr.cz\/n\/2022\/08\/22\/atentat-na-putinova-spiritualistu-alexandera-dugina-se-nezdaril-a-nastrazena-bomba-v-aute-zabila-jeho-dceru\/","title":{"rendered":"Atent\u00e1t na Putinova spiritualistu Alexandera Dugina se nezda\u0159il a nastra\u017een\u00e1 bomba v aut\u011b zabila jeho dceru"},"content":{"rendered":"<div id=\"fb-root\"><\/div>\n<h4>Atent\u00e1t na Putinova spiritualistu Alexandera Dugina se nezda\u0159il a nastra\u017een\u00e1 bomba v aut\u011b zabila jeho dceru, kter\u00e9 p\u016fj\u010dil sv\u00e9 auto po skon\u010den\u00ed p\u0159edn\u00e1\u0161ky! \u010cesk\u00e1 ministryn\u011b obrany ji\u017e stihla jej\u00ed smrt p\u0159iv\u00edtat! Dugin je \u00fadajn\u011b t\u00edm mu\u017eem, kter\u00fd p\u0159esv\u011bd\u010dil Vladimira Putina k invazi na Ukrajinu a t\u00edm se stal po Putinovi ter\u010dem \u010d. 2 pro ukrajinskou tajnou slu\u017ebu! Ale i tu \u010deskou? Agentura IAEA uve\u0159ejnila \u0161okuj\u00edc\u00ed informac\u00ed, \u017ee Ukrajina v Z\u00e1poro\u017esk\u00e9 jadern\u00e9 elektr\u00e1rn\u011b skladuje vyho\u0159el\u00e9 palivo pod \u0161ir\u00fdm nebem! \u0160pinav\u00e1 bomba jako na tal\u00ed\u0159i?<\/h4>\n<p>Ukrajinsk\u00e1 tajn\u00e1 slu\u017eba se podle zdroj\u016f rusk\u00fdch m\u00e9di\u00ed pokusila v sobotu ve\u010der nedaleko Moskvy o atent\u00e1t na spiritu\u00e1ln\u00edho v\u016fdce Kremlu a politick\u00e9ho analytika Alexandera Dugina. Jeho auto Toyota Land Cruiser vylet\u011blo do pov\u011bt\u0159\u00ed nedaleko vesnice\u00a0<em>Bol\u0161ije Vya\u017eemy<\/em>\u00a0v Moskevsk\u00e9 oblasti p\u0159ibli\u017en\u011b 20 km z\u00e1padn\u011b od Moskvy. V \u010dase 21:35 do\u0161lo k mohutn\u00e9 explozi a podle rusk\u00fdch zdroj\u016f byla trhavina vojensk\u00e9ho p\u016fvodu, a to vzhledem k po\u0161kozen\u00ed vozu. Alexander Dugin je v\u0161ak na\u017eivu, proto\u017ee v aut\u011b nebyl.<\/p>\n<p><strong>Jedinou ob\u011bt\u00ed je jeho 30-let\u00e1 dcera Darja Dugina (Platonova) [<a href=\"https:\/\/href.li\/?https:\/\/www.rt.com\/russia\/561249-dugin-assasination-bomb-details\/\" target=\"_blank\" rel=\"nofollow noopener\">1<\/a>], kter\u00e1 jako jedin\u00e1 auto \u0159\u00eddila pot\u00e9, co jej\u00ed otec po sko\u010den\u00ed p\u0159edn\u00e1\u0161ky v Moskv\u011b j\u00ed auto p\u016fj\u010dil a nam\u00edsto p\u016fvodn\u00edho pl\u00e1nu, \u017ee pojedou spole\u010dn\u011b dom\u016f, se rozhodl jet s kolegou ve druh\u00e9m aut\u011b na ve\u010d\u00edrek do Moskvy.<\/strong>\u00a0Darja a jej\u00ed otec ale \u010d\u00e1st cesty jeli z p\u0159edn\u00e1\u0161ky v autech za sebou, Dugin m\u011bl potom pokra\u010dovat v aut\u011b s kolegou na ve\u010d\u00edrek do Moskvy a Darja m\u011bla odbo\u010dovat ze silnice dom\u016f. Podle Komsomolsk\u00e9 pravdy jezdil Dugin s dcerou na p\u0159edn\u00e1\u0161ky pravideln\u011b spolu a rovn\u011b\u017e spolu i obvykle odj\u00ed\u017ed\u011bli. N\u011bkdy se ale st\u00e1valo, \u017ee po p\u0159edn\u00e1\u0161ce Dugin dostal pozv\u00e1n\u00ed na ve\u010d\u00edrek a jeho dcera odjela dom\u016f sama. P\u0159esn\u011b k tomu do\u0161lo v sobotu.<\/p>\n<figure id=\"attachment_52873\" class=\"wp-caption aligncenter\" style=\"width: 684px;\"><a href=\"https:\/\/aeronet.news\/wp-content\/uploads\/Darja-Dugina-CarWreck.jpg\"><img decoding=\"async\" loading=\"lazy\" class=\"wp-image-52873 \" src=\"https:\/\/aeronet.news\/wp-content\/uploads\/Darja-Dugina-CarWreck-1024x576.jpg\" sizes=\"(max-width: 700px) 100vw, 700px\" srcset=\"https:\/\/aeronet.news\/wp-content\/uploads\/Darja-Dugina-CarWreck-1024x576.jpg 1024w, https:\/\/aeronet.news\/wp-content\/uploads\/Darja-Dugina-CarWreck-300x169.jpg 300w, https:\/\/aeronet.news\/wp-content\/uploads\/Darja-Dugina-CarWreck-768x432.jpg 768w, https:\/\/aeronet.news\/wp-content\/uploads\/Darja-Dugina-CarWreck-700x394.jpg 700w, https:\/\/aeronet.news\/wp-content\/uploads\/Darja-Dugina-CarWreck-635x357.jpg 635w, https:\/\/aeronet.news\/wp-content\/uploads\/Darja-Dugina-CarWreck-859x483.jpg 859w, https:\/\/aeronet.news\/wp-content\/uploads\/Darja-Dugina-CarWreck.jpg 1200w\" alt=\"\" width=\"684\" height=\"385\" \/><\/a><figcaption class=\"wp-caption-text\">Darja Dugina, vpravo uha\u0161en\u00fd vrak jej\u00edho auta<\/figcaption><\/figure>\n<p>Podle rusk\u00fdch m\u00e9di\u00ed byl s naprostou jistotou ter\u010dem atent\u00e1tu samotn\u00fd Dugin, kter\u00e9ho\u00a0<strong>ukrajinsk\u00e9 \u00fa\u0159ady pova\u017euj\u00ed za tzv. hlavn\u00edho spiritualistu a influencera Vladmira Putina, kter\u00fd ho m\u011bl pr\u00fd p\u0159esv\u011bd\u010dit k proveden\u00ed invaze.<\/strong>\u00a0Kyjev ozna\u010duje Dugina za Putinova osobn\u00edho Rasputina, kter\u00fd mu rad\u00ed v o\u017eehav\u00fdch politick\u00fdch rozhodnut\u00edch. Samotn\u00fd Dugin je hluboce v\u011b\u0159\u00edc\u00ed pravoslavn\u00fd k\u0159es\u0165an. Tento zn\u00e1m\u00fd protiz\u00e1padn\u00ed spisovatel a rusk\u00fd politick\u00fd koment\u00e1tor byl \u00fadajn\u011b hospitalizov\u00e1n s nervov\u00fdm zhroucen\u00edm pot\u00e9, co nav\u0161t\u00edvil m\u00edsto, kde v sobotu ve\u010der do\u0161lo k v\u00fdbuchu bomby v aut\u011b, p\u0159i n\u011bm\u017e zahynula jeho dcera Darja Dugina. O jeho hospitalizaci informoval na soci\u00e1ln\u00edch s\u00edt\u00edch jeho kolega Sergej Markov.<\/p>\n<h6><span style=\"font-size: 18pt;\">\u010cesk\u00e1 ministryn\u011b schvaluje smrt Duginovy dcery, \u010d\u00edm\u017e se dopustila trestn\u00e9ho \u010dinu podpory terorismu! Stoj\u00ed za atent\u00e1tem nakonec \u010desk\u00e9 tajn\u00e9 slu\u017eby? Pro\u0159ekla se \u010cernochov\u00e1?<\/span><\/h6>\n<p>Naprost\u00fd odpor a zhnusen\u00ed mus\u00ed na\u0161e redakce vyj\u00e1d\u0159it nad statusem \u010desk\u00e9 ministryn\u011b obrany Jany \u010cernochov\u00e9 na Twitteru, kter\u00e1 smrt Darji Duginov\u00e9 de facto uv\u00edtala se slovy, \u017ee jej\u00ed smrti j\u00ed nen\u00ed l\u00edto, proto\u017ee jej\u00ed propaganda pr\u00fd v d\u016fsledku zabila tis\u00edce lid\u00ed.\u00a0<strong>Podle n\u00e1zoru pr\u00e1vn\u00edka se ministryn\u011b obrany dopustila trestn\u00e9ho \u010dinu schvalov\u00e1n\u00ed, zleh\u010dov\u00e1n\u00ed \u010di omlouv\u00e1n\u00ed teroristick\u00e9ho \u010dinu veden\u00e9ho proti rusk\u00e9 novin\u00e1\u0159ce.<\/strong><\/p>\n<p>Ministryn\u011b ozna\u010dila zavra\u017ed\u011bnou dceru a i jej\u00edho \u017eij\u00edc\u00edho otce za vrahy a v\u00e1le\u010dn\u00e9 \u0161tv\u00e1\u010de. Ministryn\u011b obrany tak nepokryt\u011b schvaluje terorismus a je\u0161t\u011b dokonce\u00a0<strong>nazna\u010duje, \u017ee tento 21. srpen 2022 si budou Rusov\u00e9 pamatovat, \u010d\u00edm\u017e se mo\u017en\u00e1 pro\u0159ekla.<\/strong>\u00a0Na\u0161e redakce m\u00e1 odte\u010f teorii, \u017ee bombov\u00fd \u00fatok na Darju Duginu mohla prov\u00e9st \u010desk\u00e1 rozv\u011bdka jako odvetu za 21. srpen 1968. Nen\u00ed to vylou\u010den\u00e9, \u017ee jde o hur\u00e1 akci \u010desk\u00e9 rozv\u011bdky a \u010cernochov\u00e1 se pouze pro\u0159ekla.<\/p>\n<div class=\"twitter-tweet twitter-tweet-rendered\"><iframe id=\"twitter-widget-0\" class=\"\" title=\"Twitter Tweet\" src=\"https:\/\/platform.twitter.com\/embed\/Tweet.html?dnt=true&amp;embedId=twitter-widget-0&amp;features=eyJ0ZndfdGltZWxpbmVfbGlzdCI6eyJidWNrZXQiOlsibGlua3RyLmVlIiwidHIuZWUiXSwidmVyc2lvbiI6bnVsbH0sInRmd19ob3Jpem9uX3RpbWVsaW5lXzEyMDM0Ijp7ImJ1Y2tldCI6InRyZWF0bWVudCIsInZlcnNpb24iOm51bGx9LCJ0ZndfdHdlZXRfZWRpdF9iYWNrZW5kIjp7ImJ1Y2tldCI6Im9uIiwidmVyc2lvbiI6bnVsbH0sInRmd19yZWZzcmNfc2Vzc2lvbiI6eyJidWNrZXQiOiJvbiIsInZlcnNpb24iOm51bGx9LCJ0ZndfdHdlZXRfcmVzdWx0X21pZ3JhdGlvbl8xMzk3OSI6eyJidWNrZXQiOiJ0d2VldF9yZXN1bHQiLCJ2ZXJzaW9uIjpudWxsfSwidGZ3X3NlbnNpdGl2ZV9tZWRpYV9pbnRlcnN0aXRpYWxfMTM5NjMiOnsiYnVja2V0IjoiaW50ZXJzdGl0aWFsIiwidmVyc2lvbiI6bnVsbH0sInRmd19leHBlcmltZW50c19jb29raWVfZXhwaXJhdGlvbiI6eyJidWNrZXQiOjEyMDk2MDAsInZlcnNpb24iOm51bGx9LCJ0ZndfZHVwbGljYXRlX3NjcmliZXNfdG9fc2V0dGluZ3MiOnsiYnVja2V0Ijoib2ZmIiwidmVyc2lvbiI6bnVsbH0sInRmd190d2VldF9lZGl0X2Zyb250ZW5kIjp7ImJ1Y2tldCI6Im9mZiIsInZlcnNpb24iOm51bGx9fQ%3D%3D&amp;frame=false&amp;hideCard=false&amp;hideThread=false&amp;id=1561248388494024704&amp;lang=cs&amp;origin=https%3A%2F%2Faeronet.news%2Fatentat-na-putinova-spiritualistu-alexandera-dugina-se-nezdaril-a-nastrazena-bomba-v-aute-zabila-jeho-dceru-ktere-pujcil-sve-auto-po-skonceni-prednasky-ceska-ministryne-obrany-jiz-stihla-jeji-smrt%2F&amp;sessionId=a043f7153ec66eec4c7fbed4589fd4e88b9bdd48&amp;theme=light&amp;widgetsVersion=31f0cdc1eaa0f%3A1660602114609&amp;width=550px\" frameborder=\"0\" scrolling=\"no\" allowfullscreen=\"allowfullscreen\" data-tweet-id=\"1561248388494024704\" data-mce-fragment=\"1\"><\/iframe><\/div>\n<p>&nbsp;<\/p>\n<p>\u201c<em><strong>Dne\u0161n\u00ed noc na 21. 8. si v Rusku zapamatuj\u00ed<\/strong><\/em>,\u201d prohl\u00e1sila v tweetu \u010desk\u00e1 ministryn\u011b. Tohle mohlo b\u00fdt jenom pl\u00e1cnut\u00ed do vody, ale mohlo to b\u00fdt i Freudovsk\u00e9 pro\u0159eknut\u00ed, kdy provalila informaci o operaci \u010desk\u00e9 rozv\u011bdky s c\u00edlem prov\u00e9st proti Rusku v p\u0159edve\u010der v\u00fdro\u010d\u00ed 21. srpna 1968 n\u011bjakou akci proti Kremlu. Nen\u00ed to vylou\u010den\u00e9. Situaci jsme v ned\u011bli vyhodnocovali a \u010dasov\u011b to d\u00e1v\u00e1 smysl. Akce se podle v\u0161eho nepovedla, ob\u011bt\u00ed se stala dcera m\u00edsto Dugina, ale to na\u010dasov\u00e1n\u00ed a datum je extr\u00e9mn\u011b podez\u0159el\u00e9.<\/p>\n<p>Okupace \u010cSSR v srpnu 1968 toti\u017e za\u010dala u\u017e ve\u010der 20. srpna 1968 okolo 23:00 hodin. Rozkazy byly vyd\u00e1ny o dv\u011b hodiny d\u0159\u00edve.\u00a0<strong>A najednou o 54 let pozd\u011bji ve stejn\u00fd \u010das n\u011bkdo vyhod\u00ed do pov\u011bt\u0159\u00ed auto Putinova \u201cRasputina\u201d. \u010casov\u00e1 n\u00e1hoda? Nebo snaha \u010desk\u00fdch tajn\u00fdch slu\u017eeb bl\u00fdsknout se p\u0159ed americkou CIA dal\u0161\u00ed akc\u00ed proti Rusku?<\/strong>\u00a0Dal\u0161\u00ed Tenetova cena CIA za \u201c<em>great and exemplary collaboration<\/em>\u201d pro \u010desk\u00e9ho politika? Tentokr\u00e1t pro pan\u00ed \u010cernochovou? Tohle nen\u00ed legrace, opravdu re\u00e1ln\u011b to mohla b\u00fdt \u010desk\u00e1 rozv\u011bdka. Po t\u00e9 blam\u00e1\u017ei s Vrb\u011bticemi proti Rusku je mo\u017en\u00e9 opravdu v\u0161echno.<\/p>\n<h6><span style=\"font-size: 18pt;\">Putin\u016fv jedin\u00fd spiritualista k\u0159es\u0165ansk\u00e9ho vyzn\u00e1n\u00ed<\/span><\/h6>\n<p>Duginov\u00e1, dev\u011btadvacetilet\u00e1 novin\u00e1\u0159ka a koment\u00e1torka, byla zabita, kdy\u017e se vracela z konzervativn\u00edho rodinn\u00e9ho festivalu u Moskvy, kter\u00e9ho se z\u00fa\u010dastnila se sv\u00fdm otcem. Jej\u00ed zn\u00e1m\u00fd Andrej Krasnov agentu\u0159e TASS \u0159ekl, \u017ee SUV, kter\u00e9 \u0159\u00eddila, opravdu pat\u0159ilo jej\u00edmu otci, kter\u00fd j\u00ed auto \u010dasto p\u016fj\u010doval. Podle nepotvrzen\u00fdch zpr\u00e1v m\u011bl Dugin v pl\u00e1nu odjet z akce ve stejn\u00e9m aut\u011b jako jeho dcera, ale na posledn\u00ed chv\u00edli se rozhodl jet samostatn\u00fdm vozem na ve\u010d\u00edrek v Moskv\u011b, na kter\u00fd byl pozv\u00e1n.<\/p>\n<p><strong>Dugin je z\u00e1padn\u00edmi m\u00e9dii naz\u00fdv\u00e1n \u201cPutinov\u00fdm mozkem\u201d a \u201cPutinov\u00fdm Rasputinem\u201d pro sv\u016fj \u00fadajn\u00fd vliv na sv\u011bton\u00e1zor prezidenta Vladimira Putina a vl\u00e1dnouc\u00ed elity zem\u011b.<\/strong>\u00a0\u010casopis Foreign Policy ho v roce 2014 za\u0159adil na seznam \u201c<em>glob\u00e1ln\u00edch myslitel\u016f<\/em>\u201d za to, \u017ee stoj\u00ed za tzv. ruskou expanzionistickou ideologi\u00ed. Popularitu si z\u00edskal jako plodn\u00fd konzervativn\u00ed spisovatel v 90. letech, kdy Rusko proch\u00e1zelo ochromuj\u00edc\u00ed hospod\u00e1\u0159skou kriz\u00ed a ideologickou pr\u00e1zdnotou, kter\u00e1 z\u016fstala po rozpadu Sov\u011btsk\u00e9ho svazu.<\/p>\n<figure id=\"attachment_52871\" class=\"wp-caption aligncenter\" style=\"width: 689px;\"><a href=\"https:\/\/aeronet.news\/wp-content\/uploads\/AlexanderDugin.jpg\"><img decoding=\"async\" loading=\"lazy\" class=\"wp-image-52871 \" src=\"https:\/\/aeronet.news\/wp-content\/uploads\/AlexanderDugin-1024x682.jpg\" sizes=\"(max-width: 700px) 100vw, 700px\" srcset=\"https:\/\/aeronet.news\/wp-content\/uploads\/AlexanderDugin-1024x682.jpg 1024w, https:\/\/aeronet.news\/wp-content\/uploads\/AlexanderDugin-300x200.jpg 300w, https:\/\/aeronet.news\/wp-content\/uploads\/AlexanderDugin-768x512.jpg 768w, https:\/\/aeronet.news\/wp-content\/uploads\/AlexanderDugin-700x466.jpg 700w, https:\/\/aeronet.news\/wp-content\/uploads\/AlexanderDugin-536x357.jpg 536w, https:\/\/aeronet.news\/wp-content\/uploads\/AlexanderDugin-725x483.jpg 725w, https:\/\/aeronet.news\/wp-content\/uploads\/AlexanderDugin.jpg 1280w\" alt=\"\" width=\"689\" height=\"459\" \/><\/a><figcaption class=\"wp-caption-text\">Alexander Dugin<\/figcaption><\/figure>\n<p>Dugin je zn\u00e1m\u00fd svou plamennou r\u00e9torikou a jest\u0159\u00e1b\u00edm protiz\u00e1padn\u00edm postojem, kdy si p\u0159edstavuje Rusko jako mocn\u00e9, st\u00e1le se roz\u0161i\u0159uj\u00edc\u00ed kontinent\u00e1ln\u00ed imp\u00e9rium, jeho\u017e \u00fakolem je slou\u017eit jako mocn\u00e1 hr\u00e1z proti v\u0161udyp\u0159\u00edtomn\u00e9mu \u0161\u00ed\u0159en\u00ed z\u00e1padn\u00edho liber\u00e1ln\u00edho modelu na planet\u011b. Ve sv\u00e9m z\u00e1sadn\u00edm d\u00edle \u201c<em>Z\u00e1klady geopolitiky Ruska<\/em>\u201c, vydan\u00e9 v roce 1997, p\u0159edpov\u011bd\u011bl krveprolit\u00ed na Ukrajin\u011b. \u201c<strong><em>Suverenita Ukrajiny je pro ruskou geopolitiku natolik negativn\u00edm faktorem, \u017ee v z\u00e1sad\u011b m\u016f\u017ee snadno vyvolat ozbrojen\u00fd konflikt,<\/em><\/strong>\u201d napsal.<\/p>\n<p>Dugin tvrdil, \u017ee Ukrajina by m\u011bla b\u00fdt p\u0159i zachov\u00e1n\u00ed ur\u010dit\u00e9 m\u00edry autonomie integrov\u00e1na do rusk\u00e9ho st\u00e1tu, jako tomu bylo v carsk\u00fdch a sov\u011btsk\u00fdch dob\u00e1ch. Dugin v\u00e1\u0161niv\u011b podpo\u0159il rozhodnut\u00ed Moskvy o znovup\u0159ijet\u00ed Krymu pot\u00e9, co se poloostrov v referendu vyslovil pro odchod z Ukrajiny po p\u0159evratu v Kyjev\u011b v roce 2014. N\u00e1sledn\u011b se dostal na \u010dernou listinu USA a Kanady. V roce 2014 opustil Moskevskou st\u00e1tn\u00ed univerzitu, kde p\u011bt let vedl katedru sociologie mezin\u00e1rodn\u00edch vztah\u016f.<\/p>\n<h6><span style=\"font-size: 18pt;\">Konceptu\u00e1ln\u00ed Dugin je ter\u010dem jak pro ukrajinskou tajnou slu\u017ebu, tak i pro Putinovy nep\u0159\u00e1tele v Kremlu<\/span><\/h6>\n<p>Podobn\u011b Dugin podpo\u0159il vojenskou operaci, kterou Moskva zah\u00e1jila proti Ukrajin\u011b na konci \u00fanora leto\u0161n\u00edho roku. Tvrdil, \u017ee od z\u00edsk\u00e1n\u00ed nez\u00e1vislosti Ukrajiny v roce 1991 Z\u00e1pad pod veden\u00edm USA rozdm\u00fdch\u00e1v\u00e1 konflikt podporou nacionalist\u016f a dal\u0161\u00edch protirusk\u00fdch sil v Kyjev\u011b a nad\u00e1le v tom pokra\u010duje zas\u00edl\u00e1n\u00edm zbran\u00ed na Ukrajinu.\u00a0<strong>Podle jeho n\u00e1zoru je projekt nez\u00e1visl\u00e9 Ukrajiny od po\u010d\u00e1tku 90. let nam\u00ed\u0159en proti Rusku jako projekt \u201cAntiruska\u201d a je pod dohledem Anglosas\u016f.<\/strong>\u00a0\u201c<em>Boj o Ukrajinu a proti Rusku je historickou konstantou geopolitick\u00e9 strategie Z\u00e1padu<\/em>,\u201d napsal Dugin v b\u0159eznu v \u010dl\u00e1nku pro konzervativn\u00ed medi\u00e1ln\u00ed skupinu Tsargrad TV. Tvrdil tak\u00e9, \u017ee sou\u010dasn\u00e9 hranice Ukrajiny byly um\u011ble nar\u00fdsov\u00e1ny v dob\u011b, kdy byla Ukrajina sou\u010d\u00e1st\u00ed Sov\u011btsk\u00e9ho svazu.<\/p>\n<figure id=\"attachment_52870\" class=\"wp-caption aligncenter\" style=\"width: 691px;\"><a href=\"https:\/\/aeronet.news\/wp-content\/uploads\/DuginShock.jpg\"><img decoding=\"async\" loading=\"lazy\" class=\"wp-image-52870 \" src=\"https:\/\/aeronet.news\/wp-content\/uploads\/DuginShock-1024x578.jpg\" sizes=\"(max-width: 700px) 100vw, 700px\" srcset=\"https:\/\/aeronet.news\/wp-content\/uploads\/DuginShock-1024x578.jpg 1024w, https:\/\/aeronet.news\/wp-content\/uploads\/DuginShock-300x169.jpg 300w, https:\/\/aeronet.news\/wp-content\/uploads\/DuginShock-768x433.jpg 768w, https:\/\/aeronet.news\/wp-content\/uploads\/DuginShock-700x395.jpg 700w, https:\/\/aeronet.news\/wp-content\/uploads\/DuginShock-633x357.jpg 633w, https:\/\/aeronet.news\/wp-content\/uploads\/DuginShock-856x483.jpg 856w, https:\/\/aeronet.news\/wp-content\/uploads\/DuginShock.jpg 1280w\" alt=\"\" width=\"691\" height=\"390\" \/><\/a><figcaption class=\"wp-caption-text\">Sv\u011bdek nato\u010dil \u0161okovan\u00e9ho Dugina na m\u00edst\u011b atent\u00e1tu<\/figcaption><\/figure>\n<p>\u201c<em>Ukrajina nem\u00e1 \u017e\u00e1dnou st\u00e1tnickou historii, zat\u00edmco jej\u00ed sou\u010dasn\u00e1 \u00fazem\u00ed jsou historicky n\u00e1hodn\u00e1 a jsou v\u00fdsledkem administrativn\u00edho n\u00e1vrhu bol\u0161evik\u016f. Kdy\u017e Putin p\u0159i zd\u016fvod\u0148ov\u00e1n\u00ed vojensk\u00e9 operace na Ukrajin\u011b \u0159ekl, \u017ee Ukrajinu vytvo\u0159il Lenin, m\u011bl naprostou pravdu. Rusk\u00e1 arm\u00e1da v sou\u010dasnosti bojuje proti suver\u00e9nn\u00edm st\u00e1t\u016fm, kter\u00e9 vnucuj\u00ed unipol\u00e1rn\u00ed sv\u011bt. Tuto v\u00e1lku nem\u016f\u017eeme prohr\u00e1t. Jinak cel\u00fd sv\u011bt skon\u010d\u00ed v plamenech,<\/em>\u201d \u0159ekl Dugin v dubnu tureck\u00fdm novin\u00e1m Turkiye Gazetesi.<\/p>\n<h6><span style=\"font-size: 18pt;\">Duginova dcera si nebrala serv\u00edtky proti Ukrajin\u011b, ale proti otci se nemohla rovnat<\/span><\/h6>\n<p>Stejn\u011b jako jej\u00ed otec i Duginov\u00e1 podporovala rusk\u00e9 vojensk\u00e9 ta\u017een\u00ed na Ukrajin\u011b, kterou ozna\u010dila za \u201c<em>zkrachoval\u00fd st\u00e1t<\/em>\u201c. Ve sv\u00e9m vystoupen\u00ed v podcastu \u201c<em>Solovjov LIVE<\/em>\u201d jen n\u011bkolik hodin p\u0159ed svou smrt\u00ed obvinila Z\u00e1pad, \u017ee se sna\u017e\u00ed vnutit svou v\u016fli ostatn\u00edm. \u201c<strong><em>Speci\u00e1ln\u00ed vojensk\u00e1 operace na Ukrajin\u011b je posledn\u00edm h\u0159eb\u00ed\u010dkem do rakve sv\u011btov\u00e9ho hegemona Z\u00e1padu,<\/em><\/strong>\u201d \u0159ekla. Brit\u00e1nie tento m\u011bs\u00edc za\u0159adila Duginovou na \u010dernou listinu jako \u201c<em>\u010dastou a v\u00fdznamnou p\u0159isp\u011bvatelku dezinformac\u00ed v souvislosti s Ukrajinou<\/em>\u201c. Poradce ukrajinsk\u00e9ho prezidenta Michail Podoljak pop\u0159el, \u017ee by se Kyjev na bombov\u00e9m \u00fatoku pod\u00edlel. \u201c<em>Chci zd\u016fraznit, \u017ee Ukrajina s t\u00edm samoz\u0159ejm\u011b nem\u00e1 nic spole\u010dn\u00e9ho<\/em>,\u201d \u0159ekl v ned\u011bli ukrajinsk\u00fdm m\u00e9di\u00edm.<\/p>\n<figure id=\"attachment_52872\" class=\"wp-caption aligncenter\" style=\"width: 695px;\"><a href=\"https:\/\/aeronet.news\/wp-content\/uploads\/DarjaDuginCar.jpg\"><img decoding=\"async\" loading=\"lazy\" class=\"wp-image-52872 \" src=\"https:\/\/aeronet.news\/wp-content\/uploads\/DarjaDuginCar-1024x573.jpg\" sizes=\"(max-width: 700px) 100vw, 700px\" srcset=\"https:\/\/aeronet.news\/wp-content\/uploads\/DarjaDuginCar-1024x573.jpg 1024w, https:\/\/aeronet.news\/wp-content\/uploads\/DarjaDuginCar-300x168.jpg 300w, https:\/\/aeronet.news\/wp-content\/uploads\/DarjaDuginCar-768x430.jpg 768w, https:\/\/aeronet.news\/wp-content\/uploads\/DarjaDuginCar-700x392.jpg 700w, https:\/\/aeronet.news\/wp-content\/uploads\/DarjaDuginCar-638x357.jpg 638w, https:\/\/aeronet.news\/wp-content\/uploads\/DarjaDuginCar-863x483.jpg 863w, https:\/\/aeronet.news\/wp-content\/uploads\/DarjaDuginCar.jpg 1200w\" alt=\"\" width=\"695\" height=\"389\" \/><\/a><figcaption class=\"wp-caption-text\">Po\u017e\u00e1r auta Darji Duginov\u00e9<\/figcaption><\/figure>\n<p>P\u0159esto\u017ee se Duginov\u00e1 profilovala jako protiukrajinsky nalad\u011bn\u00e1 novin\u00e1\u0159ka, ter\u010dem \u00fatoku s vysokou m\u00edrou pravd\u011bpodobnosti b\u00fdt nem\u011bla, proto\u017ee takov\u00fdch novin\u00e1\u0159ek jsou v Rusku tis\u00edce a v ni\u010dem nevybo\u010dovala, co se t\u00fd\u010de proti-ukrajinsk\u00e9ho narativu.\u00a0<strong>Jej\u00ed otec je ov\u0161em Ukrajinou pova\u017eov\u00e1n za hlavn\u00edho influencera v Kremlu, kter\u00fd posunuje Putinovi sv\u00e9 sv\u011bton\u00e1zory a vize, kter\u00e9 Putina ovliv\u0148uj\u00ed a formuj\u00ed jeho uva\u017eov\u00e1n\u00ed.<\/strong>\u00a0Cel\u00e1 v\u011bc m\u00e1 je\u0161t\u011b jeden a velice d\u011bsiv\u00fd a okultn\u00ed p\u0159esah.<\/p>\n<p>Alexander Dugin je v okol\u00ed Vladimira Puitna jedin\u00fd k\u0159es\u0165ansk\u00fd influencer a spiritualista, proto\u017ee v\u0161ichni Putinovi poradci maj\u00ed chasidsk\u00fd, tedy \u017eidovsk\u00fd p\u016fvod. Vladimir Putin m\u00e1 ve sv\u00e9m okol\u00ed p\u0159ibli\u017en\u011b 30 poradc\u016f na r\u016fzn\u00e9 obory a z\u00e1le\u017eitosti, mnoz\u00ed z nich jsou externist\u00e9 a nejsou v Kremlu, ale a\u017e dosud se v\u011bt\u0161ina poradc\u016f rekrutovala z \u0159ad Rusk\u00e9ho \u017eidovsk\u00e9ho kongresu.<\/p>\n<h6><span style=\"font-size: 18pt;\">Chasidsk\u00fd stolec dosadil Vladimira Putina k moci v Kremlu. Pravoslavn\u00fd Dugin v\u0161ak z\u00edskal vliv na Putina jako nikdo jin\u00fd?<\/span><\/h6>\n<p>Je mo\u017en\u00e9, \u017ee pravoslavn\u00fd Dugin n\u011bkomu vadil, \u017ee je a\u017e tak v bl\u00edzkosti Vladimira Putina? Nebo to m\u011bl b\u00fdt vzkaz Putinovi, \u017ee je pot\u0159eba v\u00e1lku na Ukrajin\u011b ukon\u010dit sta\u017een\u00edm rusk\u00fdch vojsk? Kdo je nejv\u011bt\u0161\u00edm zast\u00e1ncem pokra\u010dov\u00e1n\u00ed speci\u00e1ln\u00ed operace? Pr\u00e1v\u011b Alexander Dugin! Ukrajina m\u011bla jasn\u00fd motiv pro likvidaci Alexandera Dugina, proto\u017ee je to vlastn\u011b po Putinovi de facto ideologick\u00e1 dvojka v Moskv\u011b podporuj\u00edc\u00ed operaci na Ukrajin\u011b.<\/p>\n<p>Jen\u017ee motiv k odstran\u011bn\u00ed Dugina mohl m\u00edt i n\u011bkdo v okruhu Kremlu, komu se nel\u00edb\u00ed pokra\u010dov\u00e1n\u00ed v bojov\u00fdch operac\u00edch na Ukrajin\u011b.\u00a0<strong>Bylo by stra\u0161n\u011b naivn\u00ed si myslet, \u017ee Dugina vid\u00ed rud\u011b jenom Ukrajinci. Identifikovat p\u016fvodce \u00fatoku bude opravdu slo\u017eit\u00e9.<\/strong>\u00a0Kyjev toti\u017e moment\u00e1ln\u011b prov\u00e1d\u00ed kroky s c\u00edlem vyvol\u00e1n\u00ed 3. sv\u011btov\u00e9 v\u00e1lky. A motiv m\u011bla i \u010desk\u00e1 rozv\u011bdka jako vysl\u00e1n\u00ed vzkazu Rusku za 21. srpen 1968. V\u0161echny varianty jsou na stole. Ne, to nen\u00ed nadnesen\u00e9, ani p\u0159eh\u00e1n\u011bn\u00ed, je to opravdu tak.<\/p>\n<figure id=\"attachment_52874\" class=\"wp-caption aligncenter\" style=\"width: 690px;\"><a href=\"https:\/\/aeronet.news\/wp-content\/uploads\/DarjaDuginaPointZero.jpg\"><img decoding=\"async\" loading=\"lazy\" class=\"wp-image-52874 \" src=\"https:\/\/aeronet.news\/wp-content\/uploads\/DarjaDuginaPointZero-1024x627.jpg\" sizes=\"(max-width: 700px) 100vw, 700px\" srcset=\"https:\/\/aeronet.news\/wp-content\/uploads\/DarjaDuginaPointZero-1024x627.jpg 1024w, https:\/\/aeronet.news\/wp-content\/uploads\/DarjaDuginaPointZero-300x184.jpg 300w, https:\/\/aeronet.news\/wp-content\/uploads\/DarjaDuginaPointZero-768x470.jpg 768w, https:\/\/aeronet.news\/wp-content\/uploads\/DarjaDuginaPointZero-700x429.jpg 700w, https:\/\/aeronet.news\/wp-content\/uploads\/DarjaDuginaPointZero-583x357.jpg 583w, https:\/\/aeronet.news\/wp-content\/uploads\/DarjaDuginaPointZero-789x483.jpg 789w, https:\/\/aeronet.news\/wp-content\/uploads\/DarjaDuginaPointZero.jpg 1200w\" alt=\"\" width=\"690\" height=\"423\" \/><\/a><figcaption class=\"wp-caption-text\">Experti v ned\u011bli zaji\u0161\u0165ovali m\u00edsto \u010dinu<\/figcaption><\/figure>\n<p>Ukrajinsk\u00e9 ost\u0159elov\u00e1n\u00ed Z\u00e1poro\u017esk\u00e9 jadern\u00e9 elektr\u00e1rny (ZNPP) je toti\u017e vedeno s c\u00edlem vyol\u00e1n\u00ed jadern\u00e9 hav\u00e1rie, ze kter\u00e9 budou okam\u017eit\u011b obvin\u011bni Rusov\u00e9, a kter\u00e1 zamo\u0159\u00ed radiac\u00ed obrovsk\u00e9 \u00fazem\u00ed Ukrajiny a Evropy, co\u017e povede k tomu, \u017ee ze zamo\u0159en\u00e9ho prostoru se st\u00e1hnou jak rusk\u00e1 vojska, tak i sou\u010dasn\u011b se to stane z\u00e1minkou pro zem\u011b NATO k intervenci na Ukrajinu s od\u016fvodn\u011bn\u00edm, \u017ee radiace ze ZNPP je formou zbran\u011b hromadn\u00e9ho ni\u010den\u00ed, kter\u00e1 zamo\u0159uje Evropu.\u00a0<strong>Radiace by skute\u010dn\u011b vedla k tomu, \u017ee NATO by v z\u00e1jmu ochrany sv\u00e9ho \u00fazem\u00ed p\u0159ed radiac\u00ed provedlo invazi na Ukrajinu s od\u016fvodn\u011bn\u00edm zabr\u00e1n\u011bn\u00ed dal\u0161\u00edch \u00fatok\u016f na dal\u0161\u00ed jadern\u00e9 elektr\u00e1rny.<\/strong>\u00a0A tuto z\u00e1minku by obyvatelstvo z\u00e1padn\u00edch zem\u00ed akceptovalo. A jakou to m\u00e1 souvislost d Duginem?<\/p>\n<h6><span style=\"font-size: 18pt;\">Ukrajinci p\u0159ed obsazen\u00edm ZNPP Ruskou arm\u00e1dou uskladnili vyho\u0159el\u00e9 palivo pod \u0161ir\u00fdm nebem a IAEA je z toho doslova na v\u011btvi<\/span><\/h6>\n<p>Mezin\u00e1rodn\u00ed agentura pro atomovou energii (IAEA) toti\u017e v p\u00e1tek znovu varovala, \u017ee ost\u0159elov\u00e1n\u00ed ZNPP m\u016f\u017ee v\u00e9st k jadern\u00e9 hav\u00e1rii a zamo\u0159en\u00ed, a to i vzhledem k tomu, \u017ee Ukrajina v rozporu s ve\u0161ker\u00fdmi p\u0159edpisy o jadern\u00e9 bezpe\u010dnosti skladuje vyho\u0159el\u00e9 palivo z reaktor\u016f v kontejnerech pod \u0161ir\u00fdm nebem, co\u017e dokladuje unikl\u00e1 fotografie, kter\u00e1 zachycuje rozm\u00edst\u011bn\u00ed des\u00edtek cementov\u00fdch kontejner\u016f rozestav\u011bn\u00fdch na ohrazen\u00e9m prostoru hned za elektr\u00e1rnou. Pokud se ukrajinsk\u00e9 d\u011blost\u0159electvo tref\u00ed do tohoto skladi\u0161t\u011b pod otev\u0159en\u00fdm nebem, bude to m\u00edt \u00fa\u010dinek jako exploze \u0161pinav\u00e9 bomby, do vzduchu se dostanou radioaktivn\u00ed prvky z kontejner\u016f s vyho\u0159el\u00fdm palivem.<\/p>\n<figure id=\"attachment_52875\" class=\"wp-caption aligncenter\" style=\"width: 695px;\"><a href=\"https:\/\/aeronet.news\/wp-content\/uploads\/ZNPP_DepletedFuelStorage.jpg\"><img decoding=\"async\" loading=\"lazy\" class=\"wp-image-52875 \" src=\"https:\/\/aeronet.news\/wp-content\/uploads\/ZNPP_DepletedFuelStorage-1024x682.jpg\" sizes=\"(max-width: 700px) 100vw, 700px\" srcset=\"https:\/\/aeronet.news\/wp-content\/uploads\/ZNPP_DepletedFuelStorage-1024x682.jpg 1024w, https:\/\/aeronet.news\/wp-content\/uploads\/ZNPP_DepletedFuelStorage-300x200.jpg 300w, https:\/\/aeronet.news\/wp-content\/uploads\/ZNPP_DepletedFuelStorage-768x511.jpg 768w, https:\/\/aeronet.news\/wp-content\/uploads\/ZNPP_DepletedFuelStorage-700x466.jpg 700w, https:\/\/aeronet.news\/wp-content\/uploads\/ZNPP_DepletedFuelStorage-536x357.jpg 536w, https:\/\/aeronet.news\/wp-content\/uploads\/ZNPP_DepletedFuelStorage-726x483.jpg 726w, https:\/\/aeronet.news\/wp-content\/uploads\/ZNPP_DepletedFuelStorage.jpg 1280w\" alt=\"\" width=\"695\" height=\"463\" \/><\/a><figcaption class=\"wp-caption-text\">Neuv\u011b\u0159iteln\u00fd obr\u00e1zek skladov\u00e1n\u00ed vyho\u0159el\u00e9ho paliva na pl\u00e1cku za ZNPP pod otev\u0159en\u00fdm nebem<\/figcaption><\/figure>\n<p>Zat\u00edm to ale vypad\u00e1, \u017ee Ukrajina o tento ter\u010d nestoj\u00ed a st\u0159\u00edl\u00ed hlavn\u011b na elektrick\u00e9 rozvad\u011b\u010de u blok\u016f elektr\u00e1ren, kter\u00e9 slou\u017e\u00ed k nap\u00e1jen\u00ed \u010derpadel elektrick\u00fdm proudem. Tato \u010derpadla chlad\u00ed prim\u00e1rn\u00ed okruhy reaktor\u016f a z\u0159ejm\u011b i za\u0159\u00edzen\u00ed na reaktorech pro obohacov\u00e1n\u00ed uranu a v\u00fdrobu plutonia.\u00a0<strong>Ukrajina se tak nesna\u017e\u00ed o n\u011bjakou \u0161pinavou explozi na skl\u00e1dce barel\u016f za elektr\u00e1rnou, ale sna\u017e\u00ed se navodit explozi reaktor\u016f nebo obohacovac\u00edch za\u0159\u00edzen\u00ed na obvodech reaktor\u016f.<\/strong><\/p>\n<p>Zab\u00edt Putinova spiritualistu a rozpoutat jadernou katastrofu by vedlo ke 3. sv\u011btov\u00e9 v\u00e1lce. Nen\u00ed od zaj\u00edmavosti i to, \u017ee na Slovensku za\u010daly obce a m\u011bsta rozd\u00e1vat ob\u010dan\u016fm profylaktika v podob\u011b jodidu draseln\u00e9ho. Podle m\u00e9di\u00ed se jedn\u00e1 o pravidelnou akci ve m\u011bstech, kter\u00e9 se nach\u00e1z\u00ed v bl\u00edzkosti dvou slovensk\u00fdch jadern\u00fdch elektr\u00e1ren Jaslovsk\u00e9 Bohunice a Mochovce.<\/p>\n<h6><span style=\"font-size: 18pt;\">Na Slovensku v okol\u00ed jadern\u00fdch elektr\u00e1ren se rozd\u00e1vaj\u00ed profylaktika jako prevence. V l\u00e9k\u00e1rn\u00e1ch je ale jodid draseln\u00fd nedostupn\u00fd<\/span><\/h6>\n<p>Webov\u00e1 str\u00e1nka [<a href=\"https:\/\/href.li\/?https:\/\/www.piestany.sk\/aktuality\/spravy-prioritne\/od-pondelka-15-8-zacal-v-piestanoch-vydaj-jodovych-tabletiek-5196sk.html\" target=\"_blank\" rel=\"nofollow noopener\">2<\/a>] m\u011bsta Pie\u0161\u0165any, kter\u00e9 se nach\u00e1z\u00ed p\u00e1r kilometr\u016f od JE Bohunice, pr\u00e1v\u011b ozn\u00e1mila, \u017ee se ve m\u011bst\u011b od 15. srpna za\u010dala rozd\u00e1vat profylaktitka v r\u00e1mci prevence pro p\u0159\u00edpad jadern\u00e9 nehody v nedalek\u00e9 elektr\u00e1rn\u011b. Obyvatel\u00e9 okolo jadern\u00fdch provoz\u016f dost\u00e1vaj\u00ed tablety zdarma k v\u00fdm\u011bn\u011b po vypr\u0161en\u00ed trvanlivosti p\u0159edchoz\u00edch balen\u00ed.\u00a0<strong>Ka\u017edop\u00e1dn\u011b jodid draseln\u00fd je akutn\u011b nedostupn\u00fd prakticky po cel\u00e9 Evrop\u011b, doslova zmizel ze v\u0161ech l\u00e9k\u00e1ren a nikdo jin\u00fd, ne\u017e obyvatel\u00e9 m\u011bst a obc\u00ed v okol\u00edch jadern\u00fdch provoz\u016f, voj\u00e1ci, policie a vrcholov\u00e9 slo\u017eky st\u00e1tu se k t\u011bmto tablet\u00e1m nedostanou.<\/strong>\u00a0Je to stejn\u00e9 jako s Ivermectinem v l\u00e9t\u011b roku 2020, kdy\u017e se v USA objevily prvn\u00ed informace, \u017ee toto antiparazitikum je neuv\u011b\u0159iteln\u011b efektivn\u00ed k l\u00e9\u010db\u011b nemoci Covid-19.<\/p>\n<figure id=\"attachment_52876\" class=\"wp-caption aligncenter\" style=\"width: 742px;\"><a href=\"https:\/\/aeronet.news\/wp-content\/uploads\/JodidDraselny.jpg\"><img decoding=\"async\" loading=\"lazy\" class=\"wp-image-52876 \" src=\"https:\/\/aeronet.news\/wp-content\/uploads\/JodidDraselny.jpg\" sizes=\"(max-width: 750px) 100vw, 750px\" srcset=\"https:\/\/aeronet.news\/wp-content\/uploads\/JodidDraselny.jpg 750w, https:\/\/aeronet.news\/wp-content\/uploads\/JodidDraselny-300x225.jpg 300w, https:\/\/aeronet.news\/wp-content\/uploads\/JodidDraselny-700x525.jpg 700w, https:\/\/aeronet.news\/wp-content\/uploads\/JodidDraselny-476x357.jpg 476w, https:\/\/aeronet.news\/wp-content\/uploads\/JodidDraselny-643x483.jpg 643w\" alt=\"\" width=\"742\" height=\"557\" \/><\/a><figcaption class=\"wp-caption-text\">Jodid draseln\u00fd rozd\u00e1van\u00fd ve vybran\u00fdch lokalit\u00e1ch na Slovensku<\/figcaption><\/figure>\n<p>Jakmile se tato informace popularizovala, americk\u00fd CDC ve spolupr\u00e1ci s Pfizerem na\u0159\u00eddily sta\u017een\u00ed Ivermectinu z prodeje v cel\u00fdch USA a z\u00e1hy tento l\u00e9k zmizel i v Evrop\u011b. Jeho sta\u017een\u00edm z ob\u011bhu do\u0161lo ke stovk\u00e1m tis\u00edc \u00famrt\u00ed lid\u00ed v cel\u00e9 Evrop\u011b, a to s c\u00edlem prohloubit krizi a donutit ve\u0159ejnost k p\u0159ijet\u00ed nebezpe\u010dn\u00e9ho vakcina\u010dn\u00edho roztoku s experiment\u00e1ln\u00ed technologi\u00ed Messenger RNA (mRNA). D\u016fsledky tohoto zlo\u010dinn\u00e9ho a mnohde nucen\u00e9ho a podmi\u0148ovan\u00e9ho o\u010dkov\u00e1n\u00ed nezjist\u00edme d\u0159\u00edve jak za des\u00edtky let, po dvou nebo 3 generac\u00edch. A pro\u010d te\u010f nen\u00ed jodid draseln\u00fd stejn\u011b jako nebyl ivermectin? Ch\u00e1pete? Konceptu\u00e1ln\u011b gramotn\u00fd \u010dlov\u011bk u\u017e v\u00ed, co to znamen\u00e1 a co n\u00e1s \u010dek\u00e1.<\/p>\n<p>-VK- \u0160\u00e9fredaktor AE News<\/p>\n<p><a href=\"https:\/\/aeronet.news\/atentat-na-putinova-spiritualistu-alexandera-dugina-se-nezdaril-a-nastrazena-bomba-v-aute-zabila-jeho-dceru-ktere-pujcil-sve-auto-po-skonceni-prednasky-ceska-ministryne-obrany-jiz-stihla-jeji-smrt\/\">ZDROJ<\/a><\/p>\n<p>&nbsp;<\/p>\n","protected":false},"excerpt":{"rendered":"<p>Atent\u00e1t na Putinova spiritualistu Alexandera Dugina se nezda\u0159il a nastra\u017een\u00e1 bomba v aut\u011b zabila jeho&#8230;<\/p>\n","protected":false},"author":2,"featured_media":13911,"comment_status":"closed","ping_status":"closed","sticky":false,"template":"","format":"standard","meta":[],"categories":[7],"tags":[468,3112,22,82],"_links":{"self":[{"href":"https:\/\/www.infokuryr.cz\/n\/wp-json\/wp\/v2\/posts\/13950"}],"collection":[{"href":"https:\/\/www.infokuryr.cz\/n\/wp-json\/wp\/v2\/posts"}],"about":[{"href":"https:\/\/www.infokuryr.cz\/n\/wp-json\/wp\/v2\/types\/post"}],"author":[{"embeddable":true,"href":"https:\/\/www.infokuryr.cz\/n\/wp-json\/wp\/v2\/users\/2"}],"replies":[{"embeddable":true,"href":"https:\/\/www.infokuryr.cz\/n\/wp-json\/wp\/v2\/comments?post=13950"}],"version-history":[{"count":0,"href":"https:\/\/www.infokuryr.cz\/n\/wp-json\/wp\/v2\/posts\/13950\/revisions"}],"wp:featuredmedia":[{"embeddable":true,"href":"https:\/\/www.infokuryr.cz\/n\/wp-json\/wp\/v2\/media\/13911"}],"wp:attachment":[{"href":"https:\/\/www.infokuryr.cz\/n\/wp-json\/wp\/v2\/media?parent=13950"}],"wp:term":[{"taxonomy":"category","embeddable":true,"href":"https:\/\/www.infokuryr.cz\/n\/wp-json\/wp\/v2\/categories?post=13950"},{"taxonomy":"post_tag","embeddable":true,"href":"https:\/\/www.infokuryr.cz\/n\/wp-json\/wp\/v2\/tags?post=13950"}],"curies":[{"name":"wp","href":"https:\/\/api.w.org\/{rel}","templated":true}]}}