{"id":13947,"date":"2022-08-22T01:13:02","date_gmt":"2022-08-21T23:13:02","guid":{"rendered":"http:\/\/www.infokuryr.cz\/n\/?p=13947"},"modified":"2022-08-21T18:49:25","modified_gmt":"2022-08-21T16:49:25","slug":"pamet-nelze-zabit-rusove-se-shromazdili-v-narve-na-miste-rozebraneho-t-34","status":"publish","type":"post","link":"https:\/\/www.infokuryr.cz\/n\/2022\/08\/22\/pamet-nelze-zabit-rusove-se-shromazdili-v-narve-na-miste-rozebraneho-t-34\/","title":{"rendered":"Pam\u011b\u0165 nelze zab\u00edt: Rusov\u00e9 se shrom\u00e1\u017edili v Narv\u011b na m\u00edst\u011b rozebran\u00e9ho T-34"},"content":{"rendered":"<div id=\"fb-root\"><\/div>\n<p><strong><span>Estonsko: Pam\u011b\u0165 nelze zab\u00edt! Rusov\u00e9 v Narv\u011b se m\u00edsto estonsk\u00e9ho Dne nez\u00e1vislosti se\u0161li na m\u00edst\u011b rozebran\u00e9ho tanku T-34.<\/span><\/strong><\/p>\n<p><span>20. srpen byl v Estonsku Dnem nez\u00e1vislosti.<\/span><\/p>\n<p><span>Rusk\u00e1 m\u011bsta Estonska tento \u201esv\u00e1tek\u201c neslavila, ale lid\u00e9 se shrom\u00e1\u017edili na m\u00edst\u011b, kde v Narv\u011b st\u00e1l odstrn\u011bn\u00fd tank T-34, aby cel\u00e9 Estonsko vid\u011blo, \u017ee jejich pl\u00e1n nevy\u0161el a rusk\u00fd duch nebyl zlomen!<\/p>\n<p><\/span><\/p>\n<p><iframe loading=\"lazy\" title=\"\u041f\u0430\u043c\u044f\u0442\u044c \u043d\u0435\u00a0\u0443\u0431\u0438\u0442\u044c: \u0440\u0443\u0441\u0441\u043a\u0438\u0435 \u0432\u00a0\u041d\u0430\u0440\u0432\u0435 \u0441\u043e\u0431\u0440\u0430\u043b\u0438\u0441\u044c \u043d\u0430\u00a0\u043c\u0435\u0441\u0442\u0435 \u0434\u0435\u043c\u043e\u043d\u0442\u0438\u0440\u043e\u0432\u0430\u043d\u043d\u043e\u0433\u043e \u0422-34\" width=\"640\" height=\"360\" src=\"https:\/\/www.youtube.com\/embed\/e89L4tl48mE?start=6&#038;feature=oembed\" frameborder=\"0\" allow=\"accelerometer; autoplay; clipboard-write; encrypted-media; gyroscope; picture-in-picture\" allowfullscreen><\/iframe><\/p>\n<p><img decoding=\"async\" loading=\"lazy\" class=\"alignnone size-full wp-image-1185\" src=\"http:\/\/www.infokuryr.cz\/n\/wp-content\/uploads\/2021\/04\/kuryr-podpis.png\" alt=\"\" width=\"84\" height=\"24\" \/><\/p>\n<p>&nbsp;<\/p>\n","protected":false},"excerpt":{"rendered":"<p>Estonsko: Pam\u011b\u0165 nelze zab\u00edt! Rusov\u00e9 v Narv\u011b se m\u00edsto estonsk\u00e9ho Dne nez\u00e1vislosti se\u0161li na m\u00edst\u011b&#8230;<\/p>\n","protected":false},"author":2,"featured_media":13948,"comment_status":"closed","ping_status":"closed","sticky":false,"template":"","format":"standard","meta":[],"categories":[7],"tags":[209,2071,805,3119],"_links":{"self":[{"href":"https:\/\/www.infokuryr.cz\/n\/wp-json\/wp\/v2\/posts\/13947"}],"collection":[{"href":"https:\/\/www.infokuryr.cz\/n\/wp-json\/wp\/v2\/posts"}],"about":[{"href":"https:\/\/www.infokuryr.cz\/n\/wp-json\/wp\/v2\/types\/post"}],"author":[{"embeddable":true,"href":"https:\/\/www.infokuryr.cz\/n\/wp-json\/wp\/v2\/users\/2"}],"replies":[{"embeddable":true,"href":"https:\/\/www.infokuryr.cz\/n\/wp-json\/wp\/v2\/comments?post=13947"}],"version-history":[{"count":1,"href":"https:\/\/www.infokuryr.cz\/n\/wp-json\/wp\/v2\/posts\/13947\/revisions"}],"predecessor-version":[{"id":13949,"href":"https:\/\/www.infokuryr.cz\/n\/wp-json\/wp\/v2\/posts\/13947\/revisions\/13949"}],"wp:featuredmedia":[{"embeddable":true,"href":"https:\/\/www.infokuryr.cz\/n\/wp-json\/wp\/v2\/media\/13948"}],"wp:attachment":[{"href":"https:\/\/www.infokuryr.cz\/n\/wp-json\/wp\/v2\/media?parent=13947"}],"wp:term":[{"taxonomy":"category","embeddable":true,"href":"https:\/\/www.infokuryr.cz\/n\/wp-json\/wp\/v2\/categories?post=13947"},{"taxonomy":"post_tag","embeddable":true,"href":"https:\/\/www.infokuryr.cz\/n\/wp-json\/wp\/v2\/tags?post=13947"}],"curies":[{"name":"wp","href":"https:\/\/api.w.org\/{rel}","templated":true}]}}