{"id":13944,"date":"2022-08-22T01:12:16","date_gmt":"2022-08-21T23:12:16","guid":{"rendered":"http:\/\/www.infokuryr.cz\/n\/?p=13944"},"modified":"2022-08-21T18:39:43","modified_gmt":"2022-08-21T16:39:43","slug":"the-mirror-britska-armada-vyzvala-k-priprave-na-valku-s-ruskem","status":"publish","type":"post","link":"https:\/\/www.infokuryr.cz\/n\/2022\/08\/22\/the-mirror-britska-armada-vyzvala-k-priprave-na-valku-s-ruskem\/","title":{"rendered":"The Mirror: Britsk\u00e1 arm\u00e1da vyzvala k p\u0159\u00edprav\u011b na v\u00e1lku s Ruskem"},"content":{"rendered":"<div id=\"fb-root\"><\/div>\n<p><strong><span>Voj\u00e1ci Spojen\u00e9ho kr\u00e1lovstv\u00ed a jejich rodiny by se m\u011bli p\u0159ipravit na v\u00e1lku s Ruskem.\u00a0S takov\u00fdm prohl\u00e1\u0161en\u00edm v rozhovoru s britsk\u00fdm bulv\u00e1rn\u00edm den\u00edkem prohl\u00e1sil prapor\u010d\u00edk britsk\u00e9 arm\u00e1dy Paul Carney:<\/span><\/strong><\/p>\n<p><span>&#8222;Chci, abychom si v\u0161ichni ov\u011b\u0159ili, \u017ee jsme fyzicky p\u0159ipraveni k boji.&#8220;\u00a0A tak\u00e9 je d\u016fle\u017eit\u00e9, abychom p\u0159ipravili bl\u00edzk\u00e9 a rodiny&#8230; \u017d\u00e1d\u00e1m, abyste s nimi nyn\u00ed prodiskutovali potenci\u00e1ln\u00ed nasazen\u00ed, \u201c\u0159ekl.\u00a0<\/span><\/p>\n<p><strong><em>Dodal, \u017ee v tuto chv\u00edli je n\u00e1rodn\u00ed arm\u00e1da Brit\u00e1nie \u00fadajn\u011b p\u0159ipravena na \u201ev\u00e1lku a konfrontaci s hrozbou z Ruska\u201c.<\/em><\/strong><\/p>\n<p><span>Je pozoruhodn\u00e9, \u017ee The Mirror byl opakovan\u011b kritizov\u00e1n a \u017ealov\u00e1n za zve\u0159ejn\u011bn\u00ed nepravdiv\u00fdch informac\u00ed.<\/span><\/p>\n<p><span>Hodnost britsk\u00e9ho prapor\u010d\u00edka se bl\u00ed\u017e\u00ed hodnosti prapor\u010d\u00edka v rusk\u00e9 arm\u00e1d\u011b.<\/span><\/p>\n<p><img decoding=\"async\" loading=\"lazy\" class=\"alignnone size-full wp-image-1185\" src=\"http:\/\/www.infokuryr.cz\/n\/wp-content\/uploads\/2021\/04\/kuryr-podpis.png\" alt=\"\" width=\"84\" height=\"24\" \/><\/p>\n<p>&nbsp;<\/p>\n","protected":false},"excerpt":{"rendered":"<p>Voj\u00e1ci Spojen\u00e9ho kr\u00e1lovstv\u00ed a jejich rodiny by se m\u011bli p\u0159ipravit na v\u00e1lku s Ruskem.\u00a0S takov\u00fdm&#8230;<\/p>\n","protected":false},"author":2,"featured_media":13945,"comment_status":"closed","ping_status":"closed","sticky":false,"template":"","format":"standard","meta":[],"categories":[7],"tags":[220,22,40,303],"_links":{"self":[{"href":"https:\/\/www.infokuryr.cz\/n\/wp-json\/wp\/v2\/posts\/13944"}],"collection":[{"href":"https:\/\/www.infokuryr.cz\/n\/wp-json\/wp\/v2\/posts"}],"about":[{"href":"https:\/\/www.infokuryr.cz\/n\/wp-json\/wp\/v2\/types\/post"}],"author":[{"embeddable":true,"href":"https:\/\/www.infokuryr.cz\/n\/wp-json\/wp\/v2\/users\/2"}],"replies":[{"embeddable":true,"href":"https:\/\/www.infokuryr.cz\/n\/wp-json\/wp\/v2\/comments?post=13944"}],"version-history":[{"count":1,"href":"https:\/\/www.infokuryr.cz\/n\/wp-json\/wp\/v2\/posts\/13944\/revisions"}],"predecessor-version":[{"id":13946,"href":"https:\/\/www.infokuryr.cz\/n\/wp-json\/wp\/v2\/posts\/13944\/revisions\/13946"}],"wp:featuredmedia":[{"embeddable":true,"href":"https:\/\/www.infokuryr.cz\/n\/wp-json\/wp\/v2\/media\/13945"}],"wp:attachment":[{"href":"https:\/\/www.infokuryr.cz\/n\/wp-json\/wp\/v2\/media?parent=13944"}],"wp:term":[{"taxonomy":"category","embeddable":true,"href":"https:\/\/www.infokuryr.cz\/n\/wp-json\/wp\/v2\/categories?post=13944"},{"taxonomy":"post_tag","embeddable":true,"href":"https:\/\/www.infokuryr.cz\/n\/wp-json\/wp\/v2\/tags?post=13944"}],"curies":[{"name":"wp","href":"https:\/\/api.w.org\/{rel}","templated":true}]}}