{"id":13940,"date":"2022-08-22T01:09:37","date_gmt":"2022-08-21T23:09:37","guid":{"rendered":"http:\/\/www.infokuryr.cz\/n\/?p=13940"},"modified":"2022-08-21T18:06:11","modified_gmt":"2022-08-21T16:06:11","slug":"jan-campbell-srbsko-kosovo-a-albanie","status":"publish","type":"post","link":"https:\/\/www.infokuryr.cz\/n\/2022\/08\/22\/jan-campbell-srbsko-kosovo-a-albanie\/","title":{"rendered":"Jan Campbell: Srbsko, Kosovo a Alb\u00e1nie"},"content":{"rendered":"<div id=\"fb-root\"><\/div>\n<p>Od rozhovoru s\u00a0Dr. Sk\u00e1lou, kter\u00fd si poslechlo podle autorovi p\u0159edan\u00e9 informace v\u00edce ne\u017e 39.810 poslucha\u010d\u016f, uplynuly dva t\u00fddny (4.8). B\u011bhem t\u011bchto dvou t\u00fddn\u016f se odehr\u00e1lo mnoho d\u016fle\u017eit\u00e9ho t\u00fdkaj\u00edc\u00ed se osudu Evropy na mezin\u00e1rodn\u00ed politick\u00e9, hospod\u00e1\u0159sk\u00e9 a vojensk\u00e9 sc\u00e9n\u011b.<\/p>\n<p>Z\u00e1stupn\u011b p\u0159ipom\u00edn\u00e1m, \u017ee vl\u00e1dy Baltsk\u00fdch st\u00e1t\u016f, Ukrajiny a Kosova, v\u0161echny pod veden\u00edm a zcela z\u00e1visl\u00e9 na USA a UK, drze pros\u00ed o rusk\u00e9 odpov\u011bdi po vzoru Izraele. Nevylu\u010duji je z historick\u00e9ho pohledu a tak\u00e9 proto, \u017ee sm\u011b\u0161n\u00e9 \u010desk\u00e9 v\u00fdroky o uzbrojen\u00ed Ruska nebo zpr\u00e1vy o bl\u00ed\u017e\u00edc\u00ed se jeho vojensk\u00e9 por\u00e1\u017ece ignoruj\u00ed skute\u010dnost uv\u011bdom\u011bn\u00ed si, jak bojuj\u00ed medv\u011bdi v p\u0159\u00edrod\u011b. Sou\u010dasn\u011b uveden\u00e9 st\u00e1ty \u2013 geopoliti\u010dt\u00ed trpasl\u00edci tla\u010d\u00ed Srbsko do rohu a t\u00edm p\u0159iv\u00e1d\u011bj\u00ed EU a s\u00a0n\u00ed zbytek Evropy na pokraj soci\u00e1ln\u00ed, politick\u00e9 a hospod\u00e1\u0159sk\u00e9 propasti.<\/p>\n<p>Nedojde-li toti\u017e v\u00a0p\u0159edstaviteln\u00e9 dob\u011b v\u00a0dohod\u011b k pauze v\u00a0boj\u00edch mezi USA \/ UK a Ruskem na z\u00e1klad\u011b tlaku gener\u00e1ln\u00edch \u0161t\u00e1b\u016f USA a UK na politiky bez rozumu, na kter\u00e9 se nelze spol\u00e9hat a jim v\u011b\u0159it, m\u016f\u017ee po kr\u00e1tkodob\u00fdch siln\u00fdch de\u0161t\u00edch v\u00a0pozdn\u00edm hork\u00e9m l\u00e9tu p\u0159ij\u00edt podzimn\u00ed kr\u00e1tkodob\u00fd d\u00e9\u0161\u0165 taktick\u00fdch a jin\u00fdch raket z\u00a0v\u00fdchodu na Evropu s\u00a0c\u00edlem zamyslet se v\u00a0n\u00ed na chv\u00edli o smrti, kter\u00e1 p\u0159edstavuje tabu. Zamyslet se tak\u00e9, zda nep\u0159i\u0161el \u010das vym\u011bnit loutku Zelensky za jinou a p\u0159ipravovat se na pokra\u010dov\u00e1n\u00ed v\u00edce\u00farov\u0148ov\u00e9ho boje po zim\u011b, kter\u00e1 m\u016f\u017ee poslat \u010d\u00e1st evropsk\u00e9 ob\u010dansk\u00e9 spole\u010dnosti do boje s\u00a0vlastn\u00edmi politick\u00fdmi a zelen\u00fdmi elitami.<\/p>\n<p>Bruselsk\u00e9 elity zah\u00e1jily v\u00a0den pr\u00e1ce na aktualizaci p\u0159\u00edsp\u011bvku (18. srpna) jedn\u00e1n\u00ed se Srbskem a Alb\u00e1ni\u00ed, jejich\u017e smyslem bylo a je pokra\u010dovat v tlaku na srbsk\u00e9ho prezidenta Vu\u010di\u010de, aby plnil ustanoven\u00ed bruselsk\u00e9 dohody a dostat ho do rohu, ve kter\u00e9m ji\u017e brzo obdr\u017e\u00ed ultim\u00e1tum: podepsat kapitulaci s\u00a0EK a t\u00edm i NATO, nebo zem\u0159\u00edt. V\u00a0jednom \u010di druh\u00e9m p\u0159\u00edpad\u011b se jedn\u00e1 o dal\u0161\u00ed v\u00fdzvu Rusku a roz\u0161\u00ed\u0159en\u00ed boj\u016f proti n\u011bmu. Jin\u00fdmi slovy: Jedn\u00e1 se o vn\u011bj\u0161\u00ed hrozbu Rusku.<\/p>\n<p><span style=\"font-size: 18pt;\"><strong>Sou\u010dasn\u00e1 situace Srbska, Kosova a Alb\u00e1nie<\/strong><\/span><\/p>\n<p>Povrchn\u00ed anal\u00fdza ve\u0159ejn\u011b dostupn\u00fdch historick\u00fdch fakt\u016f a sou\u010dasn\u00fdch rozhodnut\u00ed USA, NATO a EK dovoluje tvrdit, \u017ee Spojen\u00e9 st\u00e1ty nemaj\u00ed z\u00e1jem o 1) stabilitu a bezpe\u010dnost ve sv\u011bt\u011b, 2) pot\u0159eby populace kter\u00e9hokoliv n\u00e1roda, v\u010detn\u011b sv\u00e9ho vlastn\u00edho a 3) pot\u0159ebuj\u00ed \u010das na p\u0159\u00edpravu rozhoduj\u00edc\u00edho boje s\u00a0\u010c\u00ednou s\u00a0\u00fa\u010dast\u00ed zb\u00edda\u010den\u00fdch asymetrick\u00fdch spojenc\u016f \u2013 otrok\u016f, p\u0159edev\u0161\u00edm evropsk\u00fdch, \u017eij\u00edc\u00edch s\u00a0posledn\u00ed nad\u011bj\u00ed na p\u0159e\u017eit\u00ed ve st\u00ednu sv\u00e9ho modern\u00edho otrok\u00e1\u0159e.<\/p>\n<p>Sou\u010dasn\u00e9 Srbsko se nach\u00e1z\u00ed ve velmi zraniteln\u00e9 geopolitick\u00e9 pozici. Je t\u00e9m\u011b\u0159 ze v\u0161ech stran obklopeno \u010dlensk\u00fdmi st\u00e1ty NATO: Chorvatskem, Ma\u010farskem, Rumunskem, Bulharskem, Severn\u00ed Makedoni\u00ed a Alb\u00e1ni\u00ed. Pouze Bosna a Hercegovina nen\u00ed \u010dlenem NATO, ale m\u00e1 ak\u010dn\u00ed pl\u00e1n pro \u010dlenstv\u00ed a je pod kontrolou USA, mj. kv\u016fli zna\u010dn\u00fdm z\u00e1sob\u00e1m kvalitn\u00ed pitn\u00e9 vody.<\/p>\n<p>Srbsko nem\u00e1 p\u0159\u00edstup k mo\u0159i. Definitivn\u011b o n\u011bj p\u0159i\u0161lo po vystoupen\u00ed \u010cern\u00e9 Hory z konfederativn\u00edho svazku Srbsko a po vstupu \u010cern\u00e9 Hory do NATO v roce 2017. Podobn\u00fd osud \u010dek\u00e1 Ukrajinu bez ohledu na p\u0159\u00edpadnou dohodu o zastaven\u00ed boj\u016f: nebude m\u00edt p\u0159\u00edstup k\u00a0mo\u0159i. P\u0159ipom\u00edn\u00e1m, \u017ee p\u0159\u00edpadn\u00e1 dohoda nebude znamenat dohodu o m\u00edru nebo m\u00edrov\u00e9m uspo\u0159\u00e1d\u00e1n\u00ed.<\/p>\n<p>Srbsko m\u00e1 de iure spole\u010dnou hranici s Alb\u00e1ni\u00ed a de facto s Kosovem. Podle srbsk\u00e9 \u00fastavy se jedn\u00e1 o Autonomn\u00ed provincii Kosovo a Metohija &#8211; v r\u00e1mci Srbska. Podle rezoluce Rady bezpe\u010dnosti OSN \u010d. 1244 z 10. \u010dervna 1999 je Kosovo protektor\u00e1tem OSN a nen\u00ed pod kontrolou srbsk\u00fdch org\u00e1n\u016f. Nehled\u011b na tuto skute\u010dnost, dne 17. \u00fanora 2008 kosovsko-alb\u00e1nsk\u00e9 struktury za pln\u00e9 podpory n\u011bkolika z\u00e1padn\u00edch zem\u00ed jednostrann\u011b vyhl\u00e1sily nez\u00e1vislost Republiky Kosovo na Srbsku. Tuto nez\u00e1vislost uznalo p\u0159ibli\u017en\u011b sto \u010dlensk\u00fdch st\u00e1t\u016f OSN. Neexistuje tedy pln\u00e9 mezin\u00e1rodn\u00ed uzn\u00e1n\u00ed. Nem\u00e1 proto n\u00e1rok na zastoupen\u00ed v OSN. Srbsk\u00e1 republika nez\u00e1vislost Kosova neuzn\u00e1v\u00e1. Nez\u00e1vislost Kosova neuznali ani dva st\u00e1l\u00ed \u010dlenov\u00e9 Rady bezpe\u010dnosti OSN, Rusko a \u010c\u00edna. A zde za\u010d\u00edn\u00e1 intrika a zaj\u00edmav\u00fd probl\u00e9m pro USA, NATO a EU, v\u010detn\u011b mo\u017enosti nov\u00e9ho a nebezpe\u010dn\u00e9ho v\u00e1le\u010dn\u00e9ho konfliktu.<\/p>\n<p>Na \u00fazem\u00ed Kosova a Metohije tvo\u0159\u00ed Alb\u00e1nci v\u011bt\u0161inu obyvatelstva a sna\u017e\u00ed se vnutit svou v\u016fli srbsk\u00e9 men\u0161in\u011b. T\u00edm pokra\u010duj\u00ed v politice roz\u0161\u00ed\u0159en\u00ed suverenity v regionu. V provincii \u017eije p\u0159ibli\u017en\u011b 1,9 milionu obyvatel, z\u00a0nich\u017e je 100 000 a\u017e 120 000 Srb\u016f. Ti p\u0159edstavuj\u00ed v Kosovu nejv\u011bt\u0161\u00ed etnickou men\u0161inu. V\u011bt\u0161inou se soust\u0159e\u010fuj\u00ed v severn\u00ed \u010d\u00e1sti provincie. P\u0159ipom\u00edn\u00e1m, \u017ee v minulosti bylo z Kosova do st\u0159edn\u00edho Srbska vys\u00eddleno v\u00edce ne\u017e 250 000 Srb\u016f.<\/p>\n<p>Na konci \u010dervence 2022 se kosovsk\u00e9 org\u00e1ny rozhodly p\u0159estat uzn\u00e1vat srbsk\u00e9 doklady od 1. srpna 2022. Pl\u00e1nem bylo zablokovat vjezd v\u0161em, kte\u0159\u00ed nem\u011bli kosovsk\u00e9 doklady a n\u00e1siln\u011b p\u0159eregistrovat mj. srbsk\u00e9 pozn\u00e1vac\u00ed zna\u010dky na pozn\u00e1vac\u00ed zna\u010dky RKS (Republika Kosovo) a nep\u0159eregistrovan\u00e9 automobily zabavit. Podle odhadu Kosovsk\u00e9 \u00fa\u0159ad\u016f se jedn\u00e1 o p\u0159ibli\u017en\u011b 10 000 automobil\u016f s pozn\u00e1vac\u00edmi zna\u010dkami vydan\u00fdmi v Srbsku.<\/p>\n<p>Po protestech srbsk\u00e9ho obyvatelstva Kosova a vyhrocen\u00ed nap\u011bt\u00ed v\u0161ak bylo zaveden\u00ed nov\u00fdch pravidel odlo\u017eeno na 1. z\u00e1\u0159\u00ed 2022. Kl\u00ed\u010dovou roli v\u00a0odlo\u017een\u00ed zaveden\u00ed nov\u00fdch pravidel sehr\u00e1ly USA, kter\u00e9 stoj\u00ed za loutkovou vl\u00e1dou samozvan\u00e9 Kosovsk\u00e9 republiky. Pro\u010d USA zastavily odlo\u017een\u00ed zaveden\u00ed nov\u00fdch pravidel?<\/p>\n<p>USA maj\u00ed obavy z\u00a0v\u00e1lky, p\u0159esto\u017ee na \u00fazem\u00ed Kosova se nach\u00e1z\u00ed druh\u00e1 nejv\u011bt\u0161\u00ed americk\u00e1 vojensk\u00e1 z\u00e1kladna v Evrop\u011b &#8211; Camp Bondsteel. Jej\u00ed rozloha je cca 4 km2 a v\u00fdstavba st\u00e1la 8 miliard USD. V\u011bt\u0161ina staveb je v\u00a0podzem\u00ed, v\u010detn\u011b kryt\u016f pro p\u0159\u00edpad jadern\u00e9 v\u00e1lky. Podle ve\u0159ejn\u011b dostupn\u00fdch \u00fadaj\u016f je v Camp Bondsteel rozm\u00edst\u011bno p\u0159ibli\u017en\u011b 7 000 americk\u00fdch voj\u00e1k\u016f. N\u011bkte\u0159\u00ed politicky nekorektn\u00ed odborn\u00edci v\u0161ak tvrd\u00ed, \u017ee po\u010det voj\u00e1k\u016f je p\u0159ibli\u017en\u011b 23-25 tis\u00edc.<\/p>\n<p>Z\u00a0toho m\u00e1la uveden\u00e9ho vypl\u00fdv\u00e1, pokud jde o sou\u010dasnou situaci v Srbsku, nen\u00ed d\u016fvod k optimismu. Nen\u00ed toti\u017e mo\u017en\u00e9 dlouho p\u0159\u00e1t si nebo sed\u011bt na dvou \u017eidl\u00edch. To je obl\u00edben\u00e1 praxe prezidenta Vu\u010di\u010de: zavd\u011b\u010dit se Z\u00e1padu zachovat si svou a Srbsku omezenou suverenitu. Proto jedinou \u0161anc\u00ed pro Republiku Srbsko je obnoven\u00ed geopolitick\u00e9ho vlivu Ruska v Evrop\u011b a ve sv\u011bt\u011b. Pouze s pomoc\u00ed Moskvy si B\u011blehrad m\u016f\u017ee zachovat svou st\u00e1tnost. To se m\u016f\u017ee st\u00e1t pouze tehdy, zm\u011bn\u00ed-li se politick\u00e9 veden\u00ed a jednosm\u011brn\u00e1 orientace Srbska na Z\u00e1pad. Historie u\u010d\u00ed, \u017ee USA a NATO nedovoluj\u00ed zm\u011bny m\u00edrov\u00fdm zp\u016fsobem. Proto se s\u00a0pravd\u011bpodobnost\u00ed hrani\u010d\u00edc\u00ed s\u00a0jistotou neobejdeme bez v\u00e1lky na Balk\u00e1n\u011b.<\/p>\n<p><span style=\"font-size: 18pt;\"><strong>P\u0159edstaviteln\u00e1 budoucnost Balk\u00e1nu<\/strong><\/span><\/p>\n<p>P\u0159edpokl\u00e1d\u00e1m, \u017ee USA brzy postav\u00ed B\u011blehrad p\u0159ed volbu, nejpozd\u011bji: 1. z\u00e1\u0159\u00ed 2022. Samozvan\u00e1 Republika Kosovo zavede, jak p\u0159edpokl\u00e1d\u00e1m, z\u00e1kaz vyd\u00e1v\u00e1n\u00ed srbsk\u00fdch doklad\u016f. Nad\u011bje srbsk\u00e9 vl\u00e1dnouc\u00ed elity v t\u00e9to konfrontaci jsou mal\u00e9, pokryteck\u00e9 a jsou ur\u010deny pouze pro srbsk\u00fd lid. Pokud nebude srbsk\u00e1 ve\u0159ejnost vyv\u00edjet siln\u00fd tlak na srbskou vl\u00e1du, nebudou z\u00e1jmy Srb\u016f na Kosovu a Metohiji obhajiteln\u00e9 a z\u016fstanou pouze hlasit\u00e1 prohl\u00e1\u0161en\u00ed prezidenta Vu\u010di\u010de a vl\u00e1dy. Ta dovoluj\u00ed tvrdit, \u017ee Srbsko ustupuje Z\u00e1padu. Na druh\u00e9 stran\u011b lze tvrdit, \u017ee nen\u00ed nic p\u0159edur\u010deno a v\u0161e se m\u016f\u017ee zm\u011bnit, jakmile Rusko \u00fasp\u011b\u0161n\u011b dokon\u010d\u00ed alespo\u0148 prvn\u00ed f\u00e1zi speci\u00e1ln\u00ed vojensk\u00e9 operace na Ukrajin\u011b. Zm\u011bna m\u016f\u017ee p\u0159ij\u00edt nehled\u011b na skute\u010dnost, \u017ee NATO na dnech um\u00edstilo 3500 jednotek na kosovsk\u00e9 \u00fazem\u00ed. Nab\u00edz\u00ed se ot\u00e1zka i pro vl\u00e1du \u010cR: Jak\u00fdm pr\u00e1vem, kdy\u017e Kosovo nen\u00ed \u010dlenem NATO? Pro\u010d je NATO ochotno br\u00e1nit Kosovo proti Srb\u016fm?<\/p>\n<p>Odpov\u011bd\u011bt nen\u00ed jednoduch\u00e9, proto\u017ee lze sou\u010dasn\u011b p\u0159edpokl\u00e1dat, \u017ee voj\u00e1ci NATO nejsou schopni skute\u010dn\u00e9ho boje, EU je unavena boji na Ukrajin\u011b a USA stoj\u00ed p\u0159ed volbami do Kongresu. Jedin\u00e9, co NATO um\u00ed a m\u016f\u017ee, je znovu bombardovat Srbsko. Dojde-li k\u00a0takov\u00e9mu rozhodnut\u00ed, NATO naraz\u00ed na rusk\u00fd protileteck\u00fd obrann\u00fd syst\u00e9m, tak\u017ee\u2026.<\/p>\n<p>Pokud se nem\u00fdl\u00edm, srbsk\u00e1 a alb\u00e1nsk\u00e1 strana nedosp\u011bly v\u00a0Bruselu k \u017e\u00e1dn\u00e9 dohod\u011b. V\u00a0kontextu p\u0159ipom\u00edn\u00e1m, \u017ee po skand\u00e1lu s\u00a0p\u0159\u00edletem Sergeje Lavrova do Srbska 6. \u010dervna jeho srbsk\u00fd kolega Nikola Selakovi\u0107 Rusko nenav\u0161t\u00edvil, a\u010dkoli to sl\u00edbil, jakmile vy\u0161lo najevo, \u017ee n\u011bkolik zem\u00ed neotev\u0159e vzdu\u0161n\u00fd prostor pro rusk\u00e9 vl\u00e1dn\u00ed letadlo. Od t\u00e9 doby uplynuly v\u00edce ne\u017e dva m\u011bs\u00edce, Podle posledn\u00edch zpr\u00e1v m\u00edsto n\u011bj p\u0159ilet\u00ed do Moskvy Vulin 22. srpna. Jen pouh\u00fd den p\u0159ed pl\u00e1novanou n\u00e1v\u0161t\u011bvou Moskvy se srbsk\u00fd prezident Aleksandar Vu\u010di\u0107 setk\u00e1 se z\u00e1stupci kosovsk\u00fdch Srb\u016f a pot\u00e9 vystoup\u00ed p\u0159ed srbskou ve\u0159ejnost\u00ed s prohl\u00e1\u0161en\u00edm o v\u00fdsledc\u00edch jedn\u00e1n\u00ed s premi\u00e9rem Kosova Kurtim, kter\u00e9 se uskute\u010dnilo 18. a 19. srpna v\u00a0Bruselu. To Vu\u010di\u010d ozna\u010dil <em>za ne zcela \u00fasp\u011b\u0161n\u00e9<\/em>. Ji\u017e proto n\u00e1v\u0161t\u011bva ministra Vulina v\u00a0Moskv\u011b indikuje snahu zakr\u00fdt skute\u010dnost, \u017ee Vu\u010di\u010d nem\u00e1 odvahu vyslat Selakovi\u010de do Moskvy, aby si nerozhn\u011bval Z\u00e1pad.<\/p>\n<p>Pokud jde o vnitropolitickou slo\u017eku nadch\u00e1zej\u00edc\u00ed n\u00e1v\u0161t\u011bvy, samotn\u00e1 p\u0159\u00edtomnost ministra Vulina v Moskv\u011b ve velmi citliv\u00e9m politick\u00e9m okam\u017eiku m\u00e1 vyvolat dojem, \u017ee existuje jak\u00e1si rusko-srbsk\u00e1 koalice, kter\u00e1 by zabr\u00e1nila realizaci p\u0159edem popsan\u00e9ho \u0161patn\u00e9ho sc\u00e9n\u00e1\u0159e pro Srby, a to nejenom v Kosovu. Z\u00a0analytick\u00e9ho pohledu, tomu v\u0161ak m\u016f\u017ee v\u011b\u0159it jen ten, kdo m\u00e1 mal\u00e9 znalosti o skute\u010dn\u00e9 situaci nebo d\u00e1v\u00e1 p\u0159ednost politick\u00e9 propagand\u011b. Co m\u00e1m na mysli?<\/p>\n<p>Pokud by prezident Vu\u010di\u010d skute\u010dn\u011b hodlal vstoupit do konfliktu s Pri\u0161tinou, j\u00edm ovl\u00e1dan\u00e1 strana Srb\u016f by opustila koalici s premi\u00e9rem Kosova Kurtim. Vu\u010di\u010d podle osobn\u00edho hodnocen\u00ed autora p\u0159\u00edsp\u011bvku op\u011bt zneu\u017e\u00edv\u00e1 Rusko, p\u0159\u00edzn\u011b MZV a Sergeje Lavrova a vyu\u017e\u00edv\u00e1 Vulina jako mluv\u010d\u00edho k naprosto nere\u00e1ln\u00fdm prohl\u00e1\u0161en\u00edm v Moskv\u011b. Ta maj\u00ed zap\u016fsobit na srbsk\u00e9 ve\u0159ejn\u00e9 m\u00edn\u011bn\u00ed, kter\u00e9 je prorusky orientovan\u00e9 a myslet si, \u017ee Vu\u010di\u010d hodl\u00e1 podniknout v\u00e1\u017en\u00e9 kroky na ochranu Kosova a Metohije. Skute\u010dnost je ale zcela jin\u00e1. Pro\u010d a jak\u00e1?<\/p>\n<p>Aleksandar Vu\u010di\u010d se sna\u017e\u00ed tan\u010dit na dvou svatb\u00e1ch a sed\u011bt na dvou \u017eidl\u00edch sou\u010dasn\u011b ji\u017e od roku 2013. Srbsko nikdy nedos\u00e1hlo a bohu\u017eel v\u00a0p\u0159edstaviteln\u00e9 budoucnosti nedos\u00e1hne vytvo\u0159en\u00ed Spole\u010denstv\u00ed srbsk\u00fdch obc\u00ed v Kosovu. Pro\u010d? Proto\u017ee: 1) Alb\u00e1nci mezit\u00edm dostali v\u00edce, ne\u017e \u017e\u00e1dali. 2) Smyslem jedn\u00e1n\u00ed v\u00a0Bruselu \u2013 kde se norm\u00e1ln\u011b nevyjedn\u00e1v\u00e1, ale p\u0159ij\u00edmaj\u00ed rozkazy, je naj\u00edt zp\u016fsob, jak prodat z\u00e1kaz pou\u017e\u00edv\u00e1n\u00ed srbsk\u00fdch registra\u010dn\u00edch \u010d\u00edsel a srbsk\u00fdch doklad\u016f na \u00fazem\u00ed Kosova a Metohije. 3) N\u00e1v\u0161t\u011bva ministra Vulina v Moskv\u011b a odlo\u017een\u00ed tiskov\u00e9 konference po jedn\u00e1n\u00ed v Bruselu maj\u00ed uk\u00e1zat, \u017ee prezident Vu\u010di\u010d nekapituloval p\u0159ed alb\u00e1nsk\u00fdmi separatisty a \u017ee se nepod\u00edl\u00ed na budov\u00e1n\u00ed kosovsk\u00e9ho pseudost\u00e1tu. 4) Vu\u010di\u010d, jeho zkorumpovan\u00e1 a zlo\u010dineck\u00e1 klika maj\u00ed sv\u00e9 pen\u00edze na Z\u00e1pad\u011b. Jin\u00fdmi slovy: Prezident Vu\u010di\u010d je v\u00a0pasti. A nab\u00edz\u00ed se ot\u00e1zka: Pro\u010d tohle v\u0161echno trp\u00ed Kreml?<\/p>\n<p><span style=\"font-size: 18pt;\"><strong>Prvn\u00ed sv\u011btov\u00e1 v\u00e1lka a sou\u010dasn\u00e1 situace na Balk\u00e1nu<\/strong><\/span><\/p>\n<p>Jak\u00e9koli zamy\u0161len\u00ed nad Balk\u00e1nem, situac\u00ed v jednotliv\u00fdch st\u00e1tech po zni\u010den\u00ed feder\u00e1ln\u00ed Jugosl\u00e1vie a jejich v\u00fdvoji nem\u016f\u017ee ignorovat prvn\u00ed sv\u011btovou v\u00e1lku a zku\u0161enosti, kter\u00e9 v\u00e1lka a pov\u00e1le\u010dn\u00e9 uspo\u0159\u00e1d\u00e1n\u00ed sv\u011bta nab\u00edz\u00ed. Proto prvn\u00ed sv\u011btov\u00e1 v\u00e1lka je zku\u0161enost\u00ed minulosti, kterou by si nejenom Rusko, ale i my v\u00a0\u010desk\u00e9 kotlin\u011b m\u011bli p\u0159ipom\u00ednat. Pro\u010d?<\/p>\n<p>Nov\u00e1 eskalace kolem Srbska p\u0159ipom\u00edn\u00e1 l\u00e9to 1914. Po atent\u00e1tu na arciv\u00e9vodu Franti\u0161ka Ferdinanda, n\u00e1sledn\u00edka rakousko-uhersk\u00e9ho tr\u016fnu, sp\u00e1chan\u00e9m bosensk\u00fdm Srbem Gavrilo Principem, vypukla v Evrop\u011b prvn\u00ed sv\u011btov\u00e1 v\u00e1lka. Rusko bylo do konfliktu vta\u017eeno p\u0159ed 108 lety, 1. srpna 1914. Dnes m\u00e1me 4. srpna 2022, kdy prob\u011bhl rozhovor s\u00a0Dr. Sk\u00e1lou a 20. srpna, kdy aktualizuji rozhovor a pracuji na p\u00edsemn\u00e9 form\u011b p\u0159\u00edsp\u011bvku. A p\u0159ipom\u00edn\u00e1m, \u017ee tehdy byly ud\u00e1losti v Sarajevu pouh\u00fdm stisknut\u00edm spou\u0161t\u011b. N\u00e1roky \u00fa\u010dastn\u00edk\u016f v\u00e1lky se formovaly po l\u00e9ta a vych\u00e1zely z koloni\u00e1ln\u00edch z\u00e1jm\u016f mocnost\u00ed. Rozpory byly tak siln\u00e9, \u017ee je nikdo nedok\u00e1zal vy\u0159e\u0161it jinak ne\u017e v\u00e1lkou. A kdy\u017e Rakousko-Uhersko za\u00fato\u010dilo na B\u011blehrad, Rusko nest\u00e1lo stranou bratrsk\u00e9ho srbsk\u00e9ho lidu.<\/p>\n<p>Dnes, kdy se Rusko postavilo za Rusy v Donbasu, je obzvl\u00e1\u0161t\u011b d\u016fle\u017eit\u00e9 m\u00edt na pam\u011bti historick\u00e9 pou\u010den\u00ed, kter\u00e9 vyslovil v\u00a0ned\u00e1vn\u00e9m projevu prezident Putin: <em>Prvn\u00ed sv\u011btov\u00e1 v\u00e1lka je p\u0159ipom\u00ednkou toho, k \u010demu vede agresivita a sobectv\u00ed, p\u0159ehnan\u00e9 ambice st\u00e1tn\u00edch p\u0159edstavitel\u016f a politick\u00fdch elit, kter\u00e9 p\u0159eva\u017euj\u00ed nad zdrav\u00fdm rozumem a m\u00edsto aby zachovaly nej\u00fasp\u011b\u0161n\u011bj\u0161\u00ed kontinent sv\u011bta &#8211; Evropu &#8211; vystavuj\u00ed ji nebezpe\u010d\u00ed. Bylo by dobr\u00e9 m\u00edt to dnes na pam\u011bti.<\/em><\/p>\n<p>Nab\u00edz\u00ed se ot\u00e1zka: Co maj\u00ed spole\u010dn\u00e9ho ud\u00e1losti, kter\u00e9 od sebe d\u011bl\u00ed sto let, prvn\u00ed sv\u011btov\u00e1 v\u00e1lka, ukrajinsk\u00e1 a balk\u00e1nsk\u00e1 krize?<\/p>\n<p>V\u00a0prvn\u00edch dvou p\u0159\u00edpadech se Rusko vytrvale sna\u017eilo zabr\u00e1nit krveprolit\u00ed diplomatickou cestou. Rusk\u00e9 imp\u00e9rium se sna\u017eilo vyjedn\u00e1vat s Rakousko-Uherskem o srbsk\u00e9 ot\u00e1zce, ale tyto pokusy nar\u00e1\u017eely na hluch\u00e9 u\u0161i. Pro\u010d? Proto\u017ee V\u00edde\u0148 a jej\u00ed spojenci \u010dekali na z\u00e1minku k zah\u00e1jen\u00ed v\u00e1lky. Mikul\u00e1\u0161 II. po\u017e\u00e1dal n\u011bmeck\u00e9ho c\u00edsa\u0159e Vil\u00e9ma II., aby zabr\u00e1nil sv\u00e9mu spojenci zaj\u00edt ve v\u00e1lce proti Srbsku p\u0159\u00edli\u0161 daleko, ale byl odm\u00edtnut. Rusko vyhl\u00e1silo v\u00e1lku, kdy\u017e se p\u0159esv\u011bd\u010dilo o marnosti snahy vr\u00e1tit konflikt na diplomatickou p\u016fdu.<\/p>\n<p>V p\u0159\u00edpad\u011b Ukrajiny vojensk\u00e9 operaci p\u0159edch\u00e1zel st\u00e1tn\u00ed p\u0159evrat v Kyjev\u011b, \u0159\u00e1d\u011bn\u00ed radik\u00e1l\u016f, pron\u00e1sledov\u00e1n\u00ed ruskojazy\u010dn\u00fdch obyvatel a vyhl\u00e1\u0161en\u00ed <em>protiteroristick\u00e9 operace<\/em> proti t\u011bm, kte\u0159\u00ed s re\u017eimem nesouhlas\u00ed. Moskva se ji\u017e n\u011bkolik let sna\u017e\u00ed usnadnit diplomatick\u00e9 urovn\u00e1n\u00ed t\u00edm, \u017ee se \u00fa\u010dastn\u00ed normandsk\u00e9ho form\u00e1tu a minsk\u00fdch dohod. Kyjev a jeho z\u00e1padn\u00ed spojenci se v\u0161ak nejen\u017ee nepokusili konflikt vy\u0159e\u0161it, ale vyu\u017eili \u010das k tomu, aby Ukrajinu napumpovali zbran\u011bmi. Nebudu opakovat \u010d\u00edsla zni\u010den\u00fdch raket, letadel, munice apod. Skute\u010dnost mj. je, \u017ee kdy\u017e Rusko v\u00fdslovn\u011b po\u017eadovalo mezin\u00e1rodn\u00ed bezpe\u010dnostn\u00ed z\u00e1ruky, bylo odm\u00edtnuto.<\/p>\n<p>P\u0159ed prvn\u00ed sv\u011btovou v\u00e1lkou a b\u011bhem n\u00ed se Z\u00e1pad otev\u0159en\u011b vm\u011b\u0161oval do vnit\u0159n\u00edch z\u00e1le\u017eitost\u00ed Ruska. N\u011bmecko vynalo\u017eilo stovky milion\u016f marek na politickou destabilizaci a propagandu za vystoupen\u00ed z v\u00e1lky s N\u011bmeckem. N\u011bkte\u0159\u00ed historici vid\u00ed <em>ruku Berl\u00edna<\/em> i v ud\u00e1lostech roku 1917. Rozs\u00e1hl\u00e9 vm\u011b\u0161ov\u00e1n\u00ed Z\u00e1padu do vnit\u0159n\u00edch z\u00e1le\u017eitost\u00ed postsov\u011btsk\u00e9ho Ruska bylo v\u0161udyp\u0159\u00edtomn\u00e9. Obsahov\u00e9 platformy, nevl\u00e1dn\u00ed organizace, m\u00e9dia, jednotliv\u00ed novin\u00e1\u0159i ale i blogge\u0159i z\u00edskali od Z\u00e1padu finan\u010dn\u00ed prost\u0159edky a n\u00e1stroje k propagaci narativ\u016f, kter\u00e9 si p\u0159ej\u00ed nep\u0159\u00e1tel\u00e9 Ruska. Zr\u00e1dci, jin\u00fdmi slovy, p\u00e1t\u00e1 kolona, jednali pod rou\u0161kou liber\u00e1ln\u00ed ideologie.<\/p>\n<p>Dal\u0161\u00ed analogii lze spat\u0159ovat v zapojen\u00ed Ruska do osud\u016f n\u00e1rod\u016f, se kter\u00fdmi se pova\u017euje b\u00fdt sp\u0159\u00edzn\u011bno. Po stovky let byli Srbov\u00e9 rozd\u011bleni mezi Osmanskou \u0159\u00ed\u0161i a Rakousko-Uherskem. V 19. stolet\u00ed do\u0161lo k \u0159et\u011bzci ud\u00e1lost\u00ed, kter\u00e9 vedly k tomu, \u017ee r\u016fzn\u00e9 \u010d\u00e1sti n\u00e1roda z\u00edskaly s pomoc\u00ed Petrohradu autonomii a dok\u00e1zaly uh\u00e1jit svou nez\u00e1vislost. A zat\u00edmco osvobozeneck\u00e1 hnut\u00ed podkop\u00e1vala habsburskou vl\u00e1du, Rakousko-Uhersko se s podporou N\u011bmecka p\u0159ipravovalo na p\u0159\u00edmou konfrontaci se Srbskem, aby vy\u0159e\u0161ilo <em>slovanskou ot\u00e1zku<\/em>. Na Ukrajin\u011b jednadvac\u00e1t\u00e9ho stolet\u00ed Z\u00e1pad se rozhodl \u0159e\u0161it <em>ruskou ot\u00e1zku<\/em> politikou de-rusifikace, \u00fatlaku, n\u00e1sil\u00ed a vra\u017ed\u011bn\u00ed. Proto bychom nem\u011bli zapomenout, \u017ee tzv. rusk\u00e1 ot\u00e1zka je v podstat\u011b i slovansk\u00e1 ot\u00e1zka.<\/p>\n<p>Hlavn\u00ed p\u0159\u00ed\u010dinu konflikt\u016f v obou p\u0159\u00edpadech lze p\u0159i\u010d\u00edst koloni\u00e1ln\u00ed politice Z\u00e1padu. P\u0159ed sto lety sjednocen\u00e9 n\u011bmeck\u00e9 hospod\u00e1\u0159stv\u00ed rychle rostlo a pot\u0159ebovalo nov\u00e9 trhy a zdroje. V opa\u010dn\u00e9m p\u0159\u00edpad\u011b by hrozila recese. Ambice N\u011bmc\u016f podporovala skute\u010dnost, \u017ee jejich zem\u011b nedok\u00e1zala dr\u017eet krok s koloni\u00e1ln\u00edm rozd\u011blen\u00edm sv\u011bta a nem\u011bla \u017e\u00e1dn\u00e9 z\u00e1mo\u0159sk\u00e9 trhy, jako nap\u0159. Anglie nebo Francie. Dnes hroz\u00ed stagflace, ob\u010dansk\u00e9 nepokoje a omezen\u00fd technologick\u00fd rozvoj. USA se sna\u017e\u00ed udr\u017eet si status jedin\u00e9 supervelmoci a k tomu pot\u0159ebuj\u00ed oslabit moc sv\u00fdch geopolitick\u00fdch protivn\u00edk\u016f. T\u011bmi jsou jak Rusko a \u010c\u00edna, tak i EU a spojenci Washingtonu v NATO. Nedostatek p\u0159\u00edrodn\u00edch zdroj\u016f a nedostatek trh\u016f by mohl v\u00e9st k oslaben\u00ed americk\u00e9ho vlivu ve sv\u011bt\u011b. Toho se USA boj\u00ed, jako \u010dert sv\u011bcen\u00e9 vody. Proto mj. ta tzv. hybridn\u00ed v\u00e1lka.<\/p>\n<p>Jestli\u017ee koloni\u00e1ln\u00ed pot\u0159eby se v\u017edy realizovaly hegemonn\u00ed zem\u00ed prost\u0159ednictv\u00edm jin\u00fdch a v\u00e1lek, to po rozpadu SSSR si Z\u00e1pad vybral Ukrajinu. Na po\u010d\u00e1tku 20. stolet\u00ed byly hlavn\u00edmi protivn\u00edky Berl\u00edna Anglie a Francie a tak\u00e9 jejich spojenec Rusko. To bylo posti\u017eeno konfliktem mezi Rakousko-Uherskem a Srbskem. Po rozpadu SSSR, kdy\u017e si Z\u00e1pad vybral Ukrajinu k \u00fatoku na Rusko, p\u011bstoval na jej\u00edm \u00fazem\u00ed rusofobii a vyu\u017e\u00edval star\u00e9 ideologick\u00e9 praktiky Polska a Rakouska-Uherska o <em>ukrajinizaci<\/em> a emoce zb\u00edda\u010den\u00fdch a frustrovan\u00fdch ob\u010dan\u016f. V\u0161e k tomu obohatil o v\u00fdstavbu s\u00edt\u011b biolaborato\u0159\u00ed a pl\u00e1ny, \u017ee Kyjev bude m\u00edt op\u011bt jadern\u00e9 zbran\u011b.<\/p>\n<p>Nen\u00ed proto divu, \u017ee v p\u0159\u00edpad\u011b akc\u00ed USA, NATO a EU na Balk\u00e1n\u011b se Rusko zapoj\u00ed do konfliktu. To i proto, \u017ee zkorumpovan\u00fd a lav\u00edruj\u00edc\u00ed mezi Bruselem a Moskvou srbsk\u00fd prezident Vu\u010di\u010d nem\u00e1 velk\u00e9 \u0161ance na p\u0159e\u017eit\u00ed, proto\u017ee Srbov\u00e9 s rozumem, tj. oby\u010dejn\u00ed ob\u010dan\u00e9 Srbska &#8211; podle m\u00e9ho hodnocen\u00ed zpr\u00e1v a informac\u00ed zn\u00e1m\u00fdch ze Srbska tentokr\u00e1t nedovol\u00ed opakov\u00e1n\u00ed historie.<\/p>\n<p>P\u0159ipom\u00edn\u00e1m, \u017ee Srbsko pod veden\u00edm prezidenta Vu\u010di\u010de na jedn\u00e9 stran\u011b, stejn\u011b jako v\u0161echny ostatn\u00ed zem\u011b v regionu, usilovalo o vstup do Evropsk\u00e9 unie, na druh\u00e9 stran\u011b rozv\u00edjelo aktivn\u00ed hospod\u00e1\u0159sk\u00e9 a politick\u00e9 vztahy s Moskvou, Pekingem a Ankarou. Krom\u011b toho Srbsko za\u010dalo pl\u00e1novat kampa\u0148 na rozvoj vztah\u016f se zem\u011bmi severn\u00ed Afriky. Proto dnes B\u011blehrad se nach\u00e1z\u00ed v komplexn\u00ed a nejist\u00e9 situaci. Krom\u011b uveden\u00e9ho srbsk\u00e1 n\u00e1rodnostn\u00ed a \u00fazemn\u00ed ot\u00e1zka z\u016fst\u00e1v\u00e1 hlavn\u00edm nevy\u0159e\u0161en\u00fdm probl\u00e9mem na Balk\u00e1n\u011b. Dal\u0161\u00edm faktorem, kter\u00fd m\u011bn\u00ed postoj k sou\u010dasn\u00e9mu zhor\u0161en\u00ed situace na hranic\u00edch, je n\u00e1lada samotn\u00fdch Srb\u016f.<\/p>\n<p>1) Ve\u0159ejn\u00e9 m\u00edn\u011bn\u00ed v Srbsku ohledn\u011b \u0159e\u0161en\u00ed kosovsk\u00e9 ot\u00e1zky se vyv\u00edj\u00ed. Jestli\u017ee p\u0159ed n\u011bkolika lety drtiv\u00e1 v\u011bt\u0161ina Srb\u016f nejen ch\u00e1pala, ale tak\u00e9 \u0159\u00edkala, \u017ee je nutn\u00fd n\u011bjak\u00fd kompromis s Pri\u0161tinou, kter\u00fd by Srbsku umo\u017enil p\u0159ibl\u00ed\u017eit se EU a poskytnout Srb\u016fm na Kosovu a Metohiji ur\u010dit\u00e9 z\u00e1ruky, dnes se situace zm\u011bnila. Jak? Alb\u00e1nci nesplnili \u017e\u00e1dn\u00fd z kl\u00ed\u010dov\u00fdch z\u00e1vazk\u016f vypl\u00fdvaj\u00edc\u00edch z dohody o normalizaci vztah\u016f s B\u011blehradem. Pro\u010d? To je jin\u00e1 v\u011bc.<\/p>\n<p>2) Srbov\u00e9 vid\u00ed znovuzrozen\u00ed Ruska a raduj\u00ed se z n\u011bj. A pro n\u011b je to takov\u00e1 emocion\u00e1ln\u00ed touha po obnoven\u00ed spravedlnosti. Cel\u00fd komplex obt\u00ed\u017en\u00e9ho historick\u00e9ho d\u011bdictv\u00ed zm\u011bn\u011bn\u00e9 geopolitiky m\u011bn\u00ed postoj k samotn\u00e9 situaci, kter\u00e1 vznikla na konci \u010dervence tohoto roku: nov\u00e9 zhor\u0161en\u00ed.<\/p>\n<p>3) K nov\u00e9 eskalaci na srbsko-kosovsk\u00e9 hranici do\u0161lo v noci na 1. srpna. V severn\u00edm Kosmetu se spustil leteck\u00fd poplach a Srbov\u00e9 za\u010dali stav\u011bt barik\u00e1dy v Rudare, na d\u00e1lnici Pri\u0161tina-Leposavic a u m\u011bsta Zvecan. V pohrani\u010dn\u00ed oblasti byla sly\u0161et st\u0159elba.<\/p>\n<p>Udiven\u00ed p\u0159edstavitel\u00e9 USA, NATO a EU p\u0159itla\u010dili v\u016fdce Kosovo ke zdi a pozastavili realizaci pl\u00e1nu vedouc\u00edho k dal\u0161\u00edmu otev\u0159en\u00e9mu konfliktu v\u00a0Evrop\u011b. Ten si dnes EU nem\u016f\u017ee dovolit, ani\u017e by se v\u010detn\u011b NATO p\u0159es noc rozpadla. Rusko se nerozhodlo postavit vojenskou z\u00e1kladnu v\u00a0Srbsku, nech\u00e1v\u00e1 prezidenta Vu\u010di\u010de ve strachu o sv\u016fj \u017eivot (a \u017eivot sv\u00e9 kliky) a d\u011blat piruety mezi EK, NATO, USA a Kremlem. I proto nebezpe\u010d\u00ed vojensk\u00e9ho konfliktu na Balk\u00e1nu roste.<\/p>\n<p><span style=\"font-size: 18pt;\"><strong>Z\u00e1v\u011br<\/strong><\/span><\/p>\n<p>P\u0159edpokl\u00e1d\u00e1m, \u017ee Srbov\u00e9 nem\u00edn\u00ed ustoupit ani v z\u00e1\u0159\u00ed, p\u0159esto\u017ee tento postoj m\u016f\u017ee podpo\u0159it vznik v\u00e1lky. Ne nadarmo proto kosovsk\u00e1 policie v minul\u00fdch dnech instalovala u kontroln\u00edho stanovi\u0161t\u011b Jarinje pozorovac\u00ed v\u011b\u017e a zpevnila z\u00e1tarasy betonov\u00fdmi deskami a Stoltenberg v\u00a0odch\u00e1zen\u00ed uvedl: <em>KFOR zv\u00fd\u0161il svou p\u0159\u00edtomnost na kontroln\u00edch stanovi\u0161t\u00edch Jarina a Brnjak, aby m\u011bl lep\u0161\u00ed p\u0159ehled o situaci. V t\u00e9to oblasti bylo tak\u00e9 pos\u00edleno hl\u00eddkov\u00e1n\u00ed. Tato opat\u0159en\u00ed byla p\u0159ijata proto, aby KFOR mohl v p\u0159\u00edpad\u011b pot\u0159eby reagovat na jakoukoli bezpe\u010dnostn\u00ed v\u00fdzvu.<\/em> Stoltenberg ale nenab\u00eddl odpov\u011b\u010f na ot\u00e1zku: Budou nap\u0159. \u0161pan\u011bl\u0161t\u00ed voj\u00e1ci a \u0160pan\u011blsko, \u010dlen NATO, kter\u00fd neuzn\u00e1v\u00e1 Kosovo jako samostatn\u00fd st\u00e1t, ochotni bojovat za Kosovo proti Srb\u016fm?<\/p>\n<p>Kyjev ji\u017e zaznamenal zm\u011bnu priorit EU. Nejpal\u010div\u011bj\u0161\u00ed probl\u00e9my m\u00e1 EU sama se sebou a v\u011bt\u0161\u00ed p\u0159ed sebou. I proto poradce Asafov mj. prohl\u00e1sil: <em>Jde o snahu n\u011bjak\u00fdm zp\u016fsobem prost\u0159ednictv\u00edm ostr\u00e9 r\u00e9toriky upozornit na to, \u017ee Ukrajina je zrazov\u00e1na, a v tomto kontextu jsou takov\u00e1 prohl\u00e1\u0161en\u00ed \u010din\u011bna.<\/em> Ministr zahrani\u010d\u00ed Kuleba dodal<em>: Minist\u0159i zahrani\u010d\u00ed se m\u011b v rozhovorech a komunikaci \u010dasto ptaj\u00ed: Jak dlouho je\u0161t\u011b vydr\u017e\u00edte? M\u00edsto toho, aby se ptali, co je je\u0161t\u011b t\u0159eba ud\u011blat, aby zv\u00edt\u011bzila v co nejkrat\u0161\u00ed dob\u011b. Existuje pocit, \u017ee n\u011bkter\u00e9 evropsk\u00e9 zem\u011b o\u010dek\u00e1vaj\u00ed, \u017ee se Ukrajina &#8222;zhrout\u00ed&#8220; a v\u0161echny probl\u00e9my se vy\u0159e\u0161\u00ed samy.<\/em><\/p>\n<p>EU se domn\u00edv\u00e1, \u017ee pro Ukrajinu ji\u017e ud\u011blala v\u0161e, co bylo mo\u017en\u00e9, a je\u0161t\u011b v\u00edce. Z\u0159ejm\u011b douf\u00e1, \u017ee se jim poda\u0159\u00ed Srbsko uchl\u00e1cholit k jak\u00e9musi \u010d\u00e1ste\u010dn\u00e9mu souhlasu a t\u00edm zabr\u00e1nit nejhor\u0161\u00edmu.<\/p>\n<p>Kreml prohl\u00e1\u0161en\u00edm prezidenta Putina vydal podle hodnocen\u00ed Daily Express <em>d\u011bsiv\u00e9 varov\u00e1n\u00ed<\/em>: <em>Z\u00e1pad se ji\u017e dlouho sna\u017e\u00ed zabr\u00e1nit zem\u00edm, jako je \u00cdr\u00e1n nebo Severn\u00ed Korea, aby z\u00edskaly modern\u00ed a v\u00fdkonn\u00e9 zbran\u011b. Rusko je p\u0159ipraveno t\u011bmto zem\u00edm pomoci<\/em>. Z\u00a0uveden\u00e9ho mj. vypl\u00fdv\u00e1, \u017ee Rusko nebude v p\u0159\u00edpad\u011b vojensk\u00e9 hrozby ze strany USA utr\u00e1cet za taktick\u00e9 jadern\u00e9 zbran\u011b, proto\u017ee aktualizovan\u00e1 jadern\u00e1 doktr\u00edna RF p\u0159ipravila USA o mo\u017enost uplat\u0148ovat svou obvyklou taktiku skr\u00fdv\u00e1n\u00ed se za oce\u00e1nem a vyvol\u00e1v\u00e1n\u00ed konflikt\u016f po cel\u00e9m sv\u011bt\u011b.<\/p>\n<p>P\u0159ipom\u00edn\u00e1m, \u017ee jadern\u00e9 zbran\u011b, stejn\u011b jako jin\u00e9 zbran\u011b, jsou ur\u010deny k pou\u017eit\u00ed za ur\u010dit\u00fdch okolnost\u00ed. V p\u0159\u00edpad\u011b Ruska existuje strategick\u00e1 hrozba pro st\u00e1t ze strany vn\u011bj\u0161\u00edch sil. Podobn\u011b uva\u017eovaly v\u0161echny zem\u011b krom\u011b USA, kter\u00e9 pou\u017eily atomov\u00e9 bomby, a\u010dkoli jim nehrozilo \u017e\u00e1dn\u00e9 nebezpe\u010d\u00ed. Podm\u00ednky pro pou\u017eit\u00ed jadern\u00fdch zbran\u00ed si ur\u010duje ka\u017ed\u00fd st\u00e1t s\u00e1m. V p\u0159\u00edpad\u011b vn\u011bj\u0161\u00edho ohro\u017een\u00ed, do kter\u00e9ho spad\u00e1 i Balk\u00e1nsk\u00e1 v\u00fdzva, Rusko zas\u00e1hne p\u0159\u00edmo rozhodovac\u00ed centra, v\u011bt\u0161inou nach\u00e1zej\u00edc\u00ed se v\u00a0USA a EU. Washington a Brusel to mus\u00ed vz\u00edt v\u00a0\u00favahu.<\/p>\n<p>Srbov\u00e9 maj\u00ed jednu mo\u017enost, jestli si uv\u011bdom\u00ed pot\u0159ebu udr\u017eet st\u00e1tnost Srbska: Po\u017e\u00e1dat o pomoc Rusko, p\u0159esto\u017ee pro n\u011bj je dnes Ukrajina mnohem d\u016fle\u017eit\u011bj\u0161\u00ed. V\u00fdhodou ale je, \u017ee Rusko se nemus\u00ed sna\u017eit oslabovat EU a rozhodlo se redukovat vztahy na absolutn\u00ed minimum. Kdyby se Rusov\u00e9 rozhodli podpo\u0159it Srbsko, ke kter\u00e9mu se postupn\u011b p\u0159id\u00e1v\u00e1 i Bosna (mj. kv\u016fli politice vnucen\u00e9 EU), NATO bude muset b\u00fdt vy\u0159\u00edzeno rychle. Bez jadern\u00fdch zbran\u00ed a p\u0159i p\u0159edpokl\u00e1dan\u00e9 blok\u00e1d\u011b Srbska to nep\u016fjde. Proto t\u00e9m\u011b\u0159 v\u0161echno v\u00a0Evrop\u011b z\u00e1vis\u00ed na Rusku. V sou\u010dasn\u00e9 dob\u011b nen\u00ed nikdo, kdo by mohl se Srbskem v\u00e1l\u010dit. NATO nem\u016f\u017ee, Rusko nem\u016f\u017ee, kv\u016fli Ukrajin\u011b. Kosovo nen\u00ed schopn\u00e9 a Srbsko by to nem\u011blo d\u011blat. Souhlasu net\u0159eba.<\/p>\n<p><em><strong>Jan Campbell<\/strong><\/em><br \/>\n<em><strong>20.8.2022<\/strong><\/em><\/p>\n<p>&nbsp;<\/p>\n","protected":false},"excerpt":{"rendered":"<p>Od rozhovoru s\u00a0Dr. Sk\u00e1lou, kter\u00fd si poslechlo podle autorovi p\u0159edan\u00e9 informace v\u00edce ne\u017e 39.810 poslucha\u010d\u016f,&#8230;<\/p>\n","protected":false},"author":2,"featured_media":650,"comment_status":"closed","ping_status":"closed","sticky":false,"template":"","format":"standard","meta":[],"categories":[6],"tags":[821,1042,29,1063,139],"_links":{"self":[{"href":"https:\/\/www.infokuryr.cz\/n\/wp-json\/wp\/v2\/posts\/13940"}],"collection":[{"href":"https:\/\/www.infokuryr.cz\/n\/wp-json\/wp\/v2\/posts"}],"about":[{"href":"https:\/\/www.infokuryr.cz\/n\/wp-json\/wp\/v2\/types\/post"}],"author":[{"embeddable":true,"href":"https:\/\/www.infokuryr.cz\/n\/wp-json\/wp\/v2\/users\/2"}],"replies":[{"embeddable":true,"href":"https:\/\/www.infokuryr.cz\/n\/wp-json\/wp\/v2\/comments?post=13940"}],"version-history":[{"count":0,"href":"https:\/\/www.infokuryr.cz\/n\/wp-json\/wp\/v2\/posts\/13940\/revisions"}],"wp:featuredmedia":[{"embeddable":true,"href":"https:\/\/www.infokuryr.cz\/n\/wp-json\/wp\/v2\/media\/650"}],"wp:attachment":[{"href":"https:\/\/www.infokuryr.cz\/n\/wp-json\/wp\/v2\/media?parent=13940"}],"wp:term":[{"taxonomy":"category","embeddable":true,"href":"https:\/\/www.infokuryr.cz\/n\/wp-json\/wp\/v2\/categories?post=13940"},{"taxonomy":"post_tag","embeddable":true,"href":"https:\/\/www.infokuryr.cz\/n\/wp-json\/wp\/v2\/tags?post=13940"}],"curies":[{"name":"wp","href":"https:\/\/api.w.org\/{rel}","templated":true}]}}