{"id":13922,"date":"2022-08-22T01:05:33","date_gmt":"2022-08-21T23:05:33","guid":{"rendered":"http:\/\/www.infokuryr.cz\/n\/?p=13922"},"modified":"2022-08-21T14:15:40","modified_gmt":"2022-08-21T12:15:40","slug":"zbynek-fiala-netop-22","status":"publish","type":"post","link":"https:\/\/www.infokuryr.cz\/n\/2022\/08\/22\/zbynek-fiala-netop-22\/","title":{"rendered":"Zbyn\u011bk Fiala: NETOP 22"},"content":{"rendered":"<div id=\"fb-root\"><\/div>\n<p><strong>Na za\u010d\u00e1tku byl slib, \u017ee to bude drah\u00e9 a \u017ee to bude \u0161ok. Nyn\u00ed to dopl\u0148uj\u00ed svetry. Rozumn\u00e1 energetick\u00e1 politika je v \u010cesku zak\u00e1z\u00e1na. Premi\u00e9r Petr Fiala (ODS) vys\u00edl\u00e1 st\u00e1le optimisti\u010dt\u011bj\u0161\u00ed sign\u00e1ly, pokud jde o zvl\u00e1dnut\u00ed nadch\u00e1zej\u00edc\u00ed zimy. Se strategickou rezervou zemn\u00edho plynu, kterou vl\u00e1da disponuje (v\u0161e ostatn\u00ed je v zahrani\u010dn\u00edch rukou) klidn\u011b vydr\u017e\u00edme i t\u00fdden mrazu. Jen\u017ee ob\u010dan\u00e9 jsou mateni v\u00fdzvami p\u0159edsedkyn\u011b sn\u011bmovny Mark\u00e9tou Pekarovou Adamovou (TOP 09), a\u0165 si rad\u011bji opat\u0159\u00ed tlust\u00fd svetr.<\/strong><\/p>\n<p>Na s\u00edt\u00edch za\u010dala kolovat dezinformace o n\u00e1sleduj\u00edc\u00ed v\u00fdzv\u011b obyvatelstvu:<\/p>\n<p>\u201eTOPte na 09 stup\u0148\u016f, jinak v\u00e1m ODSt\u0159ihneme elekt\u0159inu a p\u016fjdete pod STAN SPOLU s bezdomovci.\u201c<\/p>\n<p>Podle jin\u00fdch pozorovatel\u016f (s\u00e1m to vid\u00edm taky tak) je p\u0159\u00edstup p\u0159edsedkyn\u011b sn\u011bmovny dokladem \u00fasp\u011b\u0161n\u00e9 transformace TOP 09 na NETOP 22.<\/p>\n<p>Dal\u0161\u00ed dezinformace je vkl\u00e1dan\u00e1 do \u00fast samotn\u00e9mu premi\u00e9rovi, podle kter\u00e9ho pr\u00fd vl\u00e1da rozhodla o sn\u00ed\u017een\u00ed bodu varu na 80 stup\u0148\u016f. Ve skute\u010dnosti na n\u00e1s vl\u00e1da mysl\u00ed, a kdy\u017e nebude teplo, boudou aspo\u0148 n\u011bjak\u00e9 drobn\u00e9 pen\u00edze. Dezinformac\u00ed nen\u00ed premi\u00e9r\u016fv slavnostn\u00ed slib z \u010dervnov\u00e9ho zvl\u00e1\u0161tn\u00edho televizn\u00edho projevu k n\u00e1rodu, \u017ee n\u00e1s nenech\u00e1 padnout. Relativn\u011b, samoz\u0159ejm\u011b. Jak upozornil, bude to st\u00e1t hodn\u011b pen\u011bz a r\u016fst energi\u00ed v dal\u0161\u00edch m\u011bs\u00edc\u00edch bude \u0161ok.<\/p>\n<p><a href=\"https:\/\/www.novinky.cz\/domaci\/clanek\/bude-to-stat-hodne-usili-a-hodne-penez-ale-nenechame-vas-padnout-rekl-fiala-40400950\" target=\"_blank\" rel=\"noopener\">https:\/\/www.novinky.cz\/domaci\/clanek\/bude-to-stat-hodne-usili-a-hodne-penez-ale-nenechame-vas-padnout-rekl-fiala-40400950<\/a><\/p>\n<p>Te\u010f jde o to, kam ty velk\u00e9 pen\u00edze p\u016fjdou a jestli je ten \u0161ok nutn\u00fd.<\/p>\n<p>Nap\u0159ed k tomu \u0161oku. Ceny energi\u00ed rostly u\u017e p\u0159ed v\u00e1lkou, ta je pak zakonzervovala a vy\u0161ponovala s vyhl\u00eddkou, \u017ee nakonec plyn nebude skoro v\u016fbec. Do v\u00e1lky se hrneme jako m\u00e1lokdo. Nejinformovan\u011bj\u0161\u00ed osoba v zemi plukovn\u00edk Koudelka potvrdil, \u017ee jsme na \u010dele protirusk\u00e9ho \u00fasil\u00ed. Ministryn\u011b obrany \u010cernochov\u00e1 chce dokonce Rusko uzbrojit.<\/p>\n<p><a href=\"https:\/\/www.reflex.cz\/clanek\/prostor-x\/114630\/ministryne-cernochova-putina-muzeme-uzbrojit-musime-se-probudit-bezpecnost-a-obrana-nejsou-zadarmo.html\" target=\"_blank\" rel=\"noopener\">https:\/\/www.reflex.cz\/clanek\/prostor-x\/114630\/ministryne-cernochova-putina-muzeme-uzbrojit-musime-se-probudit-bezpecnost-a-obrana-nejsou-zadarmo.html<\/a><\/p>\n<p>Pr\u00e1v\u011b \u010desk\u00fd n\u00e1kup americk\u00fdch st\u00edha\u010dek m\u00e1 Putina vyd\u011bsit n\u00e1zorn\u00fdm p\u0159\u00edkladem, jak takov\u00e1 uzbrojen\u00e1 zem\u011b dopadne. Dal\u0161\u00ed my\u0161lenka \u010cernochov\u00e9, \u017ee bezpe\u010dnost a obrana nejsou zadarmo, potvrzuje optimistickou p\u0159edstavu, \u017ee v \u010cesku je\u0161t\u011b zdaleka nebylo v\u0161echno rozkradeno. Bezpe\u010dnost a obrana p\u0159edstavuj\u00ed zaj\u00edmav\u00fd tip, co by se je\u0161t\u011b dalo prodat. Ale my\u0161lenky do toho netahejme, dr\u017eme se v\u00e1lky a plynu. Vzhledem k tomu, \u017ee jsme zem\u00ed, kter\u00e1 je nejv\u00edc z\u00e1visl\u00e1 na rusk\u00e9m plynu, je p\u0159\u00edkladn\u00fd protirusk\u00fd postoj \u010desk\u00e9 vl\u00e1dy docela n\u00e1ro\u010dnou v\u011bc\u00ed i pro profesorskou hlavu.<\/p>\n<p>Ve skute\u010dnosti je to mnohem jednodu\u0161\u0161\u00ed. Nen\u00ed plyn, nen\u00ed probl\u00e9m. Vem z dlan\u011b chlup \u2013 zbyte\u010dn\u00e1 starost. Co nen\u00ed, nem\u00e1 ani cenu, tak\u017ee cenov\u00fd v\u00fdvoj zemn\u00edho plynu pro dom\u00e1c\u00ed spot\u0159ebu ponechme stranou. Jinou v\u011bc\u00ed je, \u017ee ceny plynu ovliv\u0148uj\u00ed ceny elekt\u0159iny, proto\u017ee na energetick\u00fdch burz\u00e1ch se stanovuje cena elekt\u0159iny podle nejdra\u017e\u0161\u00edho zdroje, kter\u00fd je\u0161t\u011b na\u0161el popt\u00e1vku, a t\u00edm jsou te\u010f plynov\u00e9 elektr\u00e1rny. P\u0159esn\u011bji, zahrani\u010dn\u00ed elektr\u00e1rny na zahrani\u010dn\u00ed energetick\u00e1 burze v Lipsku.<\/p>\n<p>Okam\u017eit\u011b se vnucuje p\u0159edstava, \u017ee ta burza za to m\u016f\u017ee. Mno\u017e\u00ed se doporu\u010den\u00ed, aby se na burze prod\u00e1valy jen p\u0159ebytky, kter\u00e9 jdou na zahrani\u010dn\u00ed trh, ale doma se cena elekt\u0159iny odvozovala od dom\u00e1c\u00edch n\u00e1klad\u016f. Ve skute\u010dnosti se na burze prod\u00e1vaj\u00ed jen p\u0159ebytky u\u017e te\u010f, ale i dom\u00e1c\u00ed ceny se stanovuj\u00ed podle energetick\u00e9 burzy v Lipsku. Tak to d\u011bl\u00e1 \u010cEZ, kde m\u00e1 vl\u00e1da v\u011bt\u0161inov\u00fd pod\u00edl. Mohla by cenu ovlivnit, ale nechce, tvrd\u00ed, \u017ee jde o soukromou firmu. Nem\u011bli jste to privatizovat!<\/p>\n<p>Pravda, je to spole\u010dnost s \u00fa\u010dast\u00ed st\u00e1tu, dokonce v\u011bt\u0161inovou. Av\u0161ak po\u0159\u00e1d je to firma soukrom\u00e1, a povinnost\u00ed soukrom\u00e9 firmy je maximalizace zisku pro akcion\u00e1\u0159e. Kdy\u017e to neud\u011bl\u00e1, akcion\u00e1\u0159i se mohou soudit a nejsp\u00ed\u0161 to vyhraj\u00ed. Jsou mudrlanti, kte\u0159\u00ed tvrd\u00ed, \u017ee nevyhraj\u00ed, ale riziko tu je. Premi\u00e9r Fiala proto do sv\u00e9 sady sign\u00e1l\u016f za\u0159adil vyhl\u00eddku p\u0159\u00edpadn\u00e9ho vykoupen\u00ed minoritn\u00edch akcion\u00e1\u0159\u016f, aby byla spole\u010dnost st\u00e1tn\u00ed stoprocentn\u011b. V dob\u011b, kdy o tom mluvil, by na to sta\u010dilo asi dv\u011b st\u011b miliard korun.<\/p>\n<p>Za ty pen\u00edze by st\u00e1t z\u00edskal pr\u00e1vo ur\u010dovat ceny pro dom\u00e1c\u00ed spot\u0159ebitele, jak to zkou\u0161\u00ed francouzsk\u00e1 EDF. Jen\u017ee v pozad\u00ed je je\u0161t\u011b n\u00e1ro\u010dn\u011bj\u0161\u00ed z\u00e1m\u011br, st\u00e1t by se pak nemusel handrkovat s akcion\u00e1\u0159i ani o to, zda postavit dal\u0161\u00ed jadern\u00e9 elektr\u00e1rny. Do toho se akcion\u00e1\u0159i nehrnou, a ani \u010cEZ, pokud by to m\u011blo b\u00fdt bez st\u00e1tn\u00ed podpory. Cenu takov\u00e9 investice nem\u00e1 cenu odhadovat, podobn\u011b jako dobu v\u00fdstavby, klidn\u011b berte dvojn\u00e1sobek nebo trojn\u00e1sobek toho, co v\u00e1m dneska n\u011bkdo \u0159ekne. Ale pokud to bude cht\u00edt st\u00e1t zaplatit, asi n\u00e1m na cen\u011b elekt\u0159iny neulev\u00ed, s\u00e1m bude ty prachy moc a moc pot\u0159ebovat.<\/p>\n<p>Jen\u017ee ani kdy\u017e to postav\u00ed, nen\u00ed jistota, \u017ee to skute\u010dn\u011b pob\u011b\u017e\u00ed. Sou\u010dasn\u00e9 vysok\u00e9 ceny elekt\u0159iny jsou d\u016fsledkem toho \u017ee elekt\u0159iny je nedostatek nejen kv\u016fli sl\u00e1bnouc\u00edmu plynu. Ze hry vypadly tak\u00e9 francouzsk\u00e9 exporty elekt\u0159iny, proto\u017ee klimatick\u00e9 zm\u011bny mu\u010d\u00ed Evropu takov\u00fdm zp\u016fsobem, \u017ee v \u0159ek\u00e1ch nen\u00ed dost vody na chlazen\u00ed francouzsk\u00fdch jadern\u00fdch blok\u016f. Nebo je tak horko, \u017ee dal\u0161\u00ed oh\u0159\u00edva\u010d vody z chlazen\u00ed t\u011bchto elektr\u00e1ren by v \u0159ece vyhubil v\u0161e \u017eiv\u00e9.<\/p>\n<p>\u010cesk\u00e9 jadern\u00e9 elektr\u00e1rny maj\u00ed z\u00e1sobn\u00edky vody, kter\u00e9 chv\u00edli vydr\u017e\u00ed, kdy\u017e t\u0159eba Temel\u00ednu voda ve Vltav\u011b klesne. Jen\u017ee, co kdy\u017e bude klesat ka\u017edoro\u010dn\u011b? Labe u\u017e jsme m\u011bli such\u00e9. Budeme tam vodu vozit v cistern\u00e1ch? Vycucneme i sousedn\u00ed \u0159eky, kde je\u0161t\u011b trocha vody je? P\u0159ed dv\u011bma lety pro zm\u011bnu ochrnuly vedrem n\u011bmeck\u00e9 jadern\u00e9 elektr\u00e1rny a v Temel\u00edn\u011b chladili jedin\u00fd blok, kter\u00fd byl v provozu, v\u0161emi \u010dty\u0159mi chlad\u00edc\u00edmi v\u011b\u017eemi.<\/p>\n<p><a href=\"https:\/\/ct24.ceskatelevize.cz\/ekonomika\/2880272-temelin-ma-v-provozu-jeden-reaktor-kvuli-horku-ho-ale-osvezuji-vsechny-ctyri\" target=\"_blank\" rel=\"noopener\">https:\/\/ct24.ceskatelevize.cz\/ekonomika\/2880272-temelin-ma-v-provozu-jeden-reaktor-kvuli-horku-ho-ale-osvezuji-vsechny-ctyri<\/a><\/p>\n<p>Sign\u00e1ly, \u017ee to bude st\u00e1t hodn\u011b pen\u011bz, sto miliard, \u017e\u00e1dn\u00e1 m\u00edra, tedy vl\u00e1da vys\u00edl\u00e1, a \u017ee to bude \u0161ok, taky. Kolik pen\u011bz, jak a komu a jak\u00fd \u0161ok, to zat\u00edm nev\u00edme. Trh, kter\u00fd nem\u00e1 jasn\u00fd sm\u011br, pak nutn\u011b n\u00e1sleduje Cimrmanovsk\u00fd cyklus o\u010dek\u00e1v\u00e1n\u00ed a zklam\u00e1n\u00ed. Zaj\u00edmav\u00fd pohled zdola ukazuje zpr\u00e1va o pot\u00ed\u017e\u00edch Pardubick\u00e9ho kraje, kter\u00fd je\u0161t\u011b v p\u016fli srpna netu\u0161il, kdo a za kolik mu bude dod\u00e1vat energie v p\u0159\u00ed\u0161t\u00edm roce. Tu\u0161\u00ed jen, \u017ee to bude pr\u016f\u0161vih:<\/p>\n<p>\u201eZemn\u00ed plyn se i p\u0159es opakovanou sout\u011b\u017e zat\u00edm neda\u0159\u00ed vysout\u011b\u017eit v\u016fbec. Nikdo nepodal nab\u00eddku v r\u00e1mci vyhl\u00e1\u0161en\u00e9ho v\u00fdb\u011brov\u00e9ho \u0159\u00edzen\u00ed. Elektrick\u00e1 energie je na tom trochu l\u00edp, ale opravdu jen o malinko. M\u00e1me sice distributora, nem\u00e1me ov\u0161em cenu. St\u00e1le tedy \u010dek\u00e1me, uvedl hejtman Martin Netolick\u00fd na sv\u00e9m facebookov\u00e9m profilu. Podle n\u011bj se astronomick\u00e9 \u010d\u00e1stky bezesporu dotknou i krajsk\u00e9ho rozpo\u010dtu, a to velmi v\u00fdrazn\u011b.\u201c<\/p>\n<p><a href=\"https:\/\/nasregion.cz\/trable-pardubickeho-kraje-stale-nema-dodavatele-energii-na-pristi-rok-288375\/\" target=\"_blank\" rel=\"noopener\">https:\/\/nasregion.cz\/trable-pardubickeho-kraje-stale-nema-dodavatele-energii-na-pristi-rok-288375\/<\/a><\/p>\n<p>Trochu odli\u0161n\u00fd obraz p\u0159ivezla z Bavorska redakce iDNES.cz spole\u010dn\u011b s Hnut\u00edm DUHA po n\u00e1v\u0161t\u011bv\u011b tam\u011bj\u0161\u00edch energetick\u00fdch komunit. Atrakci p\u0159edstavovaly sol\u00e1ry zaintegrovan\u00e9 do protihlukov\u00e9 st\u011bny u silnice, jak si je vybudovali v m\u011bste\u010dku Neu\u00f6tting. Elekt\u0159inou se nap\u00e1j\u00ed \u0161kola opod\u00e1l a m\u00e1 ji o polovinu levn\u011bj\u0161\u00ed ne\u017e z trhu. Vertik\u00e1ln\u00ed panely sb\u00edraj\u00ed i n\u00edzk\u00e9 zimn\u00ed slunce, kdy \u0161kola elekt\u0159inu nejv\u00edc pot\u0159ebuje. Nad parkovi\u0161t\u011bm je fotovoltaick\u00fdmi panely os\u00e1zen\u00e1 st\u0159echa, kter\u00e1 krm\u00ed \u010dty\u0159i nab\u00edje\u010dky. Jde o dru\u017estevn\u00ed projekt:<\/p>\n<p>\u201eEGIS za\u010d\u00ednalo se 150 \u010dleny z okol\u00ed Neu\u00f6ttingu, dnes jich m\u00e1 1600 a \u0159ad\u00ed se mezi nejv\u011bt\u0161\u00ed dru\u017estva v N\u011bmecku. St\u011bna je jen \u0161pi\u010dkou ledovce. Dru\u017estvo dojedn\u00e1v\u00e1 \u010dasto pion\u00fdrsk\u00e9 projekty se samospr\u00e1vami \u010di soukrom\u00fdmi firmami po cel\u00e9 Spolkov\u00e9 republice, nap\u0159\u00edklad v obci Emmerting vyr\u00e1b\u00ed z obnoviteln\u00fdch zdroj\u016f teplo. D\u00e1le m\u00e1 15 projekt\u016f pozemn\u00edch a st\u0159e\u0161n\u00edch instalac\u00ed s celkov\u00fdm v\u00fdkonem p\u0159es 51 megawatt.\u201c<\/p>\n<p><a href=\"https:\/\/www.idnes.cz\/ekonomika\/zahranicni\/komunitni-energetika-obnovitelne-zdroje-klimaticka-zmena-nemecko-druzstvo.A220715_095339_domaci_idvs\" target=\"_blank\" rel=\"noopener\">https:\/\/www.idnes.cz\/ekonomika\/zahranicni\/komunitni-energetika-obnovitelne-zdroje-klimaticka-zmena-nemecko-druzstvo.A220715_095339_domaci_idvs<\/a><\/p>\n<p>Tohle by zat\u00edm v \u010cesku ne\u0161lo, i kdy\u017e Unii komunitn\u00ed energetiky u\u017e m\u00e1me, ale jedn\u00e1 se o b\u011bh nam\u00edst\u011b, rozcvi\u010dku p\u0159ed startem. St\u00e1le se \u010dek\u00e1 na novelu energetick\u00e9ho z\u00e1kona, kter\u00e1 by vytvo\u0159ila pravidla pro energetick\u00e1 sdru\u017een\u00ed a komunitn\u00ed energetiku. \u010cek\u00e1 se p\u0159edlouho, u\u017e dva roky m\u011bla b\u00fdt a nezd\u00e1 se, \u017ee by to vl\u00e1da cht\u011bla n\u011bjak urychlit.<\/p>\n<p>Posledn\u00edch p\u00e1r dn\u00ed je kone\u010dn\u011b na trati aspo\u0148 prvn\u00ed rozb\u011bh do mo\u017en\u00e9 budoucnosti. St\u00e1tn\u00ed fond \u017eivotn\u00edho prost\u0159ed\u00ed \u010cR minul\u00fd t\u00fdden otev\u0159el dv\u011b v\u00fdzvy z Moderniza\u010dn\u00edho fondu na dotace pro v\u00fdstavbu fotoelektrick\u00fdch elektr\u00e1ren pro men\u0161\u00ed obce (syst\u00e9my do 1 MWp) a v\u011bt\u0161\u00ed a st\u00e1tn\u00ed subjekty (nad 1 MWp). Jsou na to 4 miliardy korun.<\/p>\n<p>Je to pro obce, nikoliv v\u0161ak komunity. Je tam zaj\u00edmav\u00e1 podm\u00ednka, \u017ee projekt mus\u00ed slou\u017eit z 80 procent pro vlastn\u00ed pot\u0159ebu. Znamen\u00e1 to, \u017ee t\u0159eba \u0161kola m\u016f\u017ee m\u00edt na st\u0159e\u0161e jen velmi poddimenzovan\u00fd syst\u00e9m, proto\u017ee nejv\u00edc se vyr\u00e1b\u00ed o pr\u00e1zdnin\u00e1ch, kdy tam nikdo nen\u00ed. Chyb\u00ed tam mo\u017enosti pro roz\u0161i\u0159ov\u00e1n\u00ed projektu i pro ob\u010dany obce a \u0161ir\u0161\u00edho regionu. To by uj\u00eddalo velk\u00fdm v\u00fdrobc\u016fm z trhu.<\/p>\n<p>V \u010desk\u00e9m pojet\u00ed boje s energetickou kriz\u00ed maj\u00ed tedy dotace na drahotu p\u0159ednost p\u0159ed investicemi proti drahot\u011b. Ani tahle megakrize nem\u00e1 nahlodat z\u00e1kladn\u00ed nastaven\u00ed syst\u00e9mu, kde pen\u00edze te\u010dou t\u00edm spr\u00e1vn\u00fdm sm\u011brem. Vl\u00e1da nem\u00e1 daleko k revolu\u010dn\u00edm my\u0161lenk\u00e1m, jako je zest\u00e1tn\u011bn\u00ed \u010cEZ nebo zabaven\u00ed z\u00e1sob plynu v z\u00e1sobn\u00edc\u00edch na \u010desk\u00e9m \u00fazem\u00ed, kter\u00e9 vlastn\u00ed zahrani\u010dn\u00ed spole\u010dnosti, tedy opat\u0159en\u00ed v\u00e1le\u010dn\u00e9ho komunismu, ne\u017e aby ustoupila skute\u010dn\u00e9mu dru\u017estevnictv\u00ed (\u201esoc\u00edku\u201c) a lidi z toho n\u011bco m\u011bli. Premi\u00e9r\u016fv slib, \u017ee to bude drah\u00e9 a \u017ee to bude \u0161ok, se m\u00e1 naplnit.<\/p>\n<p>Jak\u00fd je rozd\u00edl mezi dotacemi na drahou energii pro dom\u00e1cnosti a investi\u010dn\u00ed podporou pro komunitn\u00ed obnoviteln\u00e9 zdroje? Dotace podporuj\u00ed drahou energii centr\u00e1ln\u00edch dodavatel\u016f, kte\u0159\u00ed se mohou vymlouvat na z\u00e1jmy akcion\u00e1\u0159\u016f. Vypad\u00e1 to tedy jako pomoc lidem, ale je to proti lidem \u2013 pen\u00edze na dotace se vy\u010derpaj\u00ed, st\u00e1tn\u00ed dluhy narostou, jejich obsluha v podob\u011b vysok\u00fdch \u00farok\u016f nav\u00fd\u0161\u00ed zisky bank. Bude to drah\u00e9 i v dob\u011b, kdy u\u017e to nikomu nepom\u016f\u017ee.<\/p>\n<p>Investi\u010dn\u00ed a p\u0159\u00edpadn\u011b i jin\u00e1 st\u00e1tn\u00ed podpora pro rozb\u011bh komunitn\u00edch energetik na b\u00e1zi obnoviteln\u00fdch zdroj\u016f je jasn\u011b v\u00fdhodn\u011bj\u0161\u00ed. Jakmile se investice rozeb\u011bhne, p\u0159i dne\u0161n\u00edch cen\u00e1ch \u017e\u00e1dnou dotaci nepot\u0159ebuje a brzy nab\u00eddne vlastn\u00edk\u016fm, tedy \u010dlen\u016fm obce a dru\u017estva, ni\u017e\u0161\u00ed ceny nebo pod\u00edl na zisku, co\u017e vyjde nastejno. Projekt se buduje tak, aby to fungovalo a slou\u017eilo ob\u010dan\u016fm. Ale to, jak zn\u00e1mo, kaz\u00ed k\u0161eft.<\/p>\n<p>V\u00e1lka tak p\u0159i\u0161la docela vhod, je to na koho hodit. \u017de to nefunguje? \u201eNesm\u00edme podl\u00e9hat z\u00e1v\u011bru, \u017ee sankce bol\u00ed v\u00edce n\u00e1s ne\u017e Rusko,\u201c povzbudila n\u00e1s p\u0159ed p\u0159\u00edpadnou tuhou zimou Mark\u00e9ta Pekarov\u00e1 Adamov\u00e1. Svetry NETOP 22 zv\u00edt\u011bz\u00ed!<\/p>\n<p><a href=\"http:\/\/vasevec.parlamentnilisty.cz\/komentare\/zbynek-fiala-netop-22\">Zbyn\u011bk Fiala<\/a><\/p>\n<p>&nbsp;<\/p>\n","protected":false},"excerpt":{"rendered":"<p>Na za\u010d\u00e1tku byl slib, \u017ee to bude drah\u00e9 a \u017ee to bude \u0161ok. Nyn\u00ed to&#8230;<\/p>\n","protected":false},"author":2,"featured_media":7354,"comment_status":"closed","ping_status":"closed","sticky":false,"template":"","format":"standard","meta":[],"categories":[6],"tags":[1298,29,371,727,193,99],"_links":{"self":[{"href":"https:\/\/www.infokuryr.cz\/n\/wp-json\/wp\/v2\/posts\/13922"}],"collection":[{"href":"https:\/\/www.infokuryr.cz\/n\/wp-json\/wp\/v2\/posts"}],"about":[{"href":"https:\/\/www.infokuryr.cz\/n\/wp-json\/wp\/v2\/types\/post"}],"author":[{"embeddable":true,"href":"https:\/\/www.infokuryr.cz\/n\/wp-json\/wp\/v2\/users\/2"}],"replies":[{"embeddable":true,"href":"https:\/\/www.infokuryr.cz\/n\/wp-json\/wp\/v2\/comments?post=13922"}],"version-history":[{"count":1,"href":"https:\/\/www.infokuryr.cz\/n\/wp-json\/wp\/v2\/posts\/13922\/revisions"}],"predecessor-version":[{"id":13923,"href":"https:\/\/www.infokuryr.cz\/n\/wp-json\/wp\/v2\/posts\/13922\/revisions\/13923"}],"wp:featuredmedia":[{"embeddable":true,"href":"https:\/\/www.infokuryr.cz\/n\/wp-json\/wp\/v2\/media\/7354"}],"wp:attachment":[{"href":"https:\/\/www.infokuryr.cz\/n\/wp-json\/wp\/v2\/media?parent=13922"}],"wp:term":[{"taxonomy":"category","embeddable":true,"href":"https:\/\/www.infokuryr.cz\/n\/wp-json\/wp\/v2\/categories?post=13922"},{"taxonomy":"post_tag","embeddable":true,"href":"https:\/\/www.infokuryr.cz\/n\/wp-json\/wp\/v2\/tags?post=13922"}],"curies":[{"name":"wp","href":"https:\/\/api.w.org\/{rel}","templated":true}]}}