{"id":13912,"date":"2022-08-22T01:00:59","date_gmt":"2022-08-21T23:00:59","guid":{"rendered":"http:\/\/www.infokuryr.cz\/n\/?p=13912"},"modified":"2022-08-21T11:14:57","modified_gmt":"2022-08-21T09:14:57","slug":"japonsko-se-hodla-branit-proti-cine-a-severni-koreji-raketami-dlouheho-doletu","status":"publish","type":"post","link":"https:\/\/www.infokuryr.cz\/n\/2022\/08\/22\/japonsko-se-hodla-branit-proti-cine-a-severni-koreji-raketami-dlouheho-doletu\/","title":{"rendered":"Japonsko se hodl\u00e1 br\u00e1nit proti \u010c\u00edn\u011b a Severn\u00ed Koreji raketami dlouh\u00e9ho doletu"},"content":{"rendered":"<div id=\"fb-root\"><\/div>\n<p><strong>Japonsko zva\u017euje rozm\u00edst\u011bn\u00ed 1000 raket dlouh\u00e9ho doletu kolem ostrov\u016f Nansei na jihoz\u00e1pad\u011b, uvedl Ouest-France s odkazem na japonsk\u00fd list Yomiuri.\u00a0<\/strong><strong>Tokio douf\u00e1, \u017ee t\u00edmto zp\u016fsobem zv\u00fd\u0161\u00ed svou schopnost vr\u00e1tit \u00fader v p\u0159\u00edpad\u011b \u00fatoku z \u010c\u00edny a Severn\u00ed Koreje.<\/strong><\/p>\n<p><span>Japonsko pl\u00e1nuje rozm\u00edstit 1000 raket dlouh\u00e9ho doletu, aby pos\u00edlilo svou schopnost vr\u00e1tit \u00fader na Severn\u00ed Koreu a \u010c\u00ednu, p\u00ed\u0161e Ouest-France.\u00a0Informoval o tom v ned\u011bli 21. srpna japonsk\u00fd den\u00edk Yomiuri.<\/span><\/p>\n<div><span>Jak publikace up\u0159es\u0148uje s odkazem na vl\u00e1dn\u00ed zdroje, hovo\u0159\u00edme o existuj\u00edc\u00edch modelech.\u00a0Po \u00faprav\u011b se jejich dojezd zv\u00fd\u0161\u00ed ze 100 na 1 tis\u00edc km.\u00a0Podle den\u00edku budou um\u00edst\u011bny kolem ostrov\u016f Nansei na jihoz\u00e1pad\u011b Japonska \u2013 rakety tak mohou dos\u00e1hnout pob\u0159e\u017e\u00ed Severn\u00ed Koreje a \u010c\u00edny.<\/span><\/div>\n<div><\/div>\n<div><span>Za\u010d\u00e1tkem tohoto m\u011bs\u00edce ministr obrany Nobuo Kishi ozn\u00e1mil, \u017ee p\u011bt balistick\u00fdch raket odp\u00e1len\u00fdch \u010c\u00ednou b\u011bhem cvi\u010den\u00ed kolem Tchaj-wanu z\u0159ejm\u011b dopadlo do v\u00fdlu\u010dn\u00e9 ekonomick\u00e9 z\u00f3ny Japonska.\u00a0Nejv\u011bt\u0161\u00ed vojensk\u00e9 cvi\u010den\u00ed \u010c\u00edny v Tchajwansk\u00e9m pr\u016flivu eskalovalo nap\u011bt\u00ed v regionu v\u00edce ne\u017e kdy jindy za 25 let.<span id=\"span-copy\"><\/p>\n<p><img decoding=\"async\" loading=\"lazy\" class=\"alignnone size-full wp-image-1185\" src=\"http:\/\/www.infokuryr.cz\/n\/wp-content\/uploads\/2021\/04\/kuryr-podpis.png\" alt=\"\" width=\"84\" height=\"24\" \/><br \/>\n<\/span><\/span><\/div>\n<p>&nbsp;<\/p>\n","protected":false},"excerpt":{"rendered":"<p>Japonsko zva\u017euje rozm\u00edst\u011bn\u00ed 1000 raket dlouh\u00e9ho doletu kolem ostrov\u016f Nansei na jihoz\u00e1pad\u011b, uvedl Ouest-France s&#8230;<\/p>\n","protected":false},"author":2,"featured_media":5546,"comment_status":"closed","ping_status":"closed","sticky":false,"template":"","format":"standard","meta":[],"categories":[7],"tags":[30,105,349,2986],"_links":{"self":[{"href":"https:\/\/www.infokuryr.cz\/n\/wp-json\/wp\/v2\/posts\/13912"}],"collection":[{"href":"https:\/\/www.infokuryr.cz\/n\/wp-json\/wp\/v2\/posts"}],"about":[{"href":"https:\/\/www.infokuryr.cz\/n\/wp-json\/wp\/v2\/types\/post"}],"author":[{"embeddable":true,"href":"https:\/\/www.infokuryr.cz\/n\/wp-json\/wp\/v2\/users\/2"}],"replies":[{"embeddable":true,"href":"https:\/\/www.infokuryr.cz\/n\/wp-json\/wp\/v2\/comments?post=13912"}],"version-history":[{"count":1,"href":"https:\/\/www.infokuryr.cz\/n\/wp-json\/wp\/v2\/posts\/13912\/revisions"}],"predecessor-version":[{"id":13913,"href":"https:\/\/www.infokuryr.cz\/n\/wp-json\/wp\/v2\/posts\/13912\/revisions\/13913"}],"wp:featuredmedia":[{"embeddable":true,"href":"https:\/\/www.infokuryr.cz\/n\/wp-json\/wp\/v2\/media\/5546"}],"wp:attachment":[{"href":"https:\/\/www.infokuryr.cz\/n\/wp-json\/wp\/v2\/media?parent=13912"}],"wp:term":[{"taxonomy":"category","embeddable":true,"href":"https:\/\/www.infokuryr.cz\/n\/wp-json\/wp\/v2\/categories?post=13912"},{"taxonomy":"post_tag","embeddable":true,"href":"https:\/\/www.infokuryr.cz\/n\/wp-json\/wp\/v2\/tags?post=13912"}],"curies":[{"name":"wp","href":"https:\/\/api.w.org\/{rel}","templated":true}]}}