{"id":13872,"date":"2022-08-20T05:09:05","date_gmt":"2022-08-20T03:09:05","guid":{"rendered":"http:\/\/www.infokuryr.cz\/n\/?p=13872"},"modified":"2022-08-20T05:25:01","modified_gmt":"2022-08-20T03:25:01","slug":"lukas-fiser-o-cem-se-v-souvislosti-s-okupaci-cssr-vojsky-varsavske-smlouvy-nebude-mluvit","status":"publish","type":"post","link":"https:\/\/www.infokuryr.cz\/n\/2022\/08\/20\/lukas-fiser-o-cem-se-v-souvislosti-s-okupaci-cssr-vojsky-varsavske-smlouvy-nebude-mluvit\/","title":{"rendered":"Luk\u00e1\u0161 Fi\u0161er: O \u010dem se v souvislosti s okupac\u00ed \u010cSSR vojsky Var\u0161avsk\u00e9 smlouvy nebude mluvit"},"content":{"rendered":"<div id=\"fb-root\"><\/div>\n<section class=\"clanek-obsah\"><strong>Je dosti pravd\u011bpodobn\u00e9, \u017ee na v\u00fdro\u010d\u00ed 21. srpna usly\u0161\u00edme \u0159adu projev\u016f od na\u0161ich politick\u00fdch p\u0159edstavitel\u016f. Dovolil jsem si sepsat, co v\u00a0nich pravd\u011bpodobn\u011b neusly\u0161\u00edme.<\/strong><\/p>\n<p>Sice se p\u0159\u00edpom\u00edn\u00e1 v\u00fdro\u010d\u00ed 21.srpna, ale okupace \u010cSSR za\u010dala ji\u017e 20. srpna v\u00a0noci.<\/p>\n<p>20.srpna 1968 ve 21:40 7. motost\u0159eleck\u00fd pluk v\u00fdchodon\u011bmeck\u00e9 arm\u00e1dy p\u0159ekra\u010duje hrani\u010dn\u00ed z\u00e1voru ve Vejprtech a n\u011bme\u010dt\u00ed voj\u00e1ci se tak st\u00e1vaj\u00ed prvn\u00edmi \u010dleny invazn\u00edch vojsk na \u00fazem\u00ed \u010cSSR. 20. srpna ve 23:00 ma\u010farsk\u00e1 arm\u00e1da pronik\u00e1 na ji\u017en\u00ed Slovensko, sov\u011btsk\u00e1 arm\u00e1da postupuje p\u0159es hranice na v\u00fdchod\u011b Slovenska, polsk\u00e1 arm\u00e1da p\u0159eb\u00edr\u00e1 kontrolu st\u00e1tn\u00ed hranice na severn\u00edm Slovensku a obsazuje \u010cesk\u00e9 Slezsko. Pol\u00e1ci se tak st\u00e1vaj\u00ed rekordmany v historii 20. stolet\u00ed v po\u010dtu st\u0159et\u016f s n\u00e1mi.\/spory o T\u011b\u0161\u00ednsko 1919,1938,1945\/<\/p>\n<p>K\u00a0v\u00fdro\u010d\u00ed okupace si tak\u00e9 p\u0159ipome\u0148me, jak vypadalo slo\u017een\u00ed tehdej\u0161\u00ed nejvy\u0161\u0161\u00ed sov\u011btsk\u00e9 moci. Gener\u00e1ln\u00ed tajemn\u00edk UV KSSS &#8211; Bre\u017en\u011bv byl Ukrajinec, p\u0159edseda presidia Nejvy\u0161\u0161\u00edho sov\u011btu SSSR Podgornyj byl Ukrajinec, ministr obrany SSSR Gre\u010dko byl Ukrajinec, p\u0159edseda rady ministr\u016f \u00daV KSSS Kosygin byl Rus a ministr zahrani\u010dn\u00edch v\u011bc\u00ed SSSR Gromyko-\u00a0B\u011blorus.<\/p>\n<p><a href=\"https:\/\/1968.rozhlas.cz\/komunike-o-ceskoslovensko-sovetskych-rokovanich-7571384\/\">https:\/\/1968.rozhlas.cz\/komunike-o-ceskoslovensko-sovetskych-rokovanich-7571384\/<\/a><\/p>\n<p>Ukrajinci se sice ke sv\u00e9mu Bre\u017en\u011bvovi p\u0159\u00edli\u0161 nehl\u00e1s\u00ed, asi jako Raku\u0161an\u00e9 k\u00a0Hitlerovi, ale nahl\u00e9dneme-li nap\u0159\u00edklad do Bre\u017en\u011bvova pasu z\u00a0roku 1947, nalezneme tam jeho ukrajinskou n\u00e1rodnost vyzna\u010denu zcela jasn\u011b.<\/p>\n<p><a href=\"https:\/\/news.pn\/ru\/blogs\/91188\/\">https:\/\/news.pn\/ru\/blogs\/91188\/<\/a><\/p>\n<p>Leonid Ilji\u010d Bre\u017en\u011bv si \u00fadajn\u011b vojenskou invazi nevymyslel, \u010delil \u00fatok\u016fm kremelsk\u00fdch \u201ejest\u0159\u00e1b\u016f\u201c. Mezi hlavn\u00ed jest\u0159\u00e1by pat\u0159il Petr Jefimovi\u010d \u0160elest (1908-1996), nejvy\u0161\u0161\u00ed p\u0159edstavitel komunistick\u00e9 strany na Ukrajin\u011b. \u0160elest se ob\u00e1val, \u017ee my\u0161lenky demokratizace se p\u0159es rus\u00ednskou men\u0161inu na v\u00fdchodn\u00edm Slovensku p\u0159enesou na Ukrajinu. \u0160elest mluvil i o let\u00e1c\u00edch, kter\u00e9 se pr\u00fd objevily na Podkarpatsk\u00e9 Rusi \u2013 a \u017e\u00e1daly jej\u00ed odtr\u017een\u00ed od Sov\u011btsk\u00e9ho svazu. Kdy\u017e pak \u0160elest p\u0159i diskuzi v\u00a0\u010ciern\u00e9 nazval Franti\u0161ka Kriegla \u201ehali\u010dsk\u00fdm \u017eidem\u201c, \u010dlenov\u00e9 \u010deskoslovensk\u00e9 delegace se zvedli a ode\u0161li. Nejvy\u0161\u0161\u00ed p\u0159edstavitel slovensk\u00fdch komunist\u016f Vasil Bi\u013eak p\u0159edal prost\u0159ednictv\u00edm pracovn\u00edka KGB na z\u00e1chodc\u00edch \u0160elestovi pov\u011bstn\u00fd zvac\u00ed dopis s prosbou o poskytnut\u00ed \u201epomoci a podpory v\u0161emi prost\u0159edky\u201c \u2013 jeden z argument\u016f pro vojenskou invazi.<\/p>\n<p><a href=\"https:\/\/plus.rozhlas.cz\/pjotr-selest-kremelsky-jestrab-ktery-dostal-zvaci-dopis-na-zachodcich-7590664\/\">https:\/\/plus.rozhlas.cz\/pjotr-selest-kremelsky-jestrab-ktery-dostal-zvaci-dopis-na-zachodcich-7590664\/<\/a><\/p>\n<p>Dvac\u00e1t\u00e9ho srpna 1968 ve\u00a020.15 hod. washingtonsk\u00e9ho \u010dasu p\u0159ij\u00edm\u00e1 americk\u00fd prezident L. B. Johnson sov\u011btsk\u00e9ho velvyslance Anatolije Dobrynina.\u00a0Kdy\u017e mu Dobrynin p\u0159ednese zpr\u00e1vu, \u201e<em>\u017ee vl\u00e1da \u010ceskoslovensk\u00e9 socialistick\u00e9 republiky se\u00a0pr\u00fd \u201eobr\u00e1tila na\u00a0spojeneck\u00e9 st\u00e1ty v\u010detn\u011b Sov\u011btsk\u00e9ho svazu se\u00a0\u017e\u00e1dost\u00ed o\u00a0poskytnut\u00ed p\u0159\u00edm\u00e9 pomoci v\u010detn\u011b pomoci vojensk\u00fdch sil<\/em>\u201c, prezident odv\u011bt\u00ed \u201e<em>Pod\u00edv\u00e1m se\u00a0na\u00a0to r\u00e1no s\u00a0ministrem Ruskem a\u00a0ozveme se\u00a0v\u00e1m.<\/em>\u201c<\/p>\n<p>Hus\u00e1k tuto sch\u016fzku pozd\u011bji (1990) v\u00fdsti\u017en\u011b okomentoval: \u201e<em>Prezident Johnson se dohodl s Bre\u017en\u011bvem a vzal okupaci \u010cSSR na v\u011bdom\u00ed. Form\u00e1ln\u011b protestoval, ale jinak nehnul ani prstem.<\/em>\u201c O z\u00e1m\u011bru vpadnout do CSSR v\u011bd\u011bl mimochodem Hus\u00e1k v\u00a0p\u0159edstihu. V polovin\u011b srpna ho toti\u017e oslovil do telefonu Bre\u017en\u011bv: \u201e<em>Chci se v\u00e1s zeptat, podpo\u0159\u00edte n\u00e1s v p\u0159\u00edpad\u011b vzniku mimo\u0159\u00e1dn\u00fdch okolnost\u00ed?<\/em>\u201c \u201e<em>Ano, soudruhu Bre\u017en\u011bve,<\/em>\u201c klidn\u011b odpov\u011bd\u011bl Hus\u00e1k. \u201e<em>Budu st\u00e1t na stran\u011b Sov\u011btsk\u00e9ho svazu.<\/em>&#8220; T\u00edm ud\u011blal kari\u00e9ru po okupaci.\/<\/p>\n<p>Jedn\u00e1n\u00ed s\u00a0USA prob\u011bhlo s\u00a0m\u011bs\u00ed\u010dn\u00edm p\u0159edstihem p\u0159ed vojenskou operac\u00ed. Velvyslanec Anatolij Dobrynin se toti\u017e ji\u017e 22. \u010dervence 1968 setkal se st\u00e1tn\u00edm tajemn\u00edkem USA Deanem Ruskem a zjistil, \u017ee USA se rozhodn\u011b necht\u011bj\u00ed zapl\u00e9st do konfliktu kv\u016fli \u010ceskoslovensku.<\/p>\n<p>V \u010cierne nad Tisou 29. \u010dervence 1968 proto Bre\u017en\u011bv mohl spokojen\u011b ujistit Bilaka, \u017ee USA pln\u011b akceptuj\u00ed pr\u00e1vo Sov\u011bt\u016f \u0159e\u0161it si pom\u011bry v sov\u011btsk\u00e9m v\u00fdchodoevropsk\u00e9m bloku.<\/p>\n<p>Jak\u00e9 byly strategick\u00e9 d\u016fvody okupace?<\/p>\n<p>Na podzim 1945 se prezidentu Bene\u0161ovi povedl husarsk\u00fd kousek, prosadil sou\u010dasn\u00fd odchod U.S. Army i Rud\u00e9 arm\u00e1dy a na\u0161e \u00fazem\u00ed se tak ocitlo bez ciz\u00edch arm\u00e1d, co\u017e v pov\u00e1le\u010dn\u00e9 Evrop\u011b p\u0159edstavovalo raritu.<\/p>\n<p>O strategick\u00e9 pot\u0159eb\u011b alokace sov\u011btsk\u00fdch jednotek na na\u0161em \u00fazem\u00ed p\u0159esv\u011bd\u010doval Novotn\u00e9ho ji\u017e Nikita Chru\u0161\u010dov. Sov\u011btsk\u00fd z\u00e1m\u011br rozm\u00edstit u n\u00e1s sv\u00e1 vojska trval od v\u00e1lky.<\/p>\n<p>Na ja\u0159e 1965 si mar\u0161\u00e1l Andrej Gre\u010dko vynutil dohodu o v\u00fdstavb\u011b t\u0159\u00ed sklad\u016f s\u00a0jadern\u00fdmi hlavicemi v \u010ceskoslovensku. Novotn\u00fd sice zvy\u0161oval v\u00fddaje na zbrojen\u00ed \u2013 vzta\u017een\u00e9 na jednoho obyvatele pat\u0159ily ve sv\u011bt\u011b mezi enormn\u00ed; av\u0161ak Sov\u011bti p\u0159esto v\u00a0roce 1966 nekompromisn\u011b vy\u017eadovali v z\u00e1jmu pos\u00edlen\u00ed jihoz\u00e1padn\u00edho k\u0159\u00eddla Var\u0161avsk\u00e9 smlouvy p\u0159esunout do \u010cSSR dv\u011b sov\u011btsk\u00e9 divize.<\/p>\n<p><a href=\"https:\/\/www.literarky.cz\/civilizace\/2043-dohodl-se-breznev-s-husakem-jeste-pred-srpnovou-okupaci\">https:\/\/www.literarky.cz\/civilizace\/2043-dohodl-se-breznev-s-husakem-jeste-pred-srpnovou-okupaci<\/a><\/p>\n<p>Okupace \u010ceskoslovenska do konce roku 1968 si vy\u017e\u00e1dala 137 mrtv\u00fdch, zhruba 500 t\u011b\u017ece a stovky lehce zran\u011bn\u00fdch.<\/p>\n<p><a href=\"https:\/\/www.ustrcr.cz\/uvod\/srpen-1968\/obeti-okupace\/\">https:\/\/www.ustrcr.cz\/uvod\/srpen-1968\/obeti-okupace\/<\/a><\/p>\n<p>Po okupaci za\u010dala v\u00a0\u010ceskoslovensku tzv. normalizace. Politick\u00e9 veden\u00ed zem\u011b ob\u010dany v\u00a0krizi zradilo \/a\u017e na nepo\u010detn\u00e9 v\u00fdjimky\/.<\/p>\n<p>Lid\u00e9 p\u0159i\u0161li o iluze a do komunistick\u00e9 strany vstupovali kari\u00e9rist\u00e9 bez z\u00e1bran.<\/p>\n<p>Velk\u00e1 \u010d\u00e1st lid\u00ed kv\u016fli existen\u010dn\u00edm z\u00e1jm\u016fm tak \u010di onak kolaborovala s\u00a0moc\u00ed.<\/p>\n<p>I dnes m\u00e1me v\u00a0republice kolaboranty a kari\u00e9risty bez skrupul\u00ed a zr\u00e1dce n\u00e1rodn\u00edch z\u00e1jm\u016f na nejvy\u0161\u0161\u00edch m\u00edstech. I dnes by n\u011bkte\u0159\u00ed politici r\u00e1di um\u00eds\u0165ovali ciz\u00ed vojska na na\u0161em \u00fazem\u00ed.<\/p>\n<p>I dnes jsme ve velmocensk\u00fdch hr\u00e1ch naprosto bezv\u00fdznamn\u00ed a hlavn\u00ed hr\u00e1\u010di n\u00e1s hod\u00ed p\u0159es palubu, kdykoliv se jim to bude hodit.<\/p>\n<p>To je historick\u00e9 pou\u010den\u00ed z\u00a0ud\u00e1lost\u00ed roku 1968.<\/p>\n<p>N\u00e1\u0161 dne\u0161n\u00ed sv\u011bt je ale mnohem nebezpe\u010dn\u011bj\u0161\u00ed, ne\u017e byl ten p\u0159ed 54 lety.<\/p>\n<\/section>\n<p><a href=\"https:\/\/zvedavec.news\/komentare\/2022\/08\/9283-o-cem-se-vsouvislosti-sokupaci-cssr-vojsky-varsavske-smlouvy-nebude-mluvit.htm\">Luk\u00e1\u0161 Fi\u0161er<\/a><\/p>\n<p><span style=\"font-size: 18pt;\"><em><strong>Foto: Gener\u00e1ln\u00ed tajemn\u00edk UV KSSS Leonid Bre\u017en\u011bv, Ukrajinec, kter\u00fd na\u0159\u00eddil okupaci \u010ceskoslovenska!<\/strong><\/em><\/span><\/p>\n<p>&nbsp;<\/p>\n","protected":false},"excerpt":{"rendered":"<p>Je dosti pravd\u011bpodobn\u00e9, \u017ee na v\u00fdro\u010d\u00ed 21. srpna usly\u0161\u00edme \u0159adu projev\u016f od na\u0161ich politick\u00fdch p\u0159edstavitel\u016f&#8230;.<\/p>\n","protected":false},"author":2,"featured_media":13873,"comment_status":"closed","ping_status":"closed","sticky":false,"template":"","format":"standard","meta":[],"categories":[6],"tags":[3106,1833,111,1635,3107],"_links":{"self":[{"href":"https:\/\/www.infokuryr.cz\/n\/wp-json\/wp\/v2\/posts\/13872"}],"collection":[{"href":"https:\/\/www.infokuryr.cz\/n\/wp-json\/wp\/v2\/posts"}],"about":[{"href":"https:\/\/www.infokuryr.cz\/n\/wp-json\/wp\/v2\/types\/post"}],"author":[{"embeddable":true,"href":"https:\/\/www.infokuryr.cz\/n\/wp-json\/wp\/v2\/users\/2"}],"replies":[{"embeddable":true,"href":"https:\/\/www.infokuryr.cz\/n\/wp-json\/wp\/v2\/comments?post=13872"}],"version-history":[{"count":1,"href":"https:\/\/www.infokuryr.cz\/n\/wp-json\/wp\/v2\/posts\/13872\/revisions"}],"predecessor-version":[{"id":13874,"href":"https:\/\/www.infokuryr.cz\/n\/wp-json\/wp\/v2\/posts\/13872\/revisions\/13874"}],"wp:featuredmedia":[{"embeddable":true,"href":"https:\/\/www.infokuryr.cz\/n\/wp-json\/wp\/v2\/media\/13873"}],"wp:attachment":[{"href":"https:\/\/www.infokuryr.cz\/n\/wp-json\/wp\/v2\/media?parent=13872"}],"wp:term":[{"taxonomy":"category","embeddable":true,"href":"https:\/\/www.infokuryr.cz\/n\/wp-json\/wp\/v2\/categories?post=13872"},{"taxonomy":"post_tag","embeddable":true,"href":"https:\/\/www.infokuryr.cz\/n\/wp-json\/wp\/v2\/tags?post=13872"}],"curies":[{"name":"wp","href":"https:\/\/api.w.org\/{rel}","templated":true}]}}