{"id":13830,"date":"2022-08-20T01:02:31","date_gmt":"2022-08-19T23:02:31","guid":{"rendered":"http:\/\/www.infokuryr.cz\/n\/?p=13830"},"modified":"2022-08-19T16:20:30","modified_gmt":"2022-08-19T14:20:30","slug":"jindrich-kulhavy-kam-az-je-ochotny-zajit","status":"publish","type":"post","link":"https:\/\/www.infokuryr.cz\/n\/2022\/08\/20\/jindrich-kulhavy-kam-az-je-ochotny-zajit\/","title":{"rendered":"Jind\u0159ich Kulhav\u00fd: Kam a\u017e je ochotn\u00fd zaj\u00edt?"},"content":{"rendered":"<div id=\"fb-root\"><\/div>\n<p><span class=\"anotation\">Pra\u017esk\u00e9 centrum zapln\u011bn\u00e9 turisty je p\u0159\u00edjemn\u00fdm zji\u0161t\u011bn\u00edm o stavu covidu a p\u0159\u00edstupu k\u00a0n\u011bmu. \u0158ada lid\u00ed u\u017e jej bere jaksi p\u0159irozen\u011b a nenech\u00e1v\u00e1 se j\u00edm otr\u00e1vit, by\u0165 zpr\u00e1vy o n\u011bm se v\u00fdrazn\u011b li\u0161\u00ed. Ji\u017e zn\u00e1m\u00ed zaprodanci Big Pharm\u011b bu\u0161\u00ed na poplach a vyhro\u017euj\u00ed dal\u0161\u00edmi vlnami, lid\u00e9 na to v\u011bt\u0161inou nesly\u0161\u00ed a daleko v\u011bt\u0161\u00ed obavy maj\u00ed z\u00a0podzimn\u00edho probuzen\u00ed do reality a jinovatky na kdysi tepl\u00fdch radi\u00e1torech. Plno onemocn\u011bn\u00ed a nachlazen\u00ed budou jist\u011b p\u0159ipisovat pandemick\u00e9mu stavu, nicm\u00e9n\u011b ve skute\u010dnosti se m\u016f\u017ee st\u00e1t, \u017ee n\u00e1rod bude p\u0159edev\u0161\u00edm mrznout, ne\u017e by um\u00edral na z\u00e1ke\u0159n\u00fd vir.<\/span><\/p>\n<div id=\"pagetext\">\n<p>\u00a0Praha v\u0161ak nen\u00ed pln\u00e1 jen zahrani\u010dn\u00edch turist\u016f, je v\u00a0n\u00ed mnohem v\u00edce sly\u0161et ukrajin\u0161tina. Tzv. uprchl\u00edci p\u0159ed v\u00e1lkou se tu usazuj\u00ed a mno\u017estv\u00ed luxusn\u00edch vozidel s\u00a0ozna\u010den\u00edm UA je p\u0159edzv\u011bst\u00ed kumulace tamn\u00edho kapit\u00e1lu u n\u00e1s. A opravdu, doch\u00e1z\u00ed k\u00a0tomu, \u017ee bohat\u00ed Ukrajinci poch\u00e1zej\u00edc\u00ed ze zem\u011b, do kter\u00e9 na\u0161e vl\u00e1da pos\u00edl\u00e1 mimo zbran\u00ed i velkou finan\u010dn\u00ed pomoc, za\u010dali hledat zp\u016fsob, jak tady u n\u00e1s investovat. A rozhodn\u011b nejde jen o jednotlivce otv\u00edraj\u00edc\u00ed nap\u0159\u00edklad malou restauraci s\u00a0ukrajinsk\u00fdmi specialitami a dobrotami, kdy je rusk\u00fd bor\u0161\u010d naz\u00fdv\u00e1n ukrajinsk\u00fdm, ale majitel\u00e9 drah\u00fdch mercedes\u016f cht\u011bj\u00ed investovat miliardy a poohl\u00ed\u017e\u00ed se po ji\u017e zaveden\u00fdch velk\u00fdch firm\u00e1ch. My se tedy m\u016f\u017eeme pt\u00e1t, jak je toto mo\u017en\u00e9? M\u016f\u017ee n\u00e1m p\u0159ipadat divn\u00e9, \u017ee na soukrom\u00fdch kontech Zelensk\u00e9ho, Kli\u010dk\u016f a dal\u0161\u00edch ,,bojovn\u00edk\u016f\u201c proti Rusku le\u017e\u00ed mnoho miliard eur \u010di dolar\u016f, ani\u017e by tito Z\u00e1padem vyzdvihovan\u00ed hrdinov\u00e9 vr\u00e1tili sv\u00e9 zemi zp\u011bt \u010d\u00e1st toho, co v\u00a0n\u00ed z\u00e1hadn\u00fdm zp\u016fsobem posb\u00edrali a v\u00a0cizin\u011b pot\u00e9 ulo\u017eili. Je neuv\u011b\u0159iteln\u00e9, jak velk\u00fd majetek nashrom\u00e1\u017edil komediant za p\u00e1r let sv\u00e9 politick\u00e9 kari\u00e9ry. A v\u011b\u0159te tomu, \u017ee ti, kte\u0159\u00ed maj\u00ed p\u0159\u00edstup k\u00a0pen\u011bz\u016fm jdouc\u00edm ze Z\u00e1padu na podporu v\u00e1lky, bohatnou d\u00e1le, \u010dasto pr\u00e1v\u011b z\u00a0na\u0161ich pen\u011bz pos\u00edlan\u00fdch Fialou.<\/p>\n<p>M\u00edsto toho volaj\u00ed tamn\u00ed l\u00edd\u0159i po dal\u0161\u00edch finan\u010dn\u00edch injekc\u00edch ze Z\u00e1padu a na\u0161i hloup\u00ed pseudopolitici se honos\u00ed t\u00edm, \u017ee v\u00a0porovn\u00e1n\u00ed s\u00a0po\u010dtem obyvatel to byla pr\u00e1v\u011b na\u0161e zadlu\u017een\u00e1 \u010cesk\u00e1 republika, kter\u00e1 dala Zelensk\u00e9mu nejv\u00edce pen\u011bz a zbran\u00ed. Aby toho nebylo dost, uhradila pohodln\u011bj\u0161\u00ed \u017eivot stotis\u00edc\u016fm Ukrajinc\u016f, z\u00a0nich\u017e se tu \u0159ada oto\u010dila proto, aby zalo\u017eili \u00fa\u010dty, na kter\u00e9 jim p\u0159ijdou pen\u00edze a vr\u00e1tila se zp\u011bt. T\u0159e\u0161ni\u010dkou na ho\u0159k\u00e9m dortu jsou miliard\u00e1\u0159i, kte\u0159\u00ed tu u n\u00e1s te\u010f za\u010dnou ukl\u00e1dat sv\u00e9 v\u0161elijak z\u00edskan\u00e9 pen\u00edze a postupn\u011b vytla\u010d\u00ed \u010cechy z\u00a0jejich pozic. Jak se d\u00e1 v\u00a0nejzkorumpovan\u011bj\u0161\u00ed zemi sv\u011bta dostat \u010dist\u011b k\u00a0pen\u011bz\u016fm, to si nedovedeme moc p\u0159edstavit. Pravdou je, \u017ee u\u017e nyn\u00ed jsou uk\u00e1zkou tohoto p\u0159\u00edstupu des\u00edtky ordinac\u00ed ukrajinsk\u00fdch dentist\u016f, i kdy\u017e v\u00a0tomto p\u0159\u00edpadu jde v\u00fdjime\u010dn\u011b o pozitivn\u00ed \u00fakaz, tedy a\u017e na ty ceny, kter\u00e9 v\u00a0nich lid\u00e9 plat\u00ed. Pen\u00edze jsou mocn\u00fd \u010darod\u011bj, podnikatel\u00e9, kte\u0159\u00ed vyc\u00edt\u00ed mo\u017enost prodat svou firmu v\u00a0dob\u011b, kdy se zd\u00e1, \u017ee h\u016f\u0159e b\u00fdt nem\u016f\u017ee, to asi r\u00e1di ud\u011blaj\u00ed, ale po jist\u00e9 normalizaci stavu se budeme divit, jak m\u00e1lo toho \u010cech\u016fm z\u016fstalo, nav\u00edc s\u00a0p\u0159isp\u011bn\u00edm \u010desk\u00e9 vl\u00e1dy. To u\u017e nen\u00ed o svetrech v\u00a0zim\u011b, jsme sv\u011bdky tot\u00e1ln\u00ed devastace zem\u011b.<\/p>\n<p>Zelenskyj je v\u0161ak gr\u00e1zl ochotn\u00fd j\u00edt je\u0161t\u011b d\u00e1le. Z\u00e1poro\u017esk\u00e1 elektr\u00e1rna ost\u0159elovan\u00e1 ukrajinsk\u00fdmi vojensk\u00fdmi jednotkami je skute\u010dnou hrozbou. Jejich rakety a gran\u00e1ty m\u00ed\u0159\u00ed nikoliv na reaktory, ale na chlad\u00edc\u00ed za\u0159\u00edzen\u00ed a p\u0159\u00edslu\u0161enstv\u00ed. To ohro\u017euje elektr\u00e1rnu nejv\u00edce, proto\u017ee p\u0159eh\u0159\u00e1t\u00e9 komponenty mohou v\u00a0d\u016fsledku ud\u011blat v\u00edce \u0161kody, ne\u017e kdyby byl raketou zasa\u017een p\u0159\u00edmo reaktor. Ten je konstruov\u00e1n tak, aby n\u011bco vydr\u017eel. Jeho p\u0159eh\u0159\u00e1t\u00ed v\u0161ak m\u016f\u017ee d\u00e1t vzniknout v\u011bt\u0161\u00ed katastrof\u011b. Rusov\u00e9 tak br\u00e1n\u00ed ukrajinskou jadernou elektr\u00e1rnu p\u0159ed samotn\u00fdmi Ukrajinci, z\u00e1rove\u0148 se sna\u017e\u00ed zabr\u00e1nit jadern\u00e9 katastrof\u011b, kter\u00e1 by znamenala ohro\u017een\u00ed zdrav\u00ed lid\u00ed v\u00a0p\u016flce Evropy, a dokonce p\u0159edev\u0161\u00edm t\u011bch, kte\u0159\u00ed podporuj\u00ed Zelensk\u00e9ho nejv\u00edce, tedy Pol\u00e1ky, \u010d\u00e1st N\u011bmecka a Slovenska. Jsme tak op\u011bt sv\u011bdky toho, jak je kyjevsk\u00e9mu mu\u017e\u00edkovi \u00fapln\u011b v\u0161e jedno, a i kdy\u017e Polskem \u00fadajn\u011b pro\u0161lo 5.5 milion\u016f Ukrajinc\u016f, klidn\u011b ud\u011bl\u00e1 v\u0161e proto, aby mrak po v\u00fdbuchu jadern\u00e9 elektr\u00e1rny zamo\u0159il na\u0161e severn\u00ed sousedy. Ostatn\u011b cht\u011blo by se \u0159\u00edct dob\u0159e jim tak, ale samoz\u0159ejm\u011b nic takov\u00e9ho nikdo nikomu nep\u0159eje, a i p\u0159es extr\u00e9mn\u011b protirusk\u00e9 chov\u00e1n\u00ed jsou po\u0159\u00e1d Pol\u00e1ci n\u00e1m bl\u00edzc\u00ed Slovan\u00e9. Naopak chov\u00e1n\u00ed Zelensk\u00e9ho je uk\u00e1zkou toho, kam a\u017e m\u016f\u017ee tento Ameri\u010dany a Z\u00e1padem dosazen\u00fd prezident zaj\u00edt.<\/p>\n<p>Rusov\u00e9 tak maj\u00ed mnoho d\u016fvod\u016f ud\u011blat v\u0161e pro co nejrychlej\u0161\u00ed ukon\u010den\u00ed boj\u016f s\u00a0v\u00fdsledkem, kter\u00fdm bude obsazen\u00ed v\u011bt\u0161iny Ukrajiny. P\u0159esto\u017ee se Seznam a dal\u0161\u00ed na\u0161e m\u00e9dia sna\u017e\u00ed vyvolat dojem, \u017ee Ukrajinci zastavili postup rusk\u00fdch jednotek, dokonce se p\u0159ibl\u00ed\u017eili zp\u011btp\u0159evzet\u00ed Krymu, opak je pravdou. Partyz\u00e1nsk\u00e9 zp\u016fsoby boje, kter\u00fdmi se prezentuje Kyjev, jsou nyn\u00ed znateln\u00e9 pr\u00e1v\u011b na ji\u017en\u00edm poloostrovu, ale ost\u0159elov\u00e1n\u00ed jadern\u00e9 elektr\u00e1rny americk\u00fdmi raketami je mnohem nebezpe\u010dn\u011bj\u0161\u00edm projevem poslu\u0161nosti Zelensk\u00e9ho velen\u00ed dodavatel\u016fm zbran\u00ed. Co \u00a0z\u00a0toho m\u016f\u017ee vzniknout, to jsme poznali p\u0159i hav\u00e1rii \u010cernobylu, a je evidentn\u00ed, \u017ee Zelenskyj a jeho p\u00e1ni z\u00a0Washingtonu v\u016fbec osud lid\u00ed kolem elektr\u00e1rny a Evropan\u016f nezaj\u00edm\u00e1. Na bedrech Rus\u016f je nyn\u00ed mo\u017en\u00e1 nejslo\u017eit\u011bj\u0161\u00ed \u00fakol, kter\u00fdm je obrana jadern\u00e9ho kolosu p\u0159ed jeho ned\u00e1vn\u00fdm majitelem. Doufejme, \u017ee se to poda\u0159\u00ed a z\u00e1rove\u0148 \u017ee boje brzy ustanou a my se budeme moc soust\u0159edit na n\u00e1\u0161 vlastn\u00ed vnit\u0159n\u00ed boj s\u00a0covidov\u00fdmi maniaky a propag\u00e1tory svetr\u016f. M\u00e1me zemi bez funguj\u00edc\u00edho prezidenta a zav\u0161ivenou parazity z\u00a0P\u011btikoalice h\u00e1daj\u00edc\u00edmi se mezi sebou o tom, kdo bude na podzim a v\u00a0zim\u011b preferov\u00e1n p\u0159i nedostatku plynu. O\u010dek\u00e1vat, \u017ee kv\u016fli n\u00e1m N\u011bmci omez\u00ed sv\u016fj pr\u016fmysl, aby n\u00e1m sv\u016fj plyn poslali, je tot\u00e1ln\u00ed nesmysl a lh\u00e1\u0159i mus\u00ed b\u00fdt potrest\u00e1ni. \u010cek\u00e1 n\u00e1s tu mnoho pr\u00e1ce.<\/p>\n<\/div>\n<p><a href=\"https:\/\/www.inadhled.live\/uvaha-dne\/kam-az-je-ochotny-zajit-\/\">Jind\u0159ich Kulhav\u00fd<\/a><\/p>\n<p>&nbsp;<\/p>\n","protected":false},"excerpt":{"rendered":"<p>Pra\u017esk\u00e9 centrum zapln\u011bn\u00e9 turisty je p\u0159\u00edjemn\u00fdm zji\u0161t\u011bn\u00edm o stavu covidu a p\u0159\u00edstupu k\u00a0n\u011bmu. \u0158ada lid\u00ed&#8230;<\/p>\n","protected":false},"author":2,"featured_media":13831,"comment_status":"closed","ping_status":"closed","sticky":false,"template":"","format":"standard","meta":[],"categories":[6],"tags":[2998,29,2999,1000],"_links":{"self":[{"href":"https:\/\/www.infokuryr.cz\/n\/wp-json\/wp\/v2\/posts\/13830"}],"collection":[{"href":"https:\/\/www.infokuryr.cz\/n\/wp-json\/wp\/v2\/posts"}],"about":[{"href":"https:\/\/www.infokuryr.cz\/n\/wp-json\/wp\/v2\/types\/post"}],"author":[{"embeddable":true,"href":"https:\/\/www.infokuryr.cz\/n\/wp-json\/wp\/v2\/users\/2"}],"replies":[{"embeddable":true,"href":"https:\/\/www.infokuryr.cz\/n\/wp-json\/wp\/v2\/comments?post=13830"}],"version-history":[{"count":0,"href":"https:\/\/www.infokuryr.cz\/n\/wp-json\/wp\/v2\/posts\/13830\/revisions"}],"wp:featuredmedia":[{"embeddable":true,"href":"https:\/\/www.infokuryr.cz\/n\/wp-json\/wp\/v2\/media\/13831"}],"wp:attachment":[{"href":"https:\/\/www.infokuryr.cz\/n\/wp-json\/wp\/v2\/media?parent=13830"}],"wp:term":[{"taxonomy":"category","embeddable":true,"href":"https:\/\/www.infokuryr.cz\/n\/wp-json\/wp\/v2\/categories?post=13830"},{"taxonomy":"post_tag","embeddable":true,"href":"https:\/\/www.infokuryr.cz\/n\/wp-json\/wp\/v2\/tags?post=13830"}],"curies":[{"name":"wp","href":"https:\/\/api.w.org\/{rel}","templated":true}]}}