{"id":1383,"date":"2021-05-05T04:46:58","date_gmt":"2021-05-05T02:46:58","guid":{"rendered":"http:\/\/www.infokuryr.cz\/n\/?p=1383"},"modified":"2021-05-05T04:46:58","modified_gmt":"2021-05-05T02:46:58","slug":"japonsko-dale-zprisnuje-azylovy-zakon","status":"publish","type":"post","link":"https:\/\/www.infokuryr.cz\/n\/2021\/05\/05\/japonsko-dale-zprisnuje-azylovy-zakon\/","title":{"rendered":"Japonsko d\u00e1le zp\u0159\u00eds\u0148uje azylov\u00fd z\u00e1kon"},"content":{"rendered":"<div id=\"fb-root\"><\/div>\n<p><strong>V dne\u0161n\u00ed epo\u0161e extr\u00e9mn\u00ed migrace je zapot\u0159eb\u00ed st\u00e1t a ob\u010dany v\u016f\u010di patologick\u00e9 imigraci chr\u00e1nit. Tak maj\u00ed za to japon\u0161t\u00ed z\u00e1konod\u00e1rci, kte\u0159\u00ed d\u00e1le zp\u0159\u00eds\u0148uj\u00ed ji\u017e tak restriktivn\u00ed japonsk\u00fd azylov\u00fd z\u00e1kon. Podle p\u0159edlohy z\u00e1kona budou imigranti po druh\u00e9m zam\u00edtnut\u00ed \u017e\u00e1dosti o azyl deportov\u00e1ni.<\/strong><\/p>\n<p>T\u00edm bude zamezeno zneu\u017e\u00edv\u00e1n\u00ed azylov\u00e9ho syst\u00e9mu donekone\u010dna a prodlu\u017eov\u00e1n\u00ed pobytu imigrant\u016f v deten\u010dn\u00edch centrech na n\u00e1klady da\u0148ov\u00fdch poplatn\u00edk\u016f, zd\u016fvodnila \u00fa\u010del zp\u0159\u00edsn\u011bn\u00ed ministryn\u011b spravedlnosti Joko Kamikava. S imigranty se roztrhl pytel, loni jich dostalo azyl skoro 47. Z podan\u00fdch \u017e\u00e1dost\u00ed je kladn\u011b vy\u0159\u00edzeno okolo 1%. Po zam\u00edtnut\u00ed druh\u00e9 \u017e\u00e1dosti o azyl ileg\u00e1lov\u00e9 nesm\u00ed pracovat, nedost\u00e1vaj\u00ed \u017e\u00e1dn\u00e9 d\u00e1vky a nemaj\u00ed n\u00e1rok na bezplatn\u00e9 l\u00e9ka\u0159sk\u00e9 o\u0161et\u0159en\u00ed.<\/p>\n<p><a href=\"https:\/\/www.focus.de\/politik\/ausland\/japan-verschaerft-sein-asylrecht_id_13261516.html\">ZDROJ<\/a><\/p>\n<p>&nbsp;<\/p>\n","protected":false},"excerpt":{"rendered":"<p>V dne\u0161n\u00ed epo\u0161e extr\u00e9mn\u00ed migrace je zapot\u0159eb\u00ed st\u00e1t a ob\u010dany v\u016f\u010di patologick\u00e9 imigraci chr\u00e1nit. Tak&#8230;<\/p>\n","protected":false},"author":2,"featured_media":1384,"comment_status":"closed","ping_status":"closed","sticky":false,"template":"","format":"standard","meta":[],"categories":[7],"tags":[119,105],"_links":{"self":[{"href":"https:\/\/www.infokuryr.cz\/n\/wp-json\/wp\/v2\/posts\/1383"}],"collection":[{"href":"https:\/\/www.infokuryr.cz\/n\/wp-json\/wp\/v2\/posts"}],"about":[{"href":"https:\/\/www.infokuryr.cz\/n\/wp-json\/wp\/v2\/types\/post"}],"author":[{"embeddable":true,"href":"https:\/\/www.infokuryr.cz\/n\/wp-json\/wp\/v2\/users\/2"}],"replies":[{"embeddable":true,"href":"https:\/\/www.infokuryr.cz\/n\/wp-json\/wp\/v2\/comments?post=1383"}],"version-history":[{"count":0,"href":"https:\/\/www.infokuryr.cz\/n\/wp-json\/wp\/v2\/posts\/1383\/revisions"}],"wp:featuredmedia":[{"embeddable":true,"href":"https:\/\/www.infokuryr.cz\/n\/wp-json\/wp\/v2\/media\/1384"}],"wp:attachment":[{"href":"https:\/\/www.infokuryr.cz\/n\/wp-json\/wp\/v2\/media?parent=1383"}],"wp:term":[{"taxonomy":"category","embeddable":true,"href":"https:\/\/www.infokuryr.cz\/n\/wp-json\/wp\/v2\/categories?post=1383"},{"taxonomy":"post_tag","embeddable":true,"href":"https:\/\/www.infokuryr.cz\/n\/wp-json\/wp\/v2\/tags?post=1383"}],"curies":[{"name":"wp","href":"https:\/\/api.w.org\/{rel}","templated":true}]}}