{"id":13829,"date":"2022-08-20T01:01:07","date_gmt":"2022-08-19T23:01:07","guid":{"rendered":"http:\/\/www.infokuryr.cz\/n\/?p=13829"},"modified":"2022-08-19T16:18:19","modified_gmt":"2022-08-19T14:18:19","slug":"jiri-paroubek-prohnili-s-prohnilymi","status":"publish","type":"post","link":"https:\/\/www.infokuryr.cz\/n\/2022\/08\/20\/jiri-paroubek-prohnili-s-prohnilymi\/","title":{"rendered":"Ji\u0159\u00ed Paroubek: Prohnil\u00ed s prohnil\u00fdmi"},"content":{"rendered":"<div id=\"fb-root\"><\/div>\n<p><strong>Udiven\u00e1 \u010desk\u00e1 ve\u0159ejnost sleduje ji\u017e n\u011bkolik m\u011bs\u00edc\u016f seri\u00e1l trapn\u00fdch kauz a af\u00e9r hnut\u00ed STAN.<\/strong><\/p>\n<p>Podivn\u00e9 finan\u010dn\u00ed triky zem\u0159el\u00e9ho m\u00edstop\u0159edsedy STAN Michalika. \u201eV\u00fdlet\u201c m\u00edstop\u0159edsedy STAN a poslance t\u00e9to strany do Spojen\u00fdch st\u00e1t\u016f na p\u016flro\u010dn\u00ed placenou st\u00e1\u017e, ze kter\u00e9 \u00fadajn\u011b vyplyne \u201ev\u011bdeck\u00e1\u201c pr\u00e1ce, zpracovan\u00e1 z materi\u00e1l\u016f, kter\u00e9 lze z\u00edskat online z americk\u00fdch, ale i z \u010desk\u00fdch knihoven.<\/p>\n<p>Chamtivost pr\u00e1vn\u00edho z\u00e1stupce obc\u00ed, takto europoslance STAN na Zl\u00ednsku, po\u017eaduj\u00edc\u00edho mnohamilionov\u00fd honor\u00e1\u0159 za vy\u0159\u00edzen\u00ed \u0161kodn\u00edch ud\u00e1lost\u00ed ob\u010dan\u016f Vrb\u011btic a okol\u00ed, souvisej\u00edc\u00edch s v\u00fdbuchy muni\u010dn\u00edho skladu.<\/p>\n<p>A pak af\u00e9ra Hlubu\u010dek, Redl a spol., kde Hlubu\u010dek byl a\u017e do ned\u00e1vna \u0161\u00e9fem pra\u017esk\u00e9 organizace STAN a de facto nejv\u00fd\u0161e postaven\u00fdm \u010dlov\u011bkem t\u00e9to strany v pra\u017esk\u00e9 m\u011bstsk\u00e9 rad\u011b. Tato skupina si evidentn\u011b ud\u011blala zejm\u00e9na v Dopravn\u00edm podniku a pravd\u011bpodobn\u011b v Pra\u017esk\u00fdch slu\u017eb\u00e1ch a mo\u017en\u00e1 tak\u00e9 v dal\u0161\u00edch podnic\u00edch Prahy a p\u0159\u00edmo na magistr\u00e1tu z ve\u0159ejn\u00fdch zak\u00e1zek zlat\u00fd d\u016fl. P\u0159itom tato skupina \u017eila vcelku odporn\u00fdm \u017eivotem ve stylu v\u00e1le\u010dn\u00fdch zbohatl\u00edk\u016f.<\/p>\n<p>Te\u010f hnut\u00ed STAN \u0159e\u0161\u00ed kauzu spojenou p\u0159\u00edmo s jej\u00edm p\u0159edsedou Raku\u0161anem, kdy\u017e se uk\u00e1zalo, \u017ee j\u00edm jmenovan\u00fd \u0161\u00e9f vnit\u0159n\u00ed rozv\u011bdky (\u00daZSI) m\u011bl dlouholet\u00e9 styky s mafi\u00f3zn\u00edm organiz\u00e1torem lumpa\u010den\u00ed na ve\u0159ejn\u00fdch zak\u00e1zk\u00e1ch, Redlem. Je pak ot\u00e1zka, kdo vlastn\u011b Mlejnka do funkce jmenoval. Zda to byl opravdu Raku\u0161an anebo to byl p\u0159\u00edmo Redl, kter\u00fd ov\u0161em vystupuje, podle sv\u00fdch advok\u00e1t\u016f, jako osoba, kter\u00e1 je nesv\u00e9pr\u00e1vn\u00e1. Podle toho, co v\u0161echno dok\u00e1zal zorganizovat, se ukazuje, \u017ee m\u011bl v\u0161ech p\u011bt pohromad\u011b.<\/p>\n<p>Nu, a nyn\u00ed zde m\u00e1me dal\u0161\u00ed kauzu, kter\u00e1 u\u017e jasn\u011b spojuje lumpa\u010den\u00ed STAN a TOP 09 na pra\u017esk\u00e9m magistr\u00e1tu. P\u0159itom p\u0159edseda klubu STAN a TOP 09 Ji\u0159\u00ed Posp\u00ed\u0161il, d\u011bl\u00e1 jako kdyby se ho cel\u00e1 v\u011bc vlastn\u011b net\u00fdkala. Ani lump\u00e1rny Hlubu\u010dka, Redla a spol. a nyn\u00ed ani aktivita mluv\u010d\u00ed spole\u010dn\u00e9ho klubu STAN a TOP 09 na pra\u017esk\u00e9m magistr\u00e1tu, Ku\u017eelov\u00e9. Ta podle v\u0161eho byla poradkyn\u00ed m\u011bstsk\u00e9 firmy Trade Center Prha (TCP). Podle smlouvy m\u011bla z\u00edskat 1000 korun na hodinu bez DPH za medi\u00e1ln\u00ed poradenstv\u00ed, kter\u00e9 m\u011blo prob\u00edhat osobn\u011b i telefonicky. Jako v\u00fdstupy jsou zn\u00e1my pouze \u010dty\u0159i materi\u00e1ly pon\u011bkud primitivn\u00edho charakteru, kter\u00e9 usv\u011bd\u010duj\u00ed v podstat\u011b Ku\u017eelovou z toho, \u017ee zak\u00e1zka m\u011bla v fiktivn\u00ed charakter a slou\u017eila jen k vys\u00e1v\u00e1n\u00ed pen\u011bz z neboh\u00e9 m\u011bstsk\u00e9 firmy.<\/p>\n<p>Celkov\u011b Ku\u017eelov\u00e1 vyk\u00e1zala 623 poradensk\u00fdch hodin, \u010demu\u017e odpov\u00edd\u00e1 t\u0159i \u010dtvrt\u011b milionu korun, kter\u00e9 obdr\u017eela od TCP. \u010c\u00e1st t\u011bchto pen\u011bz p\u0159evedla Ku\u017eelov\u00e1 do kasy sv\u00fdch obl\u00edben\u00fdch stran TOP 09 a STAN, kter\u00e9 j\u00ed ostatn\u011b zam\u011bstn\u00e1vaj\u00ed.<\/p>\n<p>Prim\u00e1tor H\u0159ib jak v\u017edy pokrytecky hovo\u0159\u00ed o tom, \u017ee v\u011bc prov\u011b\u0159\u00ed prost\u0159ednictv\u00edm pir\u00e1tsk\u00fdch z\u00e1stupc\u016f v dozor\u010d\u00ed rad\u011b TCP. To je od pana prim\u00e1tora kr\u00e1sn\u00e9, ale v z\u00e1sad\u011b jako v\u017edycky pozornost p\u0159en\u00e1\u0161\u00ed od sv\u00e9 osoby, kter\u00e1 je za v\u0161echny lump\u00e1rny na magistr\u00e1tu na prv\u00e9m m\u00edst\u011b politicky odpov\u011bdn\u00e1.<\/p>\n<p>Nic p\u0159eci nebr\u00e1nilo pir\u00e1tsk\u00fdm z\u00e1stupc\u016fm v dozor\u010d\u00ed rad\u011b TCP konat ji\u017e p\u0159edt\u00edm, ne\u017e se tato nehor\u00e1zn\u00e1 kauza objevila.<\/p>\n<p>Je to op\u011bt jeden ze smutn\u00fdch pomn\u00edk\u016f hnut\u00ed STAN na jeho politick\u00e9 cest\u011b do bezv\u00fdznamnosti, co\u017e se, doufejme, projev\u00ed u\u017e v komun\u00e1ln\u00edch a dopl\u0148ovac\u00edch sen\u00e1tn\u00edch volb\u00e1ch na podzim tohoto roku. Ukazuje se, \u017ee \u0161ibalstv\u00ed TOP 09 na pra\u017esk\u00e9 radnici je v\u011bt\u0161\u00ed, ne\u017e se d\u00e1 s ohledem na pokra\u010duj\u00edc\u00ed marginalizaci t\u00e9to strany o\u010dek\u00e1vat.<\/p>\n<p>Doufejme, \u017ee zve\u0159ejn\u011bn\u00ed obou pra\u017esk\u00fdch kauz, napom\u016f\u017ee tak\u00e9 nejen k vymeten\u00ed STAN z pra\u017esk\u00e9 politiky, ale tak\u00e9 k v\u00fdznamn\u00e9mu oslaben\u00ed spole\u010dn\u00e9 kandid\u00e1tky Spolu pro Prahu.<\/p>\n<p>Pokud tato odhalen\u00ed z magistr\u00e1tu budou pokra\u010dovat, co\u017e lze o\u010dek\u00e1vat i d\u00edky \u00fanik\u016fm z policejn\u00edho prost\u0159ed\u00ed, m\u016f\u017ee to v\u00e9st k fat\u00e1ln\u00edmu oslaben\u00ed n\u011bkter\u00fdch politick\u00fdch formac\u00ed v pra\u017esk\u00e9 i celost\u00e1tn\u00ed politice.<\/p>\n<p><a href=\"http:\/\/vasevec.parlamentnilisty.cz\/domaci-politika\/prohnili-s-prohnilymi\">Ji\u0159\u00ed Paroubek<\/a><\/p>\n<p><img decoding=\"async\" loading=\"lazy\" class=\"alignnone size-medium wp-image-2342\" src=\"http:\/\/www.infokuryr.cz\/n\/wp-content\/uploads\/2021\/06\/paroubek-300x208.jpg\" alt=\"\" width=\"300\" height=\"208\" srcset=\"https:\/\/www.infokuryr.cz\/n\/wp-content\/uploads\/2021\/06\/paroubek-300x208.jpg 300w, https:\/\/www.infokuryr.cz\/n\/wp-content\/uploads\/2021\/06\/paroubek.jpg 318w\" sizes=\"(max-width: 300px) 100vw, 300px\" \/><\/p>\n<p>&nbsp;<\/p>\n","protected":false},"excerpt":{"rendered":"<p>Udiven\u00e1 \u010desk\u00e1 ve\u0159ejnost sleduje ji\u017e n\u011bkolik m\u011bs\u00edc\u016f seri\u00e1l trapn\u00fdch kauz a af\u00e9r hnut\u00ed STAN. Podivn\u00e9&#8230;<\/p>\n","protected":false},"author":2,"featured_media":9439,"comment_status":"closed","ping_status":"closed","sticky":false,"template":"","format":"standard","meta":[],"categories":[6],"tags":[29,3096,424,193],"_links":{"self":[{"href":"https:\/\/www.infokuryr.cz\/n\/wp-json\/wp\/v2\/posts\/13829"}],"collection":[{"href":"https:\/\/www.infokuryr.cz\/n\/wp-json\/wp\/v2\/posts"}],"about":[{"href":"https:\/\/www.infokuryr.cz\/n\/wp-json\/wp\/v2\/types\/post"}],"author":[{"embeddable":true,"href":"https:\/\/www.infokuryr.cz\/n\/wp-json\/wp\/v2\/users\/2"}],"replies":[{"embeddable":true,"href":"https:\/\/www.infokuryr.cz\/n\/wp-json\/wp\/v2\/comments?post=13829"}],"version-history":[{"count":0,"href":"https:\/\/www.infokuryr.cz\/n\/wp-json\/wp\/v2\/posts\/13829\/revisions"}],"wp:featuredmedia":[{"embeddable":true,"href":"https:\/\/www.infokuryr.cz\/n\/wp-json\/wp\/v2\/media\/9439"}],"wp:attachment":[{"href":"https:\/\/www.infokuryr.cz\/n\/wp-json\/wp\/v2\/media?parent=13829"}],"wp:term":[{"taxonomy":"category","embeddable":true,"href":"https:\/\/www.infokuryr.cz\/n\/wp-json\/wp\/v2\/categories?post=13829"},{"taxonomy":"post_tag","embeddable":true,"href":"https:\/\/www.infokuryr.cz\/n\/wp-json\/wp\/v2\/tags?post=13829"}],"curies":[{"name":"wp","href":"https:\/\/api.w.org\/{rel}","templated":true}]}}