{"id":13817,"date":"2022-08-19T07:46:22","date_gmt":"2022-08-19T05:46:22","guid":{"rendered":"http:\/\/www.infokuryr.cz\/n\/?p=13817"},"modified":"2022-08-19T07:46:22","modified_gmt":"2022-08-19T05:46:22","slug":"jaroslav-stefec-5-kolona-u-nas-kontra-nase-nepripravena-armadicka","status":"publish","type":"post","link":"https:\/\/www.infokuryr.cz\/n\/2022\/08\/19\/jaroslav-stefec-5-kolona-u-nas-kontra-nase-nepripravena-armadicka\/","title":{"rendered":"Jaroslav \u0160tefec: 5. kolona u n\u00e1s kontra na\u0161e nep\u0159ipraven\u00e1 arm\u00e1di\u010dka"},"content":{"rendered":"<div id=\"fb-root\"><\/div>\n<p><strong>Plukovn\u00edk v\u00a0z\u00e1loze Ing. Jaroslav \u0160tefec upozor\u0148uje na existuj\u00edc\u00ed v\u00e1\u017en\u00e9 nebezpe\u010d\u00ed, kter\u00e9 Fialovu vl\u00e1du ani trochu nezaj\u00edm\u00e1<\/strong><\/p>\n<p><em><strong>Zfa\u0161izov\u00e1n\u00ed velk\u00e9 \u010d\u00e1sti ukrajinsk\u00e9 arm\u00e1dy je dokon\u00e1no \u2013 jednotky Azov, Aidar, Dnipro atd. jsou jen vrcholky ledovce<\/strong><\/em><\/p>\n<p>Ukrajinsk\u00e1 arm\u00e1da se st\u00e1v\u00e1 nejl\u00e9pe vyzbrojenou arm\u00e1dou Evropy, nav\u00edc pln\u011b z\u00e1vislou na USA. Mysl\u00edm, \u017ee nejen m\u011b, ale p\u0159edev\u0161\u00edm \u010desk\u00e1 ministerstva zahrani\u010d\u00ed a\u00a0obrany by m\u011bla zaj\u00edmat ot\u00e1zka, co s\u00a0n\u00ed bude, resp. kdo ji bude velet po\u00a0ukon\u010den\u00ed v\u00e1lky s\u00a0RF. Zvl\u00e1\u0161\u0165 pot\u00e9, co jsme se rafinovan\u011b zbavili v\u00fdznamn\u00e9ho po\u010dtu vlastn\u00edch zbran\u00ed.<\/p>\n<p>Zat\u00edmco A\u010cR (a\u00a0tedy i\u00a0\u010cR) re\u00e1ln\u011b disponuje cca 5 a\u017e 7000 bojeschopn\u00fdch mu\u017e\u016f, nep\u0159ipraven\u00fdch na skute\u010dnou v\u00e1lku ani v\u00fdcvikem, ani vybaven\u00edm, m\u00e1me v\u00a0\u010cR odhadem 80 a\u017e 100.000 ukrajinsk\u00fdch mu\u017e\u016f, z\u00a0nich\u017e v\u011bt\u0161ina absolvovala vojensk\u00fd v\u00fdcvik. Ti se mohou obratem st\u00e1t v\u00fdznamnou \u201cp\u00e1tou kolonou\u201d ciz\u00edch z\u00e1jm\u016f v\u00a0na\u0161\u00ed zemi. To by zase m\u011blo zaj\u00edmat MV a\u00a0pana Raku\u0161ana. Jak se ov\u0161em zd\u00e1, nic z\u00a0toho na\u0161e tzv.\u00a0\u201cpolitiky\u201d v\u016fbec neinteresuje \u2026<\/p>\n<p><em>Glosa<strong>\u00a0Jaroslava \u0160tefce<\/strong>\u00a0z\u00a0jeho\u00a0<a href=\"https:\/\/www.facebook.com\/profile.php?id=100016828963330\">Facebooku<\/a><\/em><\/p>\n<p><img decoding=\"async\" loading=\"lazy\" class=\"alignnone  wp-image-509\" src=\"http:\/\/www.infokuryr.cz\/n\/wp-content\/uploads\/2021\/04\/jaroslav-stefec-300x200.jpeg\" alt=\"\" width=\"251\" height=\"167\" srcset=\"https:\/\/www.infokuryr.cz\/n\/wp-content\/uploads\/2021\/04\/jaroslav-stefec-300x200.jpeg 300w, https:\/\/www.infokuryr.cz\/n\/wp-content\/uploads\/2021\/04\/jaroslav-stefec-1024x683.jpeg 1024w, https:\/\/www.infokuryr.cz\/n\/wp-content\/uploads\/2021\/04\/jaroslav-stefec-768x512.jpeg 768w, https:\/\/www.infokuryr.cz\/n\/wp-content\/uploads\/2021\/04\/jaroslav-stefec.jpeg 1200w\" sizes=\"(max-width: 251px) 100vw, 251px\" \/><\/p>\n<p>&nbsp;<\/p>\n","protected":false},"excerpt":{"rendered":"<p>Plukovn\u00edk v\u00a0z\u00e1loze Ing. Jaroslav \u0160tefec upozor\u0148uje na existuj\u00edc\u00ed v\u00e1\u017en\u00e9 nebezpe\u010d\u00ed, kter\u00e9 Fialovu vl\u00e1du ani trochu&#8230;<\/p>\n","protected":false},"author":2,"featured_media":12932,"comment_status":"closed","ping_status":"closed","sticky":false,"template":"","format":"standard","meta":[],"categories":[6],"tags":[80,506,3094,1635],"_links":{"self":[{"href":"https:\/\/www.infokuryr.cz\/n\/wp-json\/wp\/v2\/posts\/13817"}],"collection":[{"href":"https:\/\/www.infokuryr.cz\/n\/wp-json\/wp\/v2\/posts"}],"about":[{"href":"https:\/\/www.infokuryr.cz\/n\/wp-json\/wp\/v2\/types\/post"}],"author":[{"embeddable":true,"href":"https:\/\/www.infokuryr.cz\/n\/wp-json\/wp\/v2\/users\/2"}],"replies":[{"embeddable":true,"href":"https:\/\/www.infokuryr.cz\/n\/wp-json\/wp\/v2\/comments?post=13817"}],"version-history":[{"count":1,"href":"https:\/\/www.infokuryr.cz\/n\/wp-json\/wp\/v2\/posts\/13817\/revisions"}],"predecessor-version":[{"id":13818,"href":"https:\/\/www.infokuryr.cz\/n\/wp-json\/wp\/v2\/posts\/13817\/revisions\/13818"}],"wp:featuredmedia":[{"embeddable":true,"href":"https:\/\/www.infokuryr.cz\/n\/wp-json\/wp\/v2\/media\/12932"}],"wp:attachment":[{"href":"https:\/\/www.infokuryr.cz\/n\/wp-json\/wp\/v2\/media?parent=13817"}],"wp:term":[{"taxonomy":"category","embeddable":true,"href":"https:\/\/www.infokuryr.cz\/n\/wp-json\/wp\/v2\/categories?post=13817"},{"taxonomy":"post_tag","embeddable":true,"href":"https:\/\/www.infokuryr.cz\/n\/wp-json\/wp\/v2\/tags?post=13817"}],"curies":[{"name":"wp","href":"https:\/\/api.w.org\/{rel}","templated":true}]}}