{"id":13816,"date":"2022-08-19T03:48:33","date_gmt":"2022-08-19T01:48:33","guid":{"rendered":"http:\/\/www.infokuryr.cz\/n\/?p=13816"},"modified":"2022-08-19T03:48:33","modified_gmt":"2022-08-19T01:48:33","slug":"petr-sak-stan-politicka-sekce-organizovaneho-zlocinu","status":"publish","type":"post","link":"https:\/\/www.infokuryr.cz\/n\/2022\/08\/19\/petr-sak-stan-politicka-sekce-organizovaneho-zlocinu\/","title":{"rendered":"Petr Sak: STAN \u2013 politick\u00e1 sekce organizovan\u00e9ho zlo\u010dinu"},"content":{"rendered":"<div id=\"fb-root\"><\/div>\n<header class=\"entry-header header-footer-group\">\n<div class=\"entry-header-inner section-inner medium\">\n<div class=\"intro-text section-inner max-percentage small\">\n<p>Posledn\u00ed zpr\u00e1vy o d\u011bn\u00ed kolem hnut\u00ed STAN (starostov\u00e9 a nez\u00e1visl\u00ed) mi p\u0159ipomn\u011bly semin\u00e1\u0159 v r\u00e1mci celo\u017eivotn\u00edho vzd\u011bl\u00e1v\u00e1n\u00ed pro vedouc\u00ed pracovn\u00edky MV \u010cR na Policejn\u00ed akademii \u010cR koncem devades\u00e1t\u00fdch let. V r\u00e1mci m\u00e9 p\u0159edn\u00e1\u0161ky mluvil v diskusi jeden \u0159editel odboru o tom, jak mafie korumpuje policisty.<\/p>\n<\/div>\n<\/div>\n<\/header>\n<div class=\"post-inner thin \">\n<div class=\"entry-content\">\n<p>Sou\u010dasn\u011b vyslovil p\u0159edpov\u011b\u010f, \u017ee v\u00a0budoucnu ji\u017e nebude muset organizovan\u00fd zlo\u010din korumpovat policisty, st\u00e1tn\u00ed z\u00e1stupce ani soudce, proto\u017ee pracuje na tom, aby sv\u00e9 lidi dostal na p\u0159\u00edslu\u0161n\u00e9 posty. O\u00a0propojov\u00e1n\u00ed organizovan\u00e9ho zlo\u010dinu a\u00a0politiky jsem pravideln\u011b diskutoval na semin\u00e1\u0159\u00edch sekce soci\u00e1ln\u00ed patologie Sociologick\u00e9 spole\u010dnosti s\u00a0odborn\u00edkem na organizovan\u00fd zlo\u010din z\u00a0Institutu pro kriminologii a\u00a0soci\u00e1ln\u00ed prevenci. Po\u00a0n\u011bkolika letech diskus\u00ed jsme dosp\u011bli k\u00a0z\u00e1v\u011bru, \u017ee tyto diskuse ztratily smysl, proto\u017ee politika se stala organizovan\u00fdm zlo\u010dinem. Jako se st\u00edr\u00e1 hranice mezi politikou a\u00a0organizovan\u00fdm zlo\u010dinem, tak se tak\u00e9 st\u00edr\u00e1 hranice mezi zlo\u010dinem a\u00a0org\u00e1ny \u010dinn\u00fdmi v\u00a0trestn\u00edm \u0159\u00edzen\u00ed.<\/p>\n<p>Z\u00a0vy\u0161et\u0159ov\u00e1n\u00ed unikla informace, \u017ee do veden\u00ed hnut\u00ed STAN nepronikl organizovan\u00fd zlo\u010din, ale naopak organizovan\u00fd zlo\u010din si vybral a\u00a0dosadil do veden\u00ed V\u00edta Raku\u0161ana, kter\u00fd vykon\u00e1val pokyny skute\u010dn\u00fdch \u201emajitel\u016f\u201c STANU. Tedy p\u0159esn\u011b to, co bylo p\u0159edv\u00edd\u00e1no koncem devades\u00e1t\u00fdch let. Samoz\u0159ejm\u011b nem\u00e1m informace z\u00a0vy\u0161et\u0159ov\u00e1n\u00ed a\u00a0mohu vych\u00e1zet pouze z\u00a0informac\u00ed z\u00a0otev\u0159en\u00fdch zdroj\u016f a\u00a0z\u00a0jejich anal\u00fdzy. T\u011bchto informac\u00ed je v\u0161ak pom\u011brn\u011b dost, tak\u017ee umo\u017e\u0148uj\u00ed zaj\u00edmav\u00e9 anal\u00fdzy. Odhalenou hlavou mafie se prozat\u00edm ukazuje \u201eMi\u0161\u00e1k\u201c Michal Redl.<\/p>\n<p>Tato mafie m\u011bla tak siln\u00fd vliv a\u00a0rozprost\u0159en\u00e1 chapadla, \u017ee dok\u00e1zala zajistit M.Redlovi exklusivn\u00ed pozici nesv\u00e9pr\u00e1vn\u00e9ho kv\u016fli du\u0161evn\u00ed chorob\u011b. Dos\u00e1hnout sv\u00fdmi chapadly do zdravotnictv\u00ed bylo pro mafii to nejmen\u0161\u00ed. T\u011b\u017eko psychiatrie sv\u016fj posudek obh\u00e1j\u00ed i\u00a0proti \u010dlov\u011bku, by\u0165 s\u00a0pouh\u00fdm zdrav\u00fdm selsk\u00fdm rozumem. Zde doch\u00e1z\u00ed k\u00a0diskreditaci nejen org\u00e1n\u016f \u010dinn\u00fdch v\u00a0trestn\u00e9m \u0159\u00edzen\u00ed, ale i\u00a0zdravotnictv\u00ed. Proboha, \u010demu je\u0161t\u011b m\u016f\u017ee ob\u010dan v\u00a0tomto st\u00e1t\u011b v\u011b\u0159it?<\/p>\n<p>Podobn\u011b Petru Mlejnkovi za\u0159\u00eddili bezpe\u010dnostn\u00ed prov\u011brku na stupe\u0148 tajn\u00e9. A\u00a0V\u00edt Raku\u0161an po\u00a0dosazen\u00ed sv\u00e9ho \u010dlov\u011bka na post policejn\u00edho prezidenta, dal\u0161\u00edho sv\u00e9ho \u010dlov\u011bka \u2013 mafi\u00e1na dosadil na post \u0159editele civiln\u00ed rozv\u011bdky. Dostat mafi\u00e1na na m\u00edsto \u0159editele civiln\u00ed rozv\u011bdky je podobn\u00fd \u00fasp\u011bch jako obsazen\u00ed postu p\u0159edsedy vojensk\u00e9ho v\u00fdboru NATO d\u016fstojn\u00edkem komunistick\u00e9 vojensk\u00e9 rozv\u011bdky P.Pavlem, p\u0159ipravovan\u00fdm na infiltraci do NATO.<\/p>\n<p>Tedy mafi\u00e1nsk\u00e9 veden\u00ed STAN prosadilo na post ministra vnitra V.Raku\u0161ana, kter\u00fd je\u0161t\u011b p\u0159ed sv\u00fdm jmenov\u00e1n\u00edm prosadil na m\u00edsto policejn\u00edho prezidenta sv\u00e9ho \u010dlov\u011bka a\u00a0po\u00a0n\u011bkolika m\u011bs\u00edc\u00edch dal\u0161\u00edho mafi\u00e1na do \u010dela civiln\u00ed rozv\u011bdky, dokonce bez odpov\u00eddaj\u00edc\u00edho stupn\u011b bezpe\u010dnostn\u00ed prov\u011brky. I\u00a0prov\u011brka na ni\u017e\u0161\u00ed bezpe\u010dnostn\u00ed stupe\u0148 indikuje vliv mafie na NB\u00da a\u00a0tento pochybn\u00fd \u00fa\u0159ad diskredituje. Ji\u017e to, \u017ee z\u00e1v\u011bry NB\u00da p\u0159i\u00a0prov\u011brk\u00e1ch neobsahuj\u00ed zd\u016fvodn\u011bn\u00ed je zcela nep\u0159ijateln\u00e9 a\u00a0stav\u00ed tento \u00fa\u0159ad na rove\u0148 \u201eBohu\u201c. \u00a0Reakc\u00ed V\u00edta Raku\u0161ana na provalen\u00ed t\u011bchto skute\u010dnost\u00ed je n\u00e1vrh na op\u011btn\u00e9 zaveden\u00ed lustrac\u00ed. M\u016f\u017ee t\u00edm sledovat n\u011bkolik c\u00edl\u016f. Odveden\u00ed pozornosti od sebe, veden\u00ed STAN a\u00a0anebo tak\u00e9 naru\u0161en\u00ed presidentsk\u00fdch voleb, proto\u017ee prezident\u0161t\u00ed kandid\u00e1te by lustrac\u00ed nepro\u0161li (Babi\u0161-? Pavel-!). Politici vl\u00e1dn\u00ed koalice, nap\u0159.\u00a0Mari\u00e1n Jure\u010dka, v\u00a0televizn\u00edm vys\u00edl\u00e1n\u00ed omlouvaj\u00ed situaci STAN obdobnou situac\u00ed p\u0159edchoz\u00edch vl\u00e1d a\u00a0jin\u00fdch politick\u00fdch stran, kter\u00e9 dle nich ji\u017e nastavily politickou\u00a0 a\u00a0mor\u00e1ln\u00ed a\u00a0pr\u00e1vn\u00ed normu.<\/p>\n<p>Tak\u00e9 konference STAN p\u0159inesla zaj\u00edmav\u00e9 informace. Z\u00a0jedn\u00e1n\u00ed a\u00a0vystupov\u00e1n\u00ed deleg\u00e1t\u016f STAN na konferenci vych\u00e1zel sign\u00e1l, \u017ee odhalen\u00e9 skute\u010dnosti o\u00a0propojen\u00ed organizovan\u00e9ho zlo\u010dinu a\u00a0veden\u00ed STAN je nijak netraumatizuj\u00ed a\u00a0rozpad veden\u00ed jsou pro deleg\u00e1ty jen uvoln\u011bn\u00e1 koryta a\u00a0p\u0159\u00edle\u017eitost.<\/p>\n<p>Mimo\u0159\u00e1dn\u011b zaj\u00edmav\u00e9 je zvolen\u00ed Jana Farsk\u00e9ho m\u00edstop\u0159edsedou. Z\u00a0305 p\u0159\u00edtomn\u00fdch deleg\u00e1t\u016f Jana Farsk\u00e9ho volilo 229. M\u00e1lokdy se tak transparentn\u011b uk\u00e1\u017ee mravn\u00ed stav politick\u00e9 strany jako v\u00a0tomto p\u0159\u00edpad\u011b. Po\u00a0tom, jak se Jan Farsk\u00fd projevil v\u00a0souvislosti s\u00a0poslaneck\u00fdm mand\u00e1tem a\u00a0pobytem v\u00a0USA, jeho zvolen\u00ed vypov\u00edd\u00e1, \u017ee mor\u00e1lka p\u0159\u00edslu\u0161n\u00edk\u016f STAN je sp\u00ed\u0161e mor\u00e1lkou mafie ne\u017e poctiv\u00fdch ob\u010dan\u016f. Ji\u017e nelze tvrdit, \u017ee ve STANu n\u011bkolik mafi\u00e1n\u016f ve veden\u00ed je v\u00fdjimkou oproti cel\u00e9 slu\u0161n\u00e9 \u010dlensk\u00e9 z\u00e1kladn\u011b.\u00a0 Jedin\u00fdm volebn\u00edm aktem politick\u00e9 hnut\u00ed uk\u00e1zalo, \u017ee \u201ekr\u00e1l je nah\u00fd\u201c, neboli STAN je mafie.<\/p>\n<p>Politick\u00e1 historie USA dvac\u00e1t\u00e9ho stolet\u00ed je pln\u00e1 ovl\u00e1d\u00e1n\u00ed politick\u00fdch struktur mafi\u00ed. Mechanizmy \u0159\u00edzen\u00ed politik\u016f mafi\u00ed \u010de\u0161t\u00ed televizn\u00ed div\u00e1ci mohli sledovat i\u00a0v\u00a0n\u011bkolika americk\u00fdch seri\u00e1lech, a\u00a0tak by n\u00e1s na\u0161e sou\u010dasnost nem\u011bla p\u0159ekvapovat. V\u00a0tzv. demokracii je sou\u017eit\u00ed politiky a\u00a0organizovan\u00e9ho zlo\u010dinu standardem a\u00a0p\u0159evzet\u00edm tzv.\u00a0demokracie americk\u00e9ho typu jsme p\u0159evzali i\u00a0tyto jeho sou\u010d\u00e1sti. Nejd\u0159\u00edve pom\u00e1h\u00e1 mafie politik\u016fm k\u00a0post\u016fm a\u00a0potom politici pom\u00e1haj\u00ed mafii k\u00a0zisku. Sou\u010dasn\u00e1 politick\u00e1 garnitura je natolik siln\u00e1, \u017ee vlastn\u011b m\u016f\u017ee cokoliv, a\u00a0tak\u00e9 se tak chov\u00e1. Na kl\u00ed\u010dov\u00e9 posty silov\u00fdch resort\u016f a\u00a0organizac\u00ed urychlen\u011b dosazuje sv\u00e9 lidi. Petr Fiala je ozna\u010dov\u00e1n n\u011bkter\u00fdmi politiky a\u00a0novin\u00e1\u0159i za slab\u00e9ho, proto\u017ee propojen\u00ed sv\u00e9 vl\u00e1dy s\u00a0mafi\u00ed ne\u0159e\u0161\u00ed radik\u00e1ln\u00edmi kroky. Takov\u00e9 hodnocen\u00ed v\u0161ak neodpov\u00edd\u00e1 skute\u010dnosti, proto\u017ee toto chov\u00e1n\u00ed je naopak projevem s\u00edly a\u00a0opa\u010dn\u00fdm chov\u00e1n\u00edm by vl\u00e1du a\u00a0mafii Petr Fiala oslaboval.<\/p>\n<p>Co mne na cel\u00e9 kauze nejv\u00edce p\u0159ekvapuje je, \u017ee v\u016fbec byla otev\u0159en\u00e1 a\u00a0medializov\u00e1na. Co se otev\u0159elo, je n\u00e1\u0161 ka\u017edodenn\u00ed \u017eivot t\u0159icet let, a\u00a0kdy\u017e se n\u011bco takov\u00e9ho za\u010dne n\u00e1hle \u0159e\u0161it, znamen\u00e1 to, \u017ee do\u0161lo k\u00a0naru\u0161en\u00ed status quo mezi jednotliv\u00fdmi klany a\u00a0skupinami. I\u00a0z\u00a0filmu a\u00a0literatury v\u00edme, \u017ee mezi rodinami mafie vznik\u00e1 otev\u0159en\u00fd boj p\u0159i\u00a0poru\u0161en\u00ed dohodnut\u00fdch pravidel a\u00a0oblast\u00ed, v\u00a0nich\u017e jednotliv\u00e9 rodiny mafie realizuj\u00ed sv\u00e9 zisky. Nepova\u017euji za pravd\u011bpodobn\u00e9, \u017ee str\u017een\u00e1 opona ukazuj\u00edc\u00ed STAN jako mafii organizovan\u00e9ho zlo\u010dinu vznikla standardn\u00ed prac\u00ed policie. Domn\u00edv\u00e1m se, \u017ee v\u00a0pozad\u00ed je siln\u011bj\u0161\u00ed hr\u00e1\u010d, ne\u017e je policejn\u00ed \u00fatvar. Na\u010dasov\u00e1n\u00ed cel\u00e9 kauzy nazna\u010duje, \u017ee se hraje o\u00a0\u010das. Bu\u010f zlikviduj\u00ed V.Raku\u0161ana a\u00a0jeho mafii, ne\u017e mafie stihne obsadit kl\u00ed\u010dov\u00e9 posty a\u00a0zlikvidovat konkurenci, nebo bude konkurence rychlej\u0161\u00ed a\u00a0zlikviduje gang V\u00edta Raku\u0161ana.<\/p>\n<p>Probl\u00e9m V\u00edta Raku\u0161ana a\u00a0\u010dlen\u016f jeho gangu je ml\u00e1d\u00ed. V\u00a0jejich kr\u00e1tk\u00e9m \u201eprofesn\u00edm \u017eivot\u011b\u201c se jim v\u0161e da\u0159ilo a\u00a0v\u00fdsledkem takov\u00fdchto \u00fasp\u011b\u0161n\u00fdch kari\u00e9r je p\u0159ebujel\u00e9 ego. Za\u010dnou si myslet, \u017ee jsou mnohem schopn\u011bj\u0161\u00ed ne\u017e druz\u00ed, maj\u00ed na v\u0161e pr\u00e1vo, mor\u00e1lka a\u00a0mravnost je pro ty druh\u00e9, ne pro n\u011b. Neprom\u00fd\u0161lej\u00ed tahy dop\u0159edu, nemaj\u00ed z\u00e1lo\u017en\u00ed varianty a\u00a0d\u0159\u00edve \u010di\u00a0pozd\u011bji ud\u011blaj\u00ed osudovou chybu. Tato z\u00e1konitost se prok\u00e1zalo i\u00a0v\u00a0\u010ceskoslovensku v\u00a0devades\u00e1t\u00fdch letech a\u00a0\u0159ada p\u0159edn\u00edch gangster\u016f z\u00a0prvn\u00ed vlny rozkr\u00e1d\u00e1n\u00ed st\u00e1tn\u00edho majetku ji\u017e ne\u017eije, a\u00a0nezem\u0159eli v\u00a0posteli p\u0159irozenou smrt\u00ed. Chyby a\u00a0probl\u00e9my, kter\u00e9 mana\u017eer a\u00a0politik d\u011bl\u00e1, prom\u00fd\u0161l\u00ed a\u00a0\u0159e\u0161\u00ed, jsou pro skute\u010dnou, a\u00a0hlavn\u011b stabiln\u00ed kari\u00e9ru nezbytn\u00e9.<\/p>\n<\/div>\n<\/div>\n<p><a href=\"https:\/\/www.novarepublika.online\/2022\/08\/stan-politicka-sekce-organizovaneho-zlocinu\">Petr Sak<\/a><\/p>\n<p>&nbsp;<\/p>\n","protected":false},"excerpt":{"rendered":"<p>Posledn\u00ed zpr\u00e1vy o d\u011bn\u00ed kolem hnut\u00ed STAN (starostov\u00e9 a nez\u00e1visl\u00ed) mi p\u0159ipomn\u011bly semin\u00e1\u0159 v r\u00e1mci&#8230;<\/p>\n","protected":false},"author":2,"featured_media":8694,"comment_status":"closed","ping_status":"closed","sticky":false,"template":"","format":"standard","meta":[],"categories":[6],"tags":[3093,424,1483,491],"_links":{"self":[{"href":"https:\/\/www.infokuryr.cz\/n\/wp-json\/wp\/v2\/posts\/13816"}],"collection":[{"href":"https:\/\/www.infokuryr.cz\/n\/wp-json\/wp\/v2\/posts"}],"about":[{"href":"https:\/\/www.infokuryr.cz\/n\/wp-json\/wp\/v2\/types\/post"}],"author":[{"embeddable":true,"href":"https:\/\/www.infokuryr.cz\/n\/wp-json\/wp\/v2\/users\/2"}],"replies":[{"embeddable":true,"href":"https:\/\/www.infokuryr.cz\/n\/wp-json\/wp\/v2\/comments?post=13816"}],"version-history":[{"count":0,"href":"https:\/\/www.infokuryr.cz\/n\/wp-json\/wp\/v2\/posts\/13816\/revisions"}],"wp:featuredmedia":[{"embeddable":true,"href":"https:\/\/www.infokuryr.cz\/n\/wp-json\/wp\/v2\/media\/8694"}],"wp:attachment":[{"href":"https:\/\/www.infokuryr.cz\/n\/wp-json\/wp\/v2\/media?parent=13816"}],"wp:term":[{"taxonomy":"category","embeddable":true,"href":"https:\/\/www.infokuryr.cz\/n\/wp-json\/wp\/v2\/categories?post=13816"},{"taxonomy":"post_tag","embeddable":true,"href":"https:\/\/www.infokuryr.cz\/n\/wp-json\/wp\/v2\/tags?post=13816"}],"curies":[{"name":"wp","href":"https:\/\/api.w.org\/{rel}","templated":true}]}}