{"id":1373,"date":"2021-05-04T08:07:49","date_gmt":"2021-05-04T06:07:49","guid":{"rendered":"http:\/\/www.infokuryr.cz\/n\/?p=1373"},"modified":"2021-05-04T08:07:49","modified_gmt":"2021-05-04T06:07:49","slug":"polsky-prezident-slibil-ze-o-vstupu-ukrajiny-do-nato-se-bude-diskutovat-na-summitu","status":"publish","type":"post","link":"https:\/\/www.infokuryr.cz\/n\/2021\/05\/04\/polsky-prezident-slibil-ze-o-vstupu-ukrajiny-do-nato-se-bude-diskutovat-na-summitu\/","title":{"rendered":"Polsk\u00fd prezident sl\u00edbil, \u017ee o vstupu Ukrajiny do NATO se bude diskutovat na summitu"},"content":{"rendered":"<div id=\"fb-root\"><\/div>\n<p><strong><span>Na nadch\u00e1zej\u00edc\u00edm summitu Severoatlantick\u00e9 aliance v \u010dervnu 2021 bude tak\u00e9 diskutov\u00e1no t\u00e9ma vstupu Ukrajiny do NATO.<\/span><\/strong><\/p>\n<p><span>Ozn\u00e1mil to v pond\u011bl\u00ed 3. kv\u011btna polsk\u00fd prezident Andrzej Duda na spole\u010dn\u00e9 tiskov\u00e9 konferenci s ukrajinsk\u00fdm prezidentem Volodymyrem Zelensk\u00fdm.<\/span><\/p>\n<p><span>&#8222;Vladim\u00edrovi Zelensk\u00e9mu jsem ji\u017e \u0159ekl o nadch\u00e1zej\u00edc\u00edm summitu Bukure\u0161\u0165sk\u00e9 dev\u00edtky &#8211; zem\u00ed NATO v na\u0161em regionu, kter\u00e9 se v Bukure\u0161ti uskute\u010dn\u00ed za t\u00fdden.&#8220; Jedn\u00edm z nejd\u016fle\u017eit\u011bj\u0161\u00edch diskutovan\u00fdch t\u00e9mat bude bezpe\u010dnost.<\/span><\/p>\n<p>&#8222;Mysl\u00edm si, \u017ee ot\u00e1zka Ukrajiny a B\u011bloruska tam bude d\u016fle\u017eit\u00fdm t\u00e9matem. Zejm\u00e9na Ukrajina a p\u0159\u00edtomnost Ruska pobl\u00ed\u017e ukrajinsk\u00fdch hranic, \u201c uvedl polsk\u00fd prezident.<\/p>\n<p><span>Duda tak\u00e9 dodal, \u017ee diskutovali se Zelensk\u00fdm o nadch\u00e1zej\u00edc\u00edm summitu cel\u00e9 Severoatlantick\u00e9 aliance, kter\u00fd se bude konat za m\u011bs\u00edc a p\u016fl.<\/span><\/p>\n<p><span>&#8222;V polovin\u011b \u010dervna 2021 se summit bude konat v Bruselu a \u00a0tam bude s nejv\u011bt\u0161\u00ed pravd\u011bpodobnost\u00ed projedn\u00e1no t\u00e9ma ukrajinsk\u00e9 bezpe\u010dnosti, \u201c dodal.<\/span><\/p>\n<p><img decoding=\"async\" loading=\"lazy\" class=\"alignnone size-full wp-image-1185\" src=\"http:\/\/www.infokuryr.cz\/n\/wp-content\/uploads\/2021\/04\/kuryr-podpis.png\" alt=\"\" width=\"84\" height=\"24\" \/><\/p>\n<p>&nbsp;<\/p>\n","protected":false},"excerpt":{"rendered":"<p>Na nadch\u00e1zej\u00edc\u00edm summitu Severoatlantick\u00e9 aliance v \u010dervnu 2021 bude tak\u00e9 diskutov\u00e1no t\u00e9ma vstupu Ukrajiny do&#8230;<\/p>\n","protected":false},"author":2,"featured_media":1374,"comment_status":"closed","ping_status":"closed","sticky":false,"template":"","format":"standard","meta":[],"categories":[7],"tags":[39,31,26],"_links":{"self":[{"href":"https:\/\/www.infokuryr.cz\/n\/wp-json\/wp\/v2\/posts\/1373"}],"collection":[{"href":"https:\/\/www.infokuryr.cz\/n\/wp-json\/wp\/v2\/posts"}],"about":[{"href":"https:\/\/www.infokuryr.cz\/n\/wp-json\/wp\/v2\/types\/post"}],"author":[{"embeddable":true,"href":"https:\/\/www.infokuryr.cz\/n\/wp-json\/wp\/v2\/users\/2"}],"replies":[{"embeddable":true,"href":"https:\/\/www.infokuryr.cz\/n\/wp-json\/wp\/v2\/comments?post=1373"}],"version-history":[{"count":0,"href":"https:\/\/www.infokuryr.cz\/n\/wp-json\/wp\/v2\/posts\/1373\/revisions"}],"wp:featuredmedia":[{"embeddable":true,"href":"https:\/\/www.infokuryr.cz\/n\/wp-json\/wp\/v2\/media\/1374"}],"wp:attachment":[{"href":"https:\/\/www.infokuryr.cz\/n\/wp-json\/wp\/v2\/media?parent=1373"}],"wp:term":[{"taxonomy":"category","embeddable":true,"href":"https:\/\/www.infokuryr.cz\/n\/wp-json\/wp\/v2\/categories?post=1373"},{"taxonomy":"post_tag","embeddable":true,"href":"https:\/\/www.infokuryr.cz\/n\/wp-json\/wp\/v2\/tags?post=1373"}],"curies":[{"name":"wp","href":"https:\/\/api.w.org\/{rel}","templated":true}]}}