{"id":13725,"date":"2022-08-18T01:03:15","date_gmt":"2022-08-17T23:03:15","guid":{"rendered":"http:\/\/www.infokuryr.cz\/n\/?p=13725"},"modified":"2022-08-17T16:27:05","modified_gmt":"2022-08-17T14:27:05","slug":"vite-vlastne-kolik-lidi-po-celem-svete-zabily-jejich-vlady-smrtici-injekci-covid","status":"publish","type":"post","link":"https:\/\/www.infokuryr.cz\/n\/2022\/08\/18\/vite-vlastne-kolik-lidi-po-celem-svete-zabily-jejich-vlady-smrtici-injekci-covid\/","title":{"rendered":"V\u00edte vlastn\u011b, kolik lid\u00ed po cel\u00e9m sv\u011bt\u011b zabily jejich vl\u00e1dy smrt\u00edc\u00ed injekc\u00ed COVID?"},"content":{"rendered":"<div id=\"fb-root\"><\/div>\n<div class=\"elementor-element elementor-element-1fb4c2c elementor-widget elementor-widget-theme-post-content\" data-id=\"1fb4c2c\" data-element_type=\"widget\" data-widget_type=\"theme-post-content.default\">\n<div class=\"elementor-widget-container\">\n<p><span>Je to asi 12 milion\u016f.\u00a0To je 40kr\u00e1t v\u00edce ne\u017e po\u010det Ameri\u010dan\u016f zabit\u00fdch ve druh\u00e9 sv\u011btov\u00e9 v\u00e1lce.\u00a0To je v\u00edce ne\u017e dvojn\u00e1sobek po\u010dtu \u00famrt\u00ed na COVID.<\/span><\/p>\n<p><a href=\"https:\/\/naomiwolf.substack.com\/p\/american-massacre-is-steve-kirsch\/comment\/8405535\" target=\"_blank\" rel=\"noreferrer noopener\" data-type=\"URL\" data-id=\"https:\/\/naomiwolf.substack.com\/p\/american-massacre-is-steve-kirsch\/comment\/8405535\"><span>Margaret Anna Alice<\/span><\/a><span>\u00a0se zeptala, zda by n\u011bkdo mohl odhadnout celosv\u011btov\u00fd po\u010det \u00famrt\u00ed zp\u016fsoben\u00fdch vakc\u00ednami COVID.<\/span><\/p>\n<p><span>Dle m\u00e9ho n\u00e1zoru je vyd\u011blen\u00ed po\u010dtu d\u00e1vek 1000 rozumn\u00fdm odhadem.<\/span><\/p>\n<p><span>Pokud to ud\u011bl\u00e1te pro 600 milion\u016f d\u00e1vek podan\u00fdch v USA, z\u00edsk\u00e1te \u0159\u00e1dov\u011b 600 000 \u00famrt\u00ed.<\/span><\/p>\n<p><span>Konzervativn\u011bj\u0161\u00edm \u010d\u00edslem by bylo vyd\u011blit po\u010det d\u00e1vek 2 500.\u00a0Toto je \u010d\u00edslo, kter\u00e9\u00a0<\/span><a href=\"https:\/\/roundingtheearth.substack.com\/p\/estimating-vaccine-induced-mortality-e07\" target=\"_blank\" rel=\"noreferrer noopener\" data-type=\"URL\" data-id=\"https:\/\/roundingtheearth.substack.com\/p\/estimating-vaccine-induced-mortality-e07\"><span>Mathew Crawford odhadl z celosv\u011btov\u00fdch \u00fadaj\u016f<\/span><\/a><span>\u00a0: 411 \u00famrt\u00ed na milion d\u00e1vek.\u00a0D\u0159\u00edve jsem nab\u00edzel odm\u011bnu 1 milion dolar\u016f ka\u017ed\u00e9mu, kdo najde ve sv\u00e9 pr\u00e1ci v\u00fdznamnou chybu.\u00a0Nikdo se nehl\u00e1sil.\u00a0To je zdokumentov\u00e1no na m\u00e9m substacku a v m\u00e9m twitterov\u00e9m streamu, ale samoz\u0159ejm\u011b v\u0161e, co jsem tweetoval, bylo twitterem smaz\u00e1no jako nebezpe\u010dn\u00e9.\u00a0Milion dolar\u016f zdarma bez z\u00e1vazk\u016f.\u00a0Nikdo nep\u0159ijal.<\/span><\/p>\n<p><span>Tento konzervativn\u00ed odhad tedy vych\u00e1z\u00ed na 5 milion\u016f mrtv\u00fdch (pouze 16n\u00e1sobek po\u010dtu zabit\u00fdch ve druh\u00e9 sv\u011btov\u00e9 v\u00e1lce).<\/span><\/p>\n<p><span>Bl\u00ed\u017e\u00edme se k \u010d\u00edslu 6 milion\u016f \u017did\u016f zabit\u00fdch b\u011bhem holocaustu za 12 let.<\/span><\/p>\n<p><span>Ale my zab\u00edj\u00edme lidi na cel\u00e9m sv\u011bt\u011b nejm\u00e9n\u011b 6kr\u00e1t rychleji ne\u017e N\u011bmci.<\/span><\/p>\n<p><span>Ka\u017ed\u00fd den zabijeme t\u00e9m\u011b\u0159 10 000 lid\u00ed (posledn\u00ed rychlost byla 8,46 milionu d\u00e1vek denn\u011b).<\/span><\/p>\n<p><span>Zaj\u00edmav\u00e9 je, \u017ee to nen\u00ed samo omezuj\u00edc\u00ed, proto\u017ee ka\u017ed\u00fd den se narod\u00ed 385 000 d\u011bt\u00ed.<\/span><\/p>\n<p><span>Tak\u017ee zab\u00edjen\u00ed m\u016f\u017ee pokra\u010dovat donekone\u010dna, i kdy\u017e porodnost klesne o 90% kv\u016fli o\u010dkov\u00e1n\u00ed.<\/span><\/p>\n<p><span>V p\u0159\u00edpad\u011b, \u017ee by v\u00e1s to zaj\u00edmalo.\u00a0Jen m\u011b napadlo, \u017ee bych na to m\u011bl upozornit.<\/span><\/p>\n<p><span>\u00dadaje poch\u00e1zej\u00ed z tohoto \u010dl\u00e1nku Bloombergu\u00a0<\/span><a href=\"https:\/\/www.bloomberg.com\/graphics\/covid-vaccine-tracker-global-distribution\/\" target=\"_blank\" rel=\"noreferrer noopener\" data-type=\"URL\" data-id=\"https:\/\/www.bloomberg.com\/graphics\/covid-vaccine-tracker-global-distribution\/\"><span>: Bylo poskytnuto v\u00edce ne\u017e 12,4 miliardy v\u00fdst\u0159el\u016f: Covid-19 Vaccine Tracker.<\/span><\/a><\/p>\n<p><span style=\"font-size: 18pt;\"><strong>Souhrn<\/strong><\/span><\/p>\n<p><span>Zab\u00edj\u00edme stra\u0161n\u011b moc lid\u00ed, ale sv\u011btov\u00ed v\u016fdci se d\u00edvaj\u00ed jin\u00fdm sm\u011brem a ne\u0159\u00edkaj\u00ed nic, zat\u00edmco v\u0161ichni sledujeme vysok\u00fd po\u010det zpr\u00e1v o \u00famrt\u00edch v m\u00e9di\u00edch o lidech, kte\u0159\u00ed zem\u0159eli \u201ene\u010dekan\u011b\u201c a bez vysv\u011btlen\u00ed ze strany l\u00e9ka\u0159sk\u00e9 komunity nebo CDC. Poslouchat.<\/span><\/p>\n<p><span>M\u00e1me jim v\u011b\u0159it, \u017ee maj\u00ed v\u011bci pod kontrolou, i kdy\u017e nevstupuj\u00ed p\u0159ed kameru a nekladou nikomu ot\u00e1zky, kter\u00e9 nebyly p\u0159edem naps\u00e1ny ve sc\u00e9n\u00e1\u0159i.<\/span><\/p>\n<p><span>V \u017e\u00e1dn\u00e9 z t\u011bchto nevysv\u011btlen\u00fdch zpr\u00e1v o \u00famrt\u00ed se vakc\u00edna nezmi\u0148uje.<\/span><\/p>\n<p><span>P\u0159esto lid\u00e9 na cel\u00e9m sv\u011bt\u011b zjistili, \u017ee k t\u011bmto neo\u010dek\u00e1van\u00fdm \u00famrt\u00edm doch\u00e1z\u00ed POUZE u o\u010dkovan\u00fdch lid\u00ed.\u00a0hmmm\u2026.\u00a0Pt\u00e1m se pro\u010d?<\/span><\/p>\n<p><span>CDC nevy\u017eaduje, aby koronery prov\u00e1d\u011bly p\u0159\u00edslu\u0161n\u00e9 testy pro nav\u00e1z\u00e1n\u00ed spojen\u00ed.\u00a0Mohli by to snadno ud\u011blat.\u00a0Ale oni ne.\u00a0To \u0159\u00edk\u00e1 v\u0161e, co pot\u0159ebujete v\u011bd\u011bt o korupci.<\/span><\/p>\n<p><span>Dojde tedy k nevysv\u011btliteln\u00e9mu n\u00e1r\u016fstu nevysv\u011btliteln\u00fdch \u00famrt\u00ed z nezn\u00e1m\u00fdch p\u0159\u00ed\u010din, proto\u017ee nikdo v mainstreamov\u00fdch m\u00e9di\u00edch nikdy nep\u0159izn\u00e1, \u017ee se m\u00fdlil, a nepolo\u017e\u00ed n\u011bkolik nepopsan\u00fdch ot\u00e1zek.<\/span><\/p>\n<p><span>I Donald Trump se boj\u00ed ud\u00e1losti komentovat.\u00a0I on ml\u010d\u00ed.<\/span><\/p>\n<p><span>Proto zde nen\u00ed \u017e\u00e1dn\u00e1 debata, pouze cenzura.<\/span><\/p>\n<p><span>Stovky lid\u00ed v CDC v\u011bd\u00ed, co se d\u011bje, ale nic ne\u0159eknou nebo p\u0159ijdou o pr\u00e1ci.\u00a0I lid\u00e9, kte\u0159\u00ed rezignovali, ml\u010d\u00ed.\u00a0Je to opravdu \u00fa\u017easn\u00e9.<\/span><\/p>\n<p><span>Tak\u017ee zab\u00edjen\u00ed pokra\u010duje bez omezen\u00ed.<\/span><\/p>\n<\/div>\n<\/div>\n<div class=\"elementor-element elementor-element-8c57238 quelle dc-has-condition dc-condition-empty elementor-widget elementor-widget-heading\" data-id=\"8c57238\" data-element_type=\"widget\" data-widget_type=\"heading.default\">\n<div class=\"elementor-widget-container\">\n<h3 class=\"elementor-heading-title elementor-size-default\"><span style=\"font-size: 8pt;\"><a href=\"https:\/\/stevekirsch.substack.com\/p\/do-you-know-how-many-people-have?utm_source=substack&amp;utm_medium=email\" target=\"_blank\" rel=\"nofollow noopener\">ZDROJ<\/a><\/span><\/h3>\n<p>&nbsp;<\/p>\n<\/div>\n<\/div>\n","protected":false},"excerpt":{"rendered":"<p>Je to asi 12 milion\u016f.\u00a0To je 40kr\u00e1t v\u00edce ne\u017e po\u010det Ameri\u010dan\u016f zabit\u00fdch ve druh\u00e9 sv\u011btov\u00e9&#8230;<\/p>\n","protected":false},"author":2,"featured_media":2035,"comment_status":"closed","ping_status":"closed","sticky":false,"template":"","format":"standard","meta":[],"categories":[7],"tags":[23,523,651,2452],"_links":{"self":[{"href":"https:\/\/www.infokuryr.cz\/n\/wp-json\/wp\/v2\/posts\/13725"}],"collection":[{"href":"https:\/\/www.infokuryr.cz\/n\/wp-json\/wp\/v2\/posts"}],"about":[{"href":"https:\/\/www.infokuryr.cz\/n\/wp-json\/wp\/v2\/types\/post"}],"author":[{"embeddable":true,"href":"https:\/\/www.infokuryr.cz\/n\/wp-json\/wp\/v2\/users\/2"}],"replies":[{"embeddable":true,"href":"https:\/\/www.infokuryr.cz\/n\/wp-json\/wp\/v2\/comments?post=13725"}],"version-history":[{"count":0,"href":"https:\/\/www.infokuryr.cz\/n\/wp-json\/wp\/v2\/posts\/13725\/revisions"}],"wp:featuredmedia":[{"embeddable":true,"href":"https:\/\/www.infokuryr.cz\/n\/wp-json\/wp\/v2\/media\/2035"}],"wp:attachment":[{"href":"https:\/\/www.infokuryr.cz\/n\/wp-json\/wp\/v2\/media?parent=13725"}],"wp:term":[{"taxonomy":"category","embeddable":true,"href":"https:\/\/www.infokuryr.cz\/n\/wp-json\/wp\/v2\/categories?post=13725"},{"taxonomy":"post_tag","embeddable":true,"href":"https:\/\/www.infokuryr.cz\/n\/wp-json\/wp\/v2\/tags?post=13725"}],"curies":[{"name":"wp","href":"https:\/\/api.w.org\/{rel}","templated":true}]}}