{"id":13719,"date":"2022-08-18T01:00:11","date_gmt":"2022-08-17T23:00:11","guid":{"rendered":"http:\/\/www.infokuryr.cz\/n\/?p=13719"},"modified":"2022-08-17T16:10:27","modified_gmt":"2022-08-17T14:10:27","slug":"44lety-ital-ktery-navrhoval-konecne-reseni-ve-stylu-hitlera-pro-neockovane-nahle-zemrel-na-infarkt","status":"publish","type":"post","link":"https:\/\/www.infokuryr.cz\/n\/2022\/08\/18\/44lety-ital-ktery-navrhoval-konecne-reseni-ve-stylu-hitlera-pro-neockovane-nahle-zemrel-na-infarkt\/","title":{"rendered":"44let\u00fd Ital, kter\u00fd navrhoval \u201ekone\u010dn\u00e9 \u0159e\u0161en\u00ed\u201c ve stylu Hitlera pro neo\u010dkovan\u00e9, n\u00e1hle zem\u0159el na infarkt"},"content":{"rendered":"<div id=\"fb-root\"><\/div>\n<p>\u0160tvanice proti neo\u010dkovan\u00fdm, kter\u00e1 byla z\u00e1m\u011brn\u011b vyvol\u00e1v\u00e1na mainstreamov\u00fdmi m\u00e9dii a politiky zejm\u00e9na v minul\u00e9m roce, mnohdy p\u0159inesla sv\u00e9 ovoce. I p\u0159esto, \u017ee o\u010dkovan\u00fd m\u016f\u017ee nakazit nejen sebe, ale tak\u00e9 kohokoli jin\u00e9ho, \u00fato\u010dili n\u011bkte\u0159\u00ed o\u010dkovan\u00ed na neo\u010dkovan\u00e9 dosti nevyb\u00edrav\u00fdm zp\u016fsobem, nej\u010dast\u011bji jsme mohli \u010d\u00edst p\u0159\u00e1n\u00ed smrti v d\u016fsledku n\u00e1kazy covidem nebo r\u016fzn\u00e9 zp\u016fsoby \u0159e\u0161en\u00ed izolace neo\u010dkovan\u00fdch, v\u010detn\u011b r\u016fzn\u00fdch koncentr\u00e1k\u016f.<\/p>\n<p>Nezapomenu na anketu, kter\u00e1 byla snad n\u011bkde na Seznamu, kde k \u010dl\u00e1nku o takov\u00fdch \u201ekoncentr\u00e1c\u00edch\u201c v N\u011bmecku p\u0159idali anketn\u00ed ot\u00e1zku, zda by s n\u011b\u010d\u00edm podobn\u00fdm lid\u00e9 souhlasili i u n\u00e1s. Tehdy t\u00e9m\u011b\u0159 t\u0159etina s podobn\u00fdmi koncentr\u00e1ky souhlasila.<\/p>\n<p>Jen\u017ee za podobn\u00e9 postoje mohou pr\u00e1v\u011b zejm\u00e9na mainstreamov\u00e1 m\u00e9dia a v\u0161udyp\u0159\u00edtomn\u00e1 l\u017eiv\u00e1 propaganda, kter\u00e1 \u201eskv\u011bl\u00e9 o\u010dkov\u00e1n\u00ed\u201c prezentovala jako \u201ete\u010dku za koronavirem.\u201c O \u017e\u00e1dnou te\u010dku ne\u0161lo, co\u017e jsme my informovan\u00ed v\u011bd\u011bli, ale oddan\u00ed \u201ev\u011b\u0159\u00edc\u00ed\u201c si pro tuto \u201ete\u010dku\u201c \u0161li, aby zjistili, \u017ee si pak budou muset pravideln\u011b chodit i pro dal\u0161\u00ed.<\/p>\n<p>Tak\u00e9 v It\u00e1lii b\u011b\u017eela stejn\u00e1 \u2013 a mo\u017en\u00e1 i o n\u011bco v\u011bt\u0161\u00ed \u2013 propaganda jako v\u0161ude jinde. Jist\u00fd Ital, kter\u00fd pat\u0159il k a\u017e fanatick\u00fdm zast\u00e1nc\u016fm o\u010dkov\u00e1n\u00ed i restrikc\u00ed pak navrhl, jak \u201evy\u0159e\u0161it\u201c neo\u010dkovan\u00e9\u2026<\/p>\n<p><a href=\"https:\/\/report24.news\/er-wollte-die-endloesung-fuer-ungeimpfte-nun-starb-44-jaehriger-an-herzinfarkt\/\">S obr\u00e1zky<\/a>\u00a0Hitlera tento mu\u017e volal po nalezen\u00ed definitivn\u00edho \u0159e\u0161en\u00ed probl\u00e9mu odp\u016frc\u016f o\u010dkov\u00e1n\u00ed a neo\u010dkovan\u00fdch.\u00a0Italsk\u00fd ob\u010dan, kter\u00fd zjevn\u011b podporoval narativ syst\u00e9mu, samoz\u0159ejm\u011b v\u011bd\u011bl, \u017ee \u0161\u00ed\u0159en\u00edm podobn\u00fdch nen\u00e1vistn\u00fdch v\u00fdzev nebude \u010delit \u017e\u00e1dn\u00fdm pr\u00e1vn\u00edm d\u016fsledk\u016fm. Ale nyn\u00ed zem\u0159el n\u00e1hle a ne\u010dekan\u011b \u2013 na infarkt.<\/p>\n<p><a href=\"https:\/\/www.trevisotoday.it\/attualita\/stefano-pasin-funerali-zenson-15-agosto-2022.html\">\u00a0Ital Stefano Pasin<\/a> jednodu\u0161e pat\u0159il k on\u011bm fanatick\u00fdm \u201esv\u011bdk\u016fm covidov\u00fdm\u201c, k nim\u017e ov\u0161em v \u017e\u00e1dn\u00e9m p\u0159\u00edpad\u011b nelze za\u0159adit v\u011bt\u0161inu o\u010dkovan\u00fdch, jde skute\u010dn\u011b jen o malou, ale hodn\u011b \u201ek\u0159i\u010d\u00edc\u00ed\u201c skupinku, kterou lze naj\u00edt ve v\u0161ech zem\u00edch.<\/p>\n<p>Na soci\u00e1ln\u00edch s\u00edt\u00edch se z pln\u00fdch plic vrhl proti neo\u010dkovan\u00fdm a t\u011bm, kte\u0159\u00ed o\u010dkov\u00e1n\u00ed kritizuj\u00ed. S obr\u00e1zky Hitlera navrhl \u201e\u0159e\u0161en\u00ed probl\u00e9mu\u201c. Nap\u0159\u00edklad pova\u017eoval za z\u00e1bavn\u00e9 a vhodn\u00e9 zve\u0159ejnit ot\u00e1zku ministra zdravotnictv\u00ed\u00a0<a href=\"https:\/\/www.facebook.com\/stefano.pasin.716\" target=\"_blank\" rel=\"noreferrer noopener\">na Facebooku<\/a>\u00a0: \u201eV\u00ed n\u011bkdo, jak vy\u0159e\u0161\u00edme probl\u00e9m s neo\u010dkovan\u00fdmi?\u201c \u2013 a k t\u00e9to ot\u00e1zce p\u0159idal obr\u00e1zek Hitlera, kter\u00fd pr\u00fd \u201ekone\u010dn\u00e9 \u0159e\u0161en\u00ed\u201c znal.<\/p>\n<p>O tom, jak\u00e1 \u201e\u0159e\u0161en\u00ed\u201c Ital konkr\u00e9tn\u011b nab\u00edzel, snad net\u0159eba hovo\u0159it, v\u0161ichni jist\u011b zn\u00e1te zp\u016fsoby, jak\u00fdmi se 3. \u0159\u00ed\u0161e zbavovala n\u011bkter\u00fdch lid\u00ed. Nikdo se zdrav\u00fdm rozumem si takov\u00e9 \u010dasy zp\u011bt nep\u0159eje, ale tomuto Italovi v jist\u00e9m smyslu velmi imponovaly. Extremistick\u00e9 p\u0159\u00edsp\u011bvky byly mezit\u00edm smaz\u00e1ny.<\/p>\n<figure class=\"wp-block-image size-full\"><img decoding=\"async\" loading=\"lazy\" class=\"wp-image-70466\" src=\"https:\/\/report24.news\/wp-content\/uploads\/2022\/08\/image-13.png\" alt=\"\" width=\"479\" height=\"545\" \/><\/figure>\n<p>Nyn\u00ed Pasin n\u00e1hle \u2013 bez p\u0159edchoz\u00ed anamn\u00e9zy \u2013 zem\u0159el na infarkt. Smutn\u00e9 je, \u017ee po n\u011bm z\u016fstala man\u017eelka a dv\u011b d\u011bti. On s\u00e1m se chlubil t\u00edm, \u017ee je ji\u017e opakovan\u011b o\u010dkov\u00e1n. Musel opravdu v\u011b\u0159it, \u017ee d\u011bl\u00e1 spr\u00e1vnou v\u011bc, kdy\u017e se s\u00e1m stal tak agresivn\u00edm \u2013 a podle v\u0161eho v\u011b\u0159il, \u017ee neo\u010dkovan\u00ed nebo ti, kdo proti o\u010dkov\u00e1n\u00ed broj\u00ed, jsou nebezpe\u010dn\u00ed. A to natolik, \u017ee se ne\u0161t\u00edtil ve\u0159ejn\u011b navrhovat \u201ekone\u010dn\u00e9 \u0159e\u0161en\u00ed.\u201c<\/p>\n<p>Je a\u017e symbolick\u00e9, \u017ee fanatik do vakcinace na sv\u00e9m \u00fa\u010dtu dne 14. \u0159\u00edjna 2021 tak\u00e9 napsal:<\/p>\n<p><strong><em>Kdo si vezme t\u0159et\u00ed d\u00e1vku, odhal\u00ed t\u0159et\u00ed fatimsk\u00e9 tajemstv\u00ed, \u010dtvrt\u00e1 d\u00e1vka promluv\u00ed p\u0159\u00edmo k Madon\u011b.<\/em><\/strong><\/p>\n<p>Pasin k tomu m\u00e1 nyn\u00ed p\u0159\u00edle\u017eitost. Mu\u017e, kter\u00fd byl s\u00e1m ji\u017e 4x o\u010dkov\u00e1n proti Covid-19, zem\u0159el 13. srpna 2022 na n\u00e1sledky n\u00e1hl\u00e9ho a ne\u010dekan\u00e9ho infarktu. Co mu \u0159ekne Madona?<\/p>\n<p><a href=\"https:\/\/necenzurovanapravda.cz\/2022\/08\/44lety-ital-ktery-navrhoval-konecne-reseni-ve-stylu-hitlera-pro-neockovane-nahle-zemrel-na-infarkt\/\">Slovanka<\/a><\/p>\n<p>&nbsp;<\/p>\n","protected":false},"excerpt":{"rendered":"<p>\u0160tvanice proti neo\u010dkovan\u00fdm, kter\u00e1 byla z\u00e1m\u011brn\u011b vyvol\u00e1v\u00e1na mainstreamov\u00fdmi m\u00e9dii a politiky zejm\u00e9na v minul\u00e9m roce,&#8230;<\/p>\n","protected":false},"author":2,"featured_media":13720,"comment_status":"closed","ping_status":"closed","sticky":false,"template":"","format":"standard","meta":[],"categories":[7],"tags":[23,1627,3077,3076,213],"_links":{"self":[{"href":"https:\/\/www.infokuryr.cz\/n\/wp-json\/wp\/v2\/posts\/13719"}],"collection":[{"href":"https:\/\/www.infokuryr.cz\/n\/wp-json\/wp\/v2\/posts"}],"about":[{"href":"https:\/\/www.infokuryr.cz\/n\/wp-json\/wp\/v2\/types\/post"}],"author":[{"embeddable":true,"href":"https:\/\/www.infokuryr.cz\/n\/wp-json\/wp\/v2\/users\/2"}],"replies":[{"embeddable":true,"href":"https:\/\/www.infokuryr.cz\/n\/wp-json\/wp\/v2\/comments?post=13719"}],"version-history":[{"count":1,"href":"https:\/\/www.infokuryr.cz\/n\/wp-json\/wp\/v2\/posts\/13719\/revisions"}],"predecessor-version":[{"id":13721,"href":"https:\/\/www.infokuryr.cz\/n\/wp-json\/wp\/v2\/posts\/13719\/revisions\/13721"}],"wp:featuredmedia":[{"embeddable":true,"href":"https:\/\/www.infokuryr.cz\/n\/wp-json\/wp\/v2\/media\/13720"}],"wp:attachment":[{"href":"https:\/\/www.infokuryr.cz\/n\/wp-json\/wp\/v2\/media?parent=13719"}],"wp:term":[{"taxonomy":"category","embeddable":true,"href":"https:\/\/www.infokuryr.cz\/n\/wp-json\/wp\/v2\/categories?post=13719"},{"taxonomy":"post_tag","embeddable":true,"href":"https:\/\/www.infokuryr.cz\/n\/wp-json\/wp\/v2\/tags?post=13719"}],"curies":[{"name":"wp","href":"https:\/\/api.w.org\/{rel}","templated":true}]}}