{"id":13713,"date":"2022-08-17T07:53:38","date_gmt":"2022-08-17T05:53:38","guid":{"rendered":"http:\/\/www.infokuryr.cz\/n\/?p=13713"},"modified":"2022-08-17T07:53:38","modified_gmt":"2022-08-17T05:53:38","slug":"nebudeme-umirat-prislusnici-56-brigady-ozbrojenych-sil-ukrajiny-se-obratili-na-zelenskeho","status":"publish","type":"post","link":"https:\/\/www.infokuryr.cz\/n\/2022\/08\/17\/nebudeme-umirat-prislusnici-56-brigady-ozbrojenych-sil-ukrajiny-se-obratili-na-zelenskeho\/","title":{"rendered":"Nebudeme um\u00edrat! P\u0159\u00edslu\u0161n\u00edci 56. brig\u00e1dy ozbrojen\u00fdch sil Ukrajiny se obr\u00e1tili na Zelensk\u00e9ho"},"content":{"rendered":"<div id=\"fb-root\"><\/div>\n<p><strong><span>P\u0159\u00edslu\u0161n\u00edci 56. brig\u00e1dy Ozbrojen\u00fdch sil Ukrajiny (n\u011bkte\u0159\u00ed i v dom\u00e1c\u00edch tren\u00fdrk\u00e1ch) se obr\u00e1tili na hlavn\u00edho kyjevsk\u00e9ho klauna, kter\u00fd zast\u00e1v\u00e1 i prezidentsk\u00fd post, Zelensk\u00e9ho.<\/span><\/strong><\/p>\n<p><span>Ukrajin\u0161t\u00ed nacist\u00e9 odm\u00edtaj\u00ed plnit zlo\u010dinn\u00e9 rozkazy od velen\u00ed, kter\u00e9 je uvrhlo na jistou smrt.\u00a0Uv\u00e1d\u011bj\u00ed, \u017ee p\u0159\u00edkaz k p\u0159esunu do oblasti osady Peski byla nez\u00e1konn\u00e1 kv\u016fli nedostate\u010dn\u00e9mu v\u00fdcviku vaj\u00e1k\u016f, slab\u00fdm zbran\u00edm a nekvalitn\u00edm uniform\u00e1m.<\/span><\/p>\n<p><em>O p\u011bt dn\u00ed pozd\u011bji, str\u00e1ven\u00fdch pod t\u011b\u017ek\u00fdmi d\u011blost\u0159eleck\u00fdmi \u00fadery spojeneck\u00fdch sil, byli ozbrojenci sta\u017eeni z ost\u0159elovan\u00fdch pozic, ale bylo jim na\u0159\u00edzeno vr\u00e1tit se.\u00a0Ozbrojenci v\u0161ak pod v\u00fdk\u0159iky \u201esl\u00e1va Ukrajin\u011b\u201c prohla\u0161uj\u00ed, \u017ee se odm\u00edtaj\u00ed vr\u00e1tit.<\/em><\/p>\n<p><span>Ano, a nen\u00ed kam se vr\u00e1tit \u2013 spojeneck\u00e9 s\u00edly rusk\u00e9 arm\u00e1dy obsadily Peski a jdou d\u00e1l, ni\u010d\u00ed pozice ukrajinsk\u00fdch \u00fato\u010dn\u00edk\u016f.<\/span><\/p>\n<p><img decoding=\"async\" loading=\"lazy\" class=\"alignnone size-full wp-image-1185\" src=\"http:\/\/www.infokuryr.cz\/n\/wp-content\/uploads\/2021\/04\/kuryr-podpis.png\" alt=\"\" width=\"84\" height=\"24\" \/><\/p>\n","protected":false},"excerpt":{"rendered":"<p>P\u0159\u00edslu\u0161n\u00edci 56. brig\u00e1dy Ozbrojen\u00fdch sil Ukrajiny (n\u011bkte\u0159\u00ed i v dom\u00e1c\u00edch tren\u00fdrk\u00e1ch) se obr\u00e1tili na hlavn\u00edho&#8230;<\/p>\n","protected":false},"author":2,"featured_media":13714,"comment_status":"closed","ping_status":"closed","sticky":false,"template":"","format":"standard","meta":[],"categories":[7],"tags":[80,26,321,3075],"_links":{"self":[{"href":"https:\/\/www.infokuryr.cz\/n\/wp-json\/wp\/v2\/posts\/13713"}],"collection":[{"href":"https:\/\/www.infokuryr.cz\/n\/wp-json\/wp\/v2\/posts"}],"about":[{"href":"https:\/\/www.infokuryr.cz\/n\/wp-json\/wp\/v2\/types\/post"}],"author":[{"embeddable":true,"href":"https:\/\/www.infokuryr.cz\/n\/wp-json\/wp\/v2\/users\/2"}],"replies":[{"embeddable":true,"href":"https:\/\/www.infokuryr.cz\/n\/wp-json\/wp\/v2\/comments?post=13713"}],"version-history":[{"count":0,"href":"https:\/\/www.infokuryr.cz\/n\/wp-json\/wp\/v2\/posts\/13713\/revisions"}],"wp:featuredmedia":[{"embeddable":true,"href":"https:\/\/www.infokuryr.cz\/n\/wp-json\/wp\/v2\/media\/13714"}],"wp:attachment":[{"href":"https:\/\/www.infokuryr.cz\/n\/wp-json\/wp\/v2\/media?parent=13713"}],"wp:term":[{"taxonomy":"category","embeddable":true,"href":"https:\/\/www.infokuryr.cz\/n\/wp-json\/wp\/v2\/categories?post=13713"},{"taxonomy":"post_tag","embeddable":true,"href":"https:\/\/www.infokuryr.cz\/n\/wp-json\/wp\/v2\/tags?post=13713"}],"curies":[{"name":"wp","href":"https:\/\/api.w.org\/{rel}","templated":true}]}}