{"id":13709,"date":"2022-08-17T03:12:34","date_gmt":"2022-08-17T01:12:34","guid":{"rendered":"http:\/\/www.infokuryr.cz\/n\/?p=13709"},"modified":"2022-08-17T03:12:34","modified_gmt":"2022-08-17T01:12:34","slug":"data-z-pfizeru-i-realneho-sveta-dokazuji-ze-covidove-vakciny-zpusobuji-masove-vymirani","status":"publish","type":"post","link":"https:\/\/www.infokuryr.cz\/n\/2022\/08\/17\/data-z-pfizeru-i-realneho-sveta-dokazuji-ze-covidove-vakciny-zpusobuji-masove-vymirani\/","title":{"rendered":"Data z Pfizeru i re\u00e1ln\u00e9ho sv\u011bta dokazuj\u00ed, \u017ee covidov\u00e9 vakc\u00edny zp\u016fsobuj\u00ed masov\u00e9 vym\u00edr\u00e1n\u00ed"},"content":{"rendered":"<div id=\"fb-root\"><\/div>\n<p><span>Ve srovn\u00e1n\u00ed s p\u0159edplandemickou \u00farovn\u00ed um\u00edraj\u00ed ka\u017ed\u00fd t\u00fdden na cel\u00e9m sv\u011bt\u011b des\u00edtky nebo dokonce stovky tis\u00edc lid\u00ed nav\u00edc.\u00a0A v\u0161echny dostupn\u00e9 d\u016fkazy poukazuj\u00ed na to, \u017ee vin\u00edkem jsou \u201evakc\u00edny\u201c proti Covid-19.<\/span><\/p>\n<p><span>Nadm\u011brn\u00e1 \u00famrt\u00ed, jak je naz\u00fdvaj\u00ed, nad\u00e1le stoupaj\u00ed t\u00e9m\u011b\u0159 v ka\u017ed\u00e9 pr\u016fmyslov\u011b vysp\u011bl\u00e9 zemi, kter\u00e1 protla\u010dovala o\u010dkov\u00e1n\u00ed sv\u00e9ho obyvatelstva.\u00a0D\u011bje se tak ve Velk\u00e9 Brit\u00e1nii, Evrop\u011b a Severn\u00ed Americe &#8211; na v\u0161ech m\u00edstech, kde se uskute\u010dnilo masov\u00e9 o\u010dkov\u00e1n\u00ed.<\/span><\/p>\n<p><span>\u010c\u00edsla jsou pon\u011bkud sk\u00e1kav\u00e1, v z\u00e1vislosti na tom, kter\u00e9 soubory \u00fadaj\u016f pou\u017e\u00edv\u00e1te, proto\u017ee vl\u00e1dy si daly nadpr\u00e1ci a sna\u017eily se zakr\u00fdt pravdu.\u00a0Hlub\u0161\u00ed zkoum\u00e1n\u00ed dat v\u0161ak za\u010d\u00edn\u00e1 ukazovat pravdu.<\/span><\/p>\n<p><span>Neo\u010dkovan\u00ed lid\u00e9 mezit\u00edm z\u016fst\u00e1vaj\u00ed na\u017eivu a ve v\u011bt\u0161in\u011b p\u0159\u00edpad\u016f se jim da\u0159\u00ed dob\u0159e, zat\u00edmco u jejich \u201ezcela o\u010dkovan\u00fdch\u201c prot\u011bj\u0161k\u016f se nad\u00e1le rozv\u00edj\u00ed\u00a0<\/span><a href=\"https:\/\/www.badatel.net\/vladne-data-dokazuju-ze-u-plne-ockovanych-sa-rozvija-aids-preto-vas-rozptyluju-vojnou\/\"><span>VAIDS<\/span><\/a><span>\u00a0(vakc\u00ednou vyvolan\u00fd AIDS) nebo um\u00edraj\u00ed na \u201esyndrom n\u00e1hl\u00e9ho \u00famrt\u00ed dosp\u011bl\u00fdch\u201c, zn\u00e1m\u00fd tak\u00e9 jako SADS.<\/span><\/p>\n<p><em><span>\u201eV ka\u017ed\u00e9m m\u011bs\u00edci od za\u010d\u00e1tku roku 2022 \u010d\u00e1ste\u010dn\u011b o\u010dkov\u00e1n\u00ed a dvakr\u00e1t o\u010dkov\u00e1n\u00ed 18 a\u017e 39 let lid\u00e9 um\u00edraj\u00ed \u010dast\u011bji ne\u017e neo\u010dkov\u00e1n\u00ed 18 a\u017e 39 let,\u201c<\/span><\/em><span>\u00a0uv\u00e1d\u00ed port\u00e1l Expos\u00e9 News.<\/span><\/p>\n<p><em><span>&#8222;Troma d\u00e1vkami proo\u010dkov\u00e1n\u00ed 18- a\u017e 39-let\u00ed lid\u00e9 ve Velk\u00e9 Brit\u00e1nii m\u011bli \u00famrtnost, kter\u00e1 se v prosinci 2021 v\u00fdrazn\u011b zhor\u0161ila po masov\u00e9 kampani na p\u0159eo\u010dkov\u00e1n\u00ed.&#8220;<\/span><\/em><\/p>\n<h2><span>V d\u016fsledku n\u00e1sledk\u016f covidov\u00fdch vakc\u00edn um\u00edr\u00e1 mno\u017estv\u00ed miminek<\/span><\/h2>\n<p><span>Dal\u0161\u00edm trendem, kter\u00fd se vyskytuje po cel\u00e9m sv\u011bt\u011b v zem\u00edch s nejv\u011bt\u0161\u00ed m\u00edrou proo\u010dkovanosti, je nadm\u011brn\u00fd po\u010det \u00famrt\u00ed novorozenc\u016f.\u00a0Podruh\u00e9 za sedm m\u011bs\u00edc\u016f v b\u0159eznu mrtv\u00ed novorozenci dos\u00e1hli kritick\u00e9 \u00farovn\u011b, ukazuj\u00ed \u00fadaje.<\/span><\/p>\n<p><span>V b\u0159eznu bylo zaznamen\u00e1no ohromuj\u00edc\u00edch 4,6 \u00famrt\u00ed novorozenc\u016f na 1 000 \u017eiv\u011b narozen\u00fdch d\u011bt\u00ed, co\u017e je 119procentn\u00ed n\u00e1r\u016fst nad o\u010dek\u00e1vanou \u00farove\u0148.\u00a0V z\u00e1\u0159\u00ed 2021 byl zaznamen\u00e1n je\u0161t\u011b v\u011bt\u0161\u00ed vrchol 5,1 \u00famrt\u00ed novorozenc\u016f na 1 000 \u017eiv\u011b narozen\u00fdch d\u011bt\u00ed.<\/span><\/p>\n<p><span>Skotsk\u00e9 ve\u0159ejn\u00e9 zdravotnictv\u00ed (PHS) zah\u00e1jilo vy\u0161et\u0159ov\u00e1n\u00ed, kter\u00e9 se konalo v utajen\u00ed.\u00a0Jeho z\u00e1v\u011br?\u00a0Miminka um\u00edraj\u00ed v d\u016fsledku \u201efaktor\u016f mimo n\u00e1hodn\u00e9 variace\u201c \u2013 ale vakc\u00edny zm\u00edn\u011bny nebyly.<\/span><\/p>\n<p><span>V N\u011bmecku, na Tchaj-wanu a jinde porodnost podobn\u011b klesala, bu\u010f kv\u016fli tomu, \u017ee pln\u011b o\u010dkovan\u00e9 \u017eeny nemohly ot\u011bhotn\u011bt, proto, \u017ee d\u011bti um\u00edraly kr\u00e1tce po narozen\u00ed nebo proto, \u017ee o\u010dkovan\u00e9 \u017eeny potratily.<\/span><\/p>\n<p><span>Psali jsme o tom ned\u00e1vno v \u010dl\u00e1nku:\u00a0<\/span><a href=\"https:\/\/www.badatel.net\/brutalny-pokles-porodnosti-v-nemecku-potvrdzuje-sa-vakcinacna-genocida\/\"><span>Nastal brut\u00e1ln\u00ed pokles porodnosti: Potvrzuje se vakcina\u010dn\u00ed genocida!<\/span><\/a><\/p>\n<h2><span>Pfizer i \u00fa\u0159ady o v\u0161em p\u0159edem v\u011bd\u011bly<\/span><\/h2>\n<p><span>Takzvan\u00e9 dokumenty spole\u010dnosti Pfizer to \u0159e\u0161\u00ed.\u00a0Uk\u00e1zalo se, \u017ee hluboko v \u00fadaj\u00edch se uv\u00e1d\u00ed, \u017ee v\u00edce ne\u017e 90 procent t\u011bhotn\u00fdch \u017een po o\u010dkov\u00e1n\u00ed covidem p\u0159ijde o sv\u00e9 d\u011bti.<\/span><\/p>\n<p><span>Mimochodem, kdyby nebylo soudn\u00edho p\u0159\u00edkazu, tato a dal\u0161\u00ed kritick\u00e1 odhalen\u00ed v dokumentech spole\u010dnosti Pfizer by nikdy neuhl\u00e9dla sv\u011btlo sv\u011bta, respektive\u00a0<\/span><a href=\"https:\/\/www.badatel.net\/americka-fda-ziada-sud-o-odlozenie-zverejnenia-dokumentov-k-vakcine-pfizer-do-roku-2076\/\"><span>a\u017e v roce 2076<\/span><\/a><span> .<\/span><\/p>\n<p><span>Syst\u00e9m hl\u00e1\u0161en\u00ed ne\u017e\u00e1douc\u00edch ud\u00e1lost\u00ed (VAERS) americk\u00e9ho Centra pro kontrolu a prevenci nemoc\u00ed (CDC) d\u00e1le ukazuje, \u017ee spont\u00e1nn\u00ed potraty po o\u010dkov\u00e1n\u00ed proti covidu jsou minim\u00e1ln\u011b o 1517% vy\u0161\u0161\u00ed ne\u017e spont\u00e1nn\u00ed potraty po o\u010dkov\u00e1n\u00ed proti ch\u0159ipce.<\/span><\/p>\n<p><span>Od dubna leto\u0161n\u00edho roku zem\u0159elo asi 4 113 nenarozen\u00fdch d\u011bt\u00ed, o kter\u00fdch v\u00edme, v d\u016fsledku komplikac\u00ed spojen\u00fdch s covidov\u00fdm o\u010dkov\u00e1n\u00edm.\u00a0Z nich bylo 3 209 specificky p\u0159ipsan\u00fdch mRNA (messenger RNA) vakc\u00edn\u011b od spole\u010dnosti Pfizer.<\/span><\/p>\n<p><em><span>\u201eCDC p\u0159ipustilo, \u017ee jen 1 a\u017e 10 % ne\u017e\u00e1douc\u00edch reakc\u00ed je skute\u010dn\u011b hl\u00e1\u0161eno do syst\u00e9mu VAERS, tak\u017ee skute\u010dn\u00fd po\u010det m\u016f\u017ee b\u00fdt mnohon\u00e1sobn\u011b hor\u0161\u00ed,\u201c<\/span><\/em><span>\u00a0vysv\u011btluje port\u00e1l Expos\u00e9 News.<\/span><\/p>\n<p><em><span>\u201eAle abychom tato \u010d\u00edsla uvedli do perspektivy, za 30 let, p\u0159ed povolen\u00edm k nouzov\u00e9mu pou\u017eit\u00ed vakc\u00edn proti Covid-19 v prosinci 2020, bylo nahl\u00e1\u0161eno pouze 2 239 \u00famrt\u00ed plodu do syst\u00e9mu VAERS.\u201c<\/span><\/em><\/p>\n<p><span>Mezit\u00edm regula\u010dn\u00ed org\u00e1ny v oblasti medic\u00edny nad\u00e1le \u0161\u00ed\u0159\u00ed l\u017ei, \u017ee na z\u00e1klad\u011b \u201estudi\u00ed na zv\u00ed\u0159atech\u201c neexistuj\u00ed d\u016fkazy o \u017e\u00e1dn\u00fdch p\u0159\u00edm\u00fdch nebo nep\u0159\u00edm\u00fdch \u0161kodliv\u00fdch \u00fa\u010dinc\u00edch covidov\u00fdch vakc\u00edn na t\u011bhotenstv\u00ed.<\/span><\/p>\n<p><span>Potom zde m\u00e1me rakovinu vaje\u010dn\u00edk\u016f, jej\u00ed\u017e m\u00edra dramaticky stoup\u00e1 v d\u016fsledku masov\u00e9ho o\u010dkov\u00e1n\u00ed proti covidu.<\/span><\/p>\n<p><em><span>&#8222;P\u0159edstavte si ty samolib\u00e9 trojit\u00e9 opich\u00e1ny, kte\u0159\u00ed za posledn\u00ed dva roky \u0161ikanovali neo\u010dkovan\u00e9, jak pr\u00e1v\u011b \u010dtou tento \u010dl\u00e1nek,&#8220;<\/span><\/em><span>\u00a0napsal jeden koment\u00e1tor.<\/span><\/p>\n<p><em><span>\u201eAsi od zlosti te\u010f polknou napr\u00e1zdno.\u201c<\/span><\/em><\/p>\n<h2><span>Z\u00e1v\u011br<\/span><\/h2>\n<p><span>Trestn\u00ed z\u00e1kon v paragrafu 418 v odstavci 1, p\u00edsmenu b) a odstavci 3 definuje genocidium n\u00e1sledovn\u011b:<\/span><\/p>\n<p><em><span>\u201eKdo v \u00famyslu zcela nebo \u010d\u00e1ste\u010dn\u011b zni\u010dit n\u011bkter\u00fd n\u00e1rod nebo n\u011bkterou n\u00e1rodnostn\u00ed, etnickou, rasovou nebo n\u00e1bo\u017eenskou skupinu provede opat\u0159en\u00ed sm\u011b\u0159uj\u00edc\u00ed k tomu, aby se v takov\u00e9 skupin\u011b br\u00e1nilo rozen\u00ed d\u011bt\u00ed, bude potrest\u00e1n odn\u011bt\u00edm svobody na do\u017eivot\u00ed, jestli\u017ee uveden\u00fdm \u010dinem zp\u016fsob\u00ed smrt v\u00edce osob. \u201c<\/span><\/em><\/p>\n<p><span>M\u00e1me tak siln\u00e9 tu\u0161en\u00ed, \u017ee do\u017eivot\u00ed zde sta\u010dit nebude a \u017ee za smrt a zabr\u00e1n\u011bn\u00ed narozen\u00ed tis\u00edc\u016f d\u011bt\u00ed bude brzy znovuzaveden trest smrti.<\/span><\/p>\n<p><span>Nez\u00e1vid\u00edme moment\u00e1ln\u00ed psychick\u00fd stav v\u0161em t\u011bm, kte\u0159\u00ed se jakkoli pod\u00edleli na o\u010dkovac\u00ed kampani.\u00a0Ale mohou si za to jen a jen sami.<\/span><\/p>\n<p><span>Autor: Ethan Huff, Zdroj:\u00a0<\/span><a href=\"https:\/\/www.naturalnews.com\/2022-08-15-pfizer-documents-data-covid-jabs-mass-depopulation.html\" target=\"_blank\" rel=\"noopener\"><span>naturalnews.com<\/span><\/a><span>\u00a0<\/span><\/p>\n<p>&nbsp;<\/p>\n","protected":false},"excerpt":{"rendered":"<p>Ve srovn\u00e1n\u00ed s p\u0159edplandemickou \u00farovn\u00ed um\u00edraj\u00ed ka\u017ed\u00fd t\u00fdden na cel\u00e9m sv\u011bt\u011b des\u00edtky nebo dokonce stovky&#8230;<\/p>\n","protected":false},"author":2,"featured_media":7792,"comment_status":"closed","ping_status":"closed","sticky":false,"template":"","format":"standard","meta":[],"categories":[7],"tags":[23,315,523,651,21],"_links":{"self":[{"href":"https:\/\/www.infokuryr.cz\/n\/wp-json\/wp\/v2\/posts\/13709"}],"collection":[{"href":"https:\/\/www.infokuryr.cz\/n\/wp-json\/wp\/v2\/posts"}],"about":[{"href":"https:\/\/www.infokuryr.cz\/n\/wp-json\/wp\/v2\/types\/post"}],"author":[{"embeddable":true,"href":"https:\/\/www.infokuryr.cz\/n\/wp-json\/wp\/v2\/users\/2"}],"replies":[{"embeddable":true,"href":"https:\/\/www.infokuryr.cz\/n\/wp-json\/wp\/v2\/comments?post=13709"}],"version-history":[{"count":0,"href":"https:\/\/www.infokuryr.cz\/n\/wp-json\/wp\/v2\/posts\/13709\/revisions"}],"wp:featuredmedia":[{"embeddable":true,"href":"https:\/\/www.infokuryr.cz\/n\/wp-json\/wp\/v2\/media\/7792"}],"wp:attachment":[{"href":"https:\/\/www.infokuryr.cz\/n\/wp-json\/wp\/v2\/media?parent=13709"}],"wp:term":[{"taxonomy":"category","embeddable":true,"href":"https:\/\/www.infokuryr.cz\/n\/wp-json\/wp\/v2\/categories?post=13709"},{"taxonomy":"post_tag","embeddable":true,"href":"https:\/\/www.infokuryr.cz\/n\/wp-json\/wp\/v2\/tags?post=13709"}],"curies":[{"name":"wp","href":"https:\/\/api.w.org\/{rel}","templated":true}]}}