{"id":13706,"date":"2022-08-17T03:06:07","date_gmt":"2022-08-17T01:06:07","guid":{"rendered":"http:\/\/www.infokuryr.cz\/n\/?p=13706"},"modified":"2022-08-17T03:06:07","modified_gmt":"2022-08-17T01:06:07","slug":"stari-lide-budou-umirat-protoze-nebudou-mit-na-topeni-mysli-si-vetsina-britu","status":"publish","type":"post","link":"https:\/\/www.infokuryr.cz\/n\/2022\/08\/17\/stari-lide-budou-umirat-protoze-nebudou-mit-na-topeni-mysli-si-vetsina-britu\/","title":{"rendered":"\u201eSta\u0159\u00ed lid\u00e9 budou um\u00edrat, proto\u017ee nebudou m\u00edt na topen\u00ed\u201c, mysl\u00ed si v\u011bt\u0161ina Brit\u016f"},"content":{"rendered":"<div id=\"fb-root\"><\/div>\n<h2 class=\"entry-title\">O\u010dek\u00e1vaj\u00ed i pouli\u010dn\u00ed nepokoje. Za uprchl\u00edky bude topen\u00ed ale platit vl\u00e1da<\/h2>\n<p><strong>Zhruba\u00a0<a href=\"https:\/\/www.breitbart.com\/europe\/2022\/08\/02\/majority-of-britons-expect-cost-of-living-crisis-end-energy-poverty-deaths-riots\/\">75% Brit\u016f o\u010dek\u00e1v<\/a>\u00e1, \u017ee v zemi budou v zim\u011b um\u00edrat sta\u0159\u00ed lid\u00e9 na podchlazen\u00ed, proto\u017ee nebudou m\u00edt na zaplacen\u00ed energi\u00ed. V\u011bt\u0161ina Brit\u016f rovn\u011b\u017e o\u010dek\u00e1v\u00e1 propuknut\u00ed pouli\u010dn\u00edch nepokoj\u016f, z d\u016fvod\u016f rostouc\u00ed b\u00eddy a chudoby v\u011bt\u0161ina b\u00edl\u00fdch Brit\u016f. Znepokojen\u00ed za\u010d\u00ednaj\u00ed projevovat i n\u011bkte\u0159\u00ed poslanci vl\u00e1dn\u00ed Konzervativn\u00ed strany.<\/strong><\/p>\n<p>Ekonomick\u00e1 krize a chudoba se<strong>\u00a0nejprve bude t\u00fdkat b\u00edl\u00e9ho obyvatelstva, proto\u017ee pro barevn\u00e9 uprchl\u00edky bude vl\u00e1da nad\u00e1le poskytovat kompenza\u010dn\u00ed d\u00e1vky.<\/strong> N\u00e1sledn\u011b pochopiteln\u011b dojde i na barevn\u00e9 uprchl\u00edky, proto\u017ee pro britsk\u00e9 elity je b\u011b\u017en\u00fd \u010dlov\u011bk na \u00farovni zv\u00ed\u0159ete.<\/p>\n<p>\u010ce\u0161i ale rovn\u011b\u017e nemaj\u00ed d\u016fvod k radosti i\u00a0<strong>je \u201eukrajinsk\u00e1\u201c vl\u00e1da P. Fialy s radost\u00ed ob\u011btuje pro z\u00e1jmy glob\u00e1ln\u00ed finan\u010dn\u00ed oligarchie. Zima se bl\u00ed\u017e\u00ed, budou \u010ce\u0161i jen sed\u011bt a \u010dekat na vlastn\u00ed likvidaci?<\/strong><\/p>\n<p><a href=\"https:\/\/ceskavec.com\/2022\/08\/stari-lide-budou-umirat-protoze-nebudou-mit-na-topeni-mysli-si-vetsina-britu-ocekavaji-i-poulicni-nepokoje-za-uprchliky-bude-topeni-ale-platit-vlada\">\u010cesk\u00e1 v\u011bc<\/a><\/p>\n<p>&nbsp;<\/p>\n","protected":false},"excerpt":{"rendered":"<p>O\u010dek\u00e1vaj\u00ed i pouli\u010dn\u00ed nepokoje. Za uprchl\u00edky bude topen\u00ed ale platit vl\u00e1da Zhruba\u00a075% Brit\u016f o\u010dek\u00e1v\u00e1, \u017ee&#8230;<\/p>\n","protected":false},"author":2,"featured_media":13707,"comment_status":"closed","ping_status":"closed","sticky":false,"template":"","format":"standard","meta":[],"categories":[7],"tags":[285,371,95,303],"_links":{"self":[{"href":"https:\/\/www.infokuryr.cz\/n\/wp-json\/wp\/v2\/posts\/13706"}],"collection":[{"href":"https:\/\/www.infokuryr.cz\/n\/wp-json\/wp\/v2\/posts"}],"about":[{"href":"https:\/\/www.infokuryr.cz\/n\/wp-json\/wp\/v2\/types\/post"}],"author":[{"embeddable":true,"href":"https:\/\/www.infokuryr.cz\/n\/wp-json\/wp\/v2\/users\/2"}],"replies":[{"embeddable":true,"href":"https:\/\/www.infokuryr.cz\/n\/wp-json\/wp\/v2\/comments?post=13706"}],"version-history":[{"count":0,"href":"https:\/\/www.infokuryr.cz\/n\/wp-json\/wp\/v2\/posts\/13706\/revisions"}],"wp:featuredmedia":[{"embeddable":true,"href":"https:\/\/www.infokuryr.cz\/n\/wp-json\/wp\/v2\/media\/13707"}],"wp:attachment":[{"href":"https:\/\/www.infokuryr.cz\/n\/wp-json\/wp\/v2\/media?parent=13706"}],"wp:term":[{"taxonomy":"category","embeddable":true,"href":"https:\/\/www.infokuryr.cz\/n\/wp-json\/wp\/v2\/categories?post=13706"},{"taxonomy":"post_tag","embeddable":true,"href":"https:\/\/www.infokuryr.cz\/n\/wp-json\/wp\/v2\/tags?post=13706"}],"curies":[{"name":"wp","href":"https:\/\/api.w.org\/{rel}","templated":true}]}}