{"id":13705,"date":"2022-08-17T03:03:35","date_gmt":"2022-08-17T01:03:35","guid":{"rendered":"http:\/\/www.infokuryr.cz\/n\/?p=13705"},"modified":"2022-08-17T03:03:35","modified_gmt":"2022-08-17T01:03:35","slug":"japonsko-musi-prestat-uvolnovat-omezeni-militarismu","status":"publish","type":"post","link":"https:\/\/www.infokuryr.cz\/n\/2022\/08\/17\/japonsko-musi-prestat-uvolnovat-omezeni-militarismu\/","title":{"rendered":"Japonsko mus\u00ed p\u0159estat uvol\u0148ovat omezen\u00ed militarismu"},"content":{"rendered":"<div id=\"fb-root\"><\/div>\n<p><span data-spm-anchor-id=\"C01140752918.Pqa8WupHcZqF.0.i1\">15. srpna leto\u0161n\u00edho roku uplynulo 77. let od por\u00e1\u017eky Japonska a jeho bezpodm\u00edne\u010dn\u00e9 kapitulace. Sv\u011bt znepokojuje, \u017ee se v Japonsku h\u00fdbe st\u00edn militarismu, kter\u00fd se sna\u017e\u00ed vymanit z okov\u016f pov\u00e1le\u010dn\u00e9 m\u00edrov\u00e9 \u00fastavy. Zejm\u00e9na ned\u00e1vn\u00e1 nebezpe\u010dn\u00e1 vystoupen\u00ed n\u011bkter\u00fdch japonsk\u00fdch politik\u016f v ot\u00e1zce \u010d\u00ednsk\u00e9ho Tchaj-wanu zvy\u0161uj\u00ed obavy lid\u00ed.<\/span><\/p>\n<p>Nen\u00ed to tak d\u00e1vno, co p\u0159edsedkyn\u011b Sn\u011bmovny reprezentant\u016f Nancy Pelosiov\u00e1 nav\u0161t\u00edvila v rozporu se z\u00e1sadou jedn\u00e9 \u010c\u00edny \u010d\u00ednsk\u00fd Tchaj-wan, co\u017e odsoudilo v\u00edce ne\u017e 170 zem\u00ed a mnoho mezin\u00e1rodn\u00edch organizac\u00ed. Japonsko se ale postavilo proti tomuto trendu. Kdy\u017e se japonsk\u00fd premi\u00e9r Fumio Kishida setkal s Nancy Pelosiovou, nepravdiv\u011b tvrdil, \u017ee legitimn\u00ed vojensk\u00e1 cvi\u010den\u00ed \u010c\u00edny kolem Tchajwansk\u00e9ho pr\u016flivu \u201ev\u00e1\u017en\u011b ovlivnila n\u00e1rodn\u00ed bezpe\u010dnost Japonska\u201c a pohrozil, \u017ee \u201eJaponsko a Spojen\u00e9 st\u00e1ty budou spole\u010dn\u011b udr\u017eovat m\u00edr a stabilitu v Tchajwansk\u00e9m pr\u016flivu\u201c.\u00a0Japonsko nav\u00edc vydalo spolu s dal\u0161\u00edmi zem\u011bmi G7 a Evropskou uni\u00ed takzvan\u00e9 spole\u010dn\u00e9 prohl\u00e1\u0161en\u00ed, aby podpo\u0159ilo USA.<\/p>\n<p>V ot\u00e1zce \u010d\u00ednsk\u00e9ho Tchaj-wanu m\u00e1 Japonsko v\u016f\u010di \u010d\u00ednsk\u00e9mu lidu historick\u00fd dluh a v\u016fbec nen\u00ed zp\u016fsobil\u00e9 \u010dinit nezodpov\u011bdn\u00e9 pozn\u00e1mky. V roce 1895 se japon\u0161t\u00ed imperialist\u00e9 v \u00fato\u010dn\u00e9 v\u00e1lce n\u00e1siln\u011b zmocnili \u010d\u00ednsk\u00e9ho Tchaj-wanu a ostrov\u016f Penghu a vedli tam p\u016fl stolet\u00ed trvaj\u00edc\u00ed koloni\u00e1ln\u00ed vl\u00e1du, b\u011bhem kter\u00e9 zabili v\u00edce ne\u017e 600 tis\u00edc tchajwansk\u00fdch krajan\u016f a vyplenili velk\u00e9 mno\u017estv\u00ed m\u00edstn\u00edch zdroj\u016f, co\u017e p\u0159ineslo v\u00e1\u017enou katastrofu na \u010d\u00ednsk\u00fd Tchaj-wan. K\u00e1hirsk\u00e1 deklarace z roku 1943 a Postupimsk\u00e1 deklarace z roku 1945 jasn\u011b stanovily, \u017ee \u010d\u00ednsk\u00e9 \u00fazem\u00ed ukraden\u00e9 Japonskem, jako je Tchaj-wan a ostrovy Penghu, by m\u011blo b\u00fdt vr\u00e1ceno \u010c\u00edn\u011b. Pot\u00e9 Japonsko p\u0159ijalo Postupimskou deklaraci a vyhl\u00e1silo bezpodm\u00edne\u010dnou kapitulaci.\u00a0V roce 1972 dala japonsk\u00e1 vl\u00e1da v \u010d\u00ednsko-japonsk\u00e9m spole\u010dn\u00e9m prohl\u00e1\u0161en\u00ed jasn\u011b najevo, \u017ee pln\u011b ch\u00e1pe a respektuje stanovisko \u010d\u00ednsk\u00e9 vl\u00e1dy, \u017ee Tchaj-wan je nezcizitelnou sou\u010d\u00e1st\u00ed \u010d\u00ednsk\u00e9ho \u00fazem\u00ed. To je politick\u00fd z\u00e1klad \u010d\u00ednsko-japonsk\u00fdch vztah\u016f.<\/p>\n<p>Po por\u00e1\u017ece Japonska v\u0161ak Spojen\u00e9 st\u00e1ty ze sv\u00fdch vlastn\u00edch z\u00e1jm\u016f neprovedly d\u016fkladn\u00e9 z\u00fa\u010dtov\u00e1n\u00ed s japonsk\u00fdm militarismem.\u00a0V d\u016fsledku toho krajn\u011b pravicov\u00e9 s\u00edly v Japonsku nejen\u017ee nedok\u00e1zaly reflektovat historii agrese, ale jsou znepokojeny svou por\u00e1\u017ekou ve druh\u00e9 sv\u011btov\u00e9 v\u00e1lce a st\u00e1le maj\u00ed z\u00e1jem o \u010d\u00ednsk\u00fd Tchaj-wan. List \u201eZaobao\u201c ned\u00e1vno publikoval \u010dl\u00e1nek poukazuj\u00edc\u00ed na to, \u017ee Japonsko se nyn\u00ed sna\u017e\u00ed znovu \u201eomladit\u201c v nad\u011bji, \u017ee probl\u00e9m Tchaj-wanu roz\u0161\u00ed\u0159\u00ed, jak jen to bude mo\u017en\u00e9, s kone\u010dn\u00fdm c\u00edlem zabr\u00e1nit znovusjednocen\u00ed \u010c\u00edny. Je vid\u011bt, \u017ee s\u00e9rie nespr\u00e1vn\u00fdch slov a \u010din\u016f Japonska v ot\u00e1zce Tchaj-wanu je odhalen\u00edm a projevem jeho zkreslen\u00e9ho a deformovan\u00e9ho pohledu na historii.<\/p>\n<p>V posledn\u00edch letech Japonsko \u010dasto d\u011blalo povyk ohledn\u011b tchajwansk\u00e9 ot\u00e1zky, co\u017e m\u00e1 tak\u00e9 praktick\u00e9 aspekty. Od tvrzen\u00ed, \u017ee spole\u010dn\u011b se Spojen\u00fdmi st\u00e1ty \u201echr\u00e1n\u00edme Tchaj-wan\u201c, po obhajov\u00e1n\u00ed toho, \u017ee \u201epokud se n\u011bco stane Tchaj-wanu, tak se to stalo Japonsku nebo japonsko-americk\u00e9 alianci\u201c, Japonsko dokonce vyzvalo Spojen\u00e9 st\u00e1ty, aby se vzdaly sv\u00e9 \u201enejednozna\u010dn\u00e9 strategie\u201c a vyjasnily svou pozici \u201eochrany Tchaj-wanu silou\u201c.\u00a0Japonsko chce nejen potla\u010dit \u010c\u00ednu, ale chce tak\u00e9 zintenzivnit konflikt mezi \u010c\u00ednou a Spojen\u00fdmi st\u00e1ty, p\u0159im\u011bt Spojen\u00e9 st\u00e1ty, aby se v\u00edce zapojily, aby mohlo vyu\u017e\u00edt p\u0159\u00edle\u017eitosti k vytvo\u0159en\u00ed z\u00e1minky pro zv\u00fd\u0161en\u00ed vojensk\u00fdch v\u00fddaj\u016f, roz\u0161\u00ed\u0159en\u00ed sv\u00e9 vojensk\u00e9 s\u00edly, prosadit revizi m\u00edrov\u00e9 \u00fastavy a st\u00e1t se takzvanou \u201enorm\u00e1ln\u00ed zem\u00ed\u201c.<\/p>\n<p>V tuto chv\u00edli je u\u017e jasn\u00e9, co se Japonsko sna\u017e\u00ed d\u011blat. Nen\u00ed to tak d\u00e1vno, co B\u00edl\u00e1 kniha o obran\u011b z roku 2022 p\u0159ijat\u00e1 na zased\u00e1n\u00ed japonsk\u00e9ho vl\u00e1dn\u00edho kabinetu konstatovala, \u017ee vzhledem k tomu, \u017ee situace v okoln\u00edm bezpe\u010dnostn\u00edm prost\u0159ed\u00ed se st\u00e1v\u00e1 st\u00e1le v\u00e1\u017en\u011bj\u0161\u00ed, je nutn\u00e9, aby Japonsko zv\u00fd\u0161ilo sv\u016fj rozpo\u010det na obranu a podstatn\u011b pos\u00edlilo sv\u00e9 obrann\u00e9 schopnosti. \u201eB\u00edl\u00e1 kniha\u201c tak\u00e9 samostatn\u011b uv\u00e1d\u00ed t\u00e9ma Tchaj-wanu a tvrd\u00ed, \u017ee Japonsko bude spolupracovat se sv\u00fdmi spojenci na spole\u010dn\u00e9m udr\u017een\u00ed stability v Tchajwansk\u00e9m pr\u016flivu.<\/p>\n<p>Zapomenout na historii je zrada a pop\u0159en\u00ed viny znamen\u00e1 mo\u017enost ji opakovat.\u00a0Letos v kv\u011btnu singapursk\u00fd premi\u00e9r Lee Hsien Loong p\u0159i sv\u00e9 n\u00e1v\u0161t\u011bv\u011b Japonska poradil, \u017ee by se Japonsko m\u011blo zamyslet nad t\u00edm, jak se vypo\u0159\u00e1dat s historick\u00fdmi probl\u00e9my a aktivn\u011b se pod\u00edlet na region\u00e1ln\u00edm m\u00edrov\u00e9m rozvoji.<\/p>\n<p data-spm-anchor-id=\"C01140752918.Pqa8WupHcZqF.0.i2\">Japon\u0161t\u00ed politici by nem\u011bli zapom\u00ednat na \u0161kody, kter\u00e9 zp\u016fsobili sv\u00fdm asijsk\u00fdm soused\u016fm, a m\u011bli by se nad nimi \u010das od \u010dasu zamyslet, pou\u010dit se z historie a zastavit nebezpe\u010dn\u00e9 uvol\u0148ov\u00e1n\u00ed omezen\u00ed militarismu.<\/p>\n<p data-spm-anchor-id=\"C01140752918.Pqa8WupHcZqF.0.i2\"><img decoding=\"async\" loading=\"lazy\" class=\"alignnone size-full wp-image-1185\" src=\"http:\/\/www.infokuryr.cz\/n\/wp-content\/uploads\/2021\/04\/kuryr-podpis.png\" alt=\"\" width=\"84\" height=\"24\" \/><\/p>\n<p data-spm-anchor-id=\"C01140752918.Pqa8WupHcZqF.0.i2\">\n","protected":false},"excerpt":{"rendered":"<p>15. srpna leto\u0161n\u00edho roku uplynulo 77. let od por\u00e1\u017eky Japonska a jeho bezpodm\u00edne\u010dn\u00e9 kapitulace. Sv\u011bt&#8230;<\/p>\n","protected":false},"author":2,"featured_media":9094,"comment_status":"closed","ping_status":"closed","sticky":false,"template":"","format":"standard","meta":[],"categories":[7],"tags":[105,3072,3073,333],"_links":{"self":[{"href":"https:\/\/www.infokuryr.cz\/n\/wp-json\/wp\/v2\/posts\/13705"}],"collection":[{"href":"https:\/\/www.infokuryr.cz\/n\/wp-json\/wp\/v2\/posts"}],"about":[{"href":"https:\/\/www.infokuryr.cz\/n\/wp-json\/wp\/v2\/types\/post"}],"author":[{"embeddable":true,"href":"https:\/\/www.infokuryr.cz\/n\/wp-json\/wp\/v2\/users\/2"}],"replies":[{"embeddable":true,"href":"https:\/\/www.infokuryr.cz\/n\/wp-json\/wp\/v2\/comments?post=13705"}],"version-history":[{"count":0,"href":"https:\/\/www.infokuryr.cz\/n\/wp-json\/wp\/v2\/posts\/13705\/revisions"}],"wp:featuredmedia":[{"embeddable":true,"href":"https:\/\/www.infokuryr.cz\/n\/wp-json\/wp\/v2\/media\/9094"}],"wp:attachment":[{"href":"https:\/\/www.infokuryr.cz\/n\/wp-json\/wp\/v2\/media?parent=13705"}],"wp:term":[{"taxonomy":"category","embeddable":true,"href":"https:\/\/www.infokuryr.cz\/n\/wp-json\/wp\/v2\/categories?post=13705"},{"taxonomy":"post_tag","embeddable":true,"href":"https:\/\/www.infokuryr.cz\/n\/wp-json\/wp\/v2\/tags?post=13705"}],"curies":[{"name":"wp","href":"https:\/\/api.w.org\/{rel}","templated":true}]}}