{"id":13653,"date":"2022-08-16T00:57:00","date_gmt":"2022-08-15T22:57:00","guid":{"rendered":"http:\/\/www.infokuryr.cz\/n\/?p=13653"},"modified":"2022-08-15T19:16:37","modified_gmt":"2022-08-15T17:16:37","slug":"erik-best-duvera-v-rakusana-a-sikelu","status":"publish","type":"post","link":"https:\/\/www.infokuryr.cz\/n\/2022\/08\/16\/erik-best-duvera-v-rakusana-a-sikelu\/","title":{"rendered":"Erik Best: D\u016fv\u011bra v Raku\u0161ana a S\u00edkelu"},"content":{"rendered":"<div id=\"fb-root\"><\/div>\n<p>Andrej Babi\u0161 to na\u010dasoval tak, aby ihned pot\u00e9, co se Petr Fiala vr\u00e1t\u00ed z\u00a0dovolen\u00e9 v\u00a0chorvatsk\u00e9m r\u00e1ji, ho \u010dekalo p\u0159edvol\u00e1n\u00ed k\u00a0obhajob\u011b sv\u00e9 vl\u00e1dy p\u0159i\u00a0<a href=\"https:\/\/www.anobudelip.cz\/cs\/makame\/aktuality\/z-medii\/spion-nebo-mafian-je-cosi-shnileho-ve-vlade-ceske-48172.shtml\" target=\"_blank\" rel=\"noopener\">hlasov\u00e1n\u00ed o\u00a0ned\u016fv\u011b\u0159e<\/a>. Fiala se m\u016f\u017ee tomuto parlamentn\u00edmu cvi\u010den\u00ed v\u00a0p\u0159\u00edm\u00e9m televizn\u00edm p\u0159enosu vyhnout, pokud bude souhlasit s\u00a0odvol\u00e1n\u00edm p\u0159edsedy STAN V\u00edta Raku\u0161ana z\u00a0funkce ministra vnitra, co\u017e ale nevypad\u00e1 pravd\u011bpodobn\u011b. M\u00edsto toho bude muset Fiala s\u00a0Raku\u0161anem zmobilizovat koali\u010dn\u00ed vojsko, aby zvedlo ruku pro zp\u016fsob, jak\u00fdm Raku\u0161an \u0159e\u0161\u00ed skand\u00e1l DP Praha\/STAN. To u\u017e by samo o\u00a0sob\u011b bylo dost t\u011b\u017ek\u00e9, ale hlasov\u00e1n\u00ed o\u00a0ned\u016fv\u011b\u0159e p\u0159ijde nav\u00edc pr\u00e1v\u011b v\u00a0dob\u011b, kdy se voli\u010di budou vracet ze sv\u00fdch vlastn\u00edch dovolen\u00fdch a\u00a0budou \u010delit v\u00fdrazn\u011b zv\u00fd\u0161en\u00fdm cen\u00e1m energi\u00ed. T\u00edm se do centra pozornosti dostane dal\u0161\u00ed p\u0159edstavitel STAN, ministr pr\u016fmyslu Jozef S\u00edkela, a\u00a0jeho edikty v\u00a0roli\u00a0<a href=\"https:\/\/www.fsfinalword.cz\/?page=archive&amp;show=1&amp;day=2022-5-2\" target=\"_blank\" rel=\"noopener\">energetick\u00e9ho cara<\/a>. Pokud se vl\u00e1dn\u00ed koalice nerozpadne, nen\u00ed mo\u017en\u00e9, aby Fiala hlasov\u00e1n\u00ed o\u00a0ned\u016fv\u011b\u0159e prohr\u00e1l. Ot\u00e1zkou sp\u00ed\u0161e bude, pro kolik koali\u010dn\u00edch poslanc\u016f bude nep\u0159ijateln\u00e9 d\u00e1t hlavu na \u0161palek za Raku\u0161ana a\u00a0S\u00edkelu.<\/p>\n<p><a href=\"https:\/\/www.fsfinalword.cz\/?page=archive&amp;day=2022-08-15&amp;utm_source=utm_source%3Dnewsletter&amp;utm_medium=utm_medium%3De-mail&amp;utm_campaign=utm_campaign%3Dfinal_word_15.8.2022\">Erik Best<\/a><\/p>\n<p><img decoding=\"async\" loading=\"lazy\" class=\"alignnone  wp-image-1179\" src=\"http:\/\/www.infokuryr.cz\/n\/wp-content\/uploads\/2021\/04\/erik-best.jpg\" alt=\"\" width=\"152\" height=\"171\" \/><\/p>\n<p>&nbsp;<\/p>\n","protected":false},"excerpt":{"rendered":"<p>Andrej Babi\u0161 to na\u010dasoval tak, aby ihned pot\u00e9, co se Petr Fiala vr\u00e1t\u00ed z\u00a0dovolen\u00e9 v\u00a0chorvatsk\u00e9m&#8230;<\/p>\n","protected":false},"author":2,"featured_media":8694,"comment_status":"closed","ping_status":"closed","sticky":false,"template":"","format":"standard","meta":[],"categories":[6],"tags":[126,1441,1497,1032,3057,3056],"_links":{"self":[{"href":"https:\/\/www.infokuryr.cz\/n\/wp-json\/wp\/v2\/posts\/13653"}],"collection":[{"href":"https:\/\/www.infokuryr.cz\/n\/wp-json\/wp\/v2\/posts"}],"about":[{"href":"https:\/\/www.infokuryr.cz\/n\/wp-json\/wp\/v2\/types\/post"}],"author":[{"embeddable":true,"href":"https:\/\/www.infokuryr.cz\/n\/wp-json\/wp\/v2\/users\/2"}],"replies":[{"embeddable":true,"href":"https:\/\/www.infokuryr.cz\/n\/wp-json\/wp\/v2\/comments?post=13653"}],"version-history":[{"count":0,"href":"https:\/\/www.infokuryr.cz\/n\/wp-json\/wp\/v2\/posts\/13653\/revisions"}],"wp:featuredmedia":[{"embeddable":true,"href":"https:\/\/www.infokuryr.cz\/n\/wp-json\/wp\/v2\/media\/8694"}],"wp:attachment":[{"href":"https:\/\/www.infokuryr.cz\/n\/wp-json\/wp\/v2\/media?parent=13653"}],"wp:term":[{"taxonomy":"category","embeddable":true,"href":"https:\/\/www.infokuryr.cz\/n\/wp-json\/wp\/v2\/categories?post=13653"},{"taxonomy":"post_tag","embeddable":true,"href":"https:\/\/www.infokuryr.cz\/n\/wp-json\/wp\/v2\/tags?post=13653"}],"curies":[{"name":"wp","href":"https:\/\/api.w.org\/{rel}","templated":true}]}}