{"id":13646,"date":"2022-08-16T01:15:28","date_gmt":"2022-08-15T23:15:28","guid":{"rendered":"http:\/\/www.infokuryr.cz\/n\/?p=13646"},"modified":"2022-08-15T18:39:36","modified_gmt":"2022-08-15T16:39:36","slug":"berlin-vypina-mestske-osvetleni-aby-setril-energii","status":"publish","type":"post","link":"https:\/\/www.infokuryr.cz\/n\/2022\/08\/16\/berlin-vypina-mestske-osvetleni-aby-setril-energii\/","title":{"rendered":"Berl\u00edn vyp\u00edn\u00e1 m\u011bstsk\u00e9 osv\u011btlen\u00ed, aby \u0161et\u0159il energii"},"content":{"rendered":"<div id=\"fb-root\"><\/div>\n<p><span style=\"font-size: 18pt;\"><strong>Asi 100 ve\u0159ejn\u00fdch budov v n\u011bmeck\u00e9 metropoli nyn\u00ed v noci potemn\u00ed, tvrd\u00ed \u00fa\u0159ady<\/strong><\/span><\/p>\n<p><span>Berl\u00edn od konce \u010dervence p\u0159estal osv\u011btlovat p\u0159ibli\u017en\u011b 100 ve\u0159ejn\u00fdch budov a historick\u00fdch pam\u00e1tek, aby \u0161et\u0159il energii, uvedla v pond\u011bl\u00ed m\u011bstsk\u00e1 spr\u00e1va \u017eivotn\u00edho prost\u0159ed\u00ed.<\/span><\/p>\n<p><span>\u00da\u0159ady uvedly, \u017ee celkem 150 budov ji\u017e brzy nebude v noci sv\u00edtit, po p\u0159edchoz\u00edch zpr\u00e1v\u00e1ch, \u017ee osv\u011btlen\u00ed a\u017e 200 bude vypnuto.\u00a0Spr\u00e1va \u017eivotn\u00edho prost\u0159ed\u00ed dodala, \u017ee proces sni\u017eov\u00e1n\u00ed spot\u0159eby energie bude dokon\u010den koncem srpna.\u00a0<\/span><\/p>\n<p><span>Vzhledem k tomu, \u017ee doty\u010dn\u00e9 budovy nejsou p\u0159ipojeny k jednomu syst\u00e9mu, mus\u00ed in\u017een\u00fd\u0159i a odborn\u00edci na \u00fadr\u017ebu, aby zhasli sv\u011btla, manipulovat s budovami jeden po druh\u00e9m, uv\u00e1d\u00ed prohl\u00e1\u0161en\u00ed.<\/span><\/p>\n<p><span>\u00da\u0159ady hodlaj\u00ed ponechat osv\u011btlen\u00e9 n\u011bkter\u00e9 pam\u00e1tky, v\u010detn\u011b \u017didovsk\u00e9ho muzea, Nov\u00e9 synagogy a sov\u011btsk\u00e9ho v\u00e1le\u010dn\u00e9ho pam\u00e1tn\u00edku v Tiergarten.\u00a0Rozhodnut\u00ed padlo po konzultac\u00edch s berl\u00ednsk\u00fdm ministerstvem vnitra.<\/span><\/p>\n<p><span>Podle m\u011bstsk\u00e9 spr\u00e1vy \u017eivotn\u00edho prost\u0159ed\u00ed spot\u0159ebuje 150 budov, mezi n\u011b\u017e pat\u0159\u00ed V\u00edt\u011bzn\u00fd sloup, Berl\u00ednsk\u00e1 katedr\u00e1la, Pam\u011btn\u00ed kostel c\u00edsa\u0159e Vil\u00e9ma, pal\u00e1c Charlottenburg a St\u00e1tn\u00ed opera, p\u0159ibli\u017en\u011b 150 000 a\u017e 200 000 kilowatthodin ro\u010dn\u011b, co\u017e stoj\u00ed 40 000 EUR ( 40 850 $ ro\u010dn\u011b).<\/span><\/p>\n<p><span>Za\u010d\u00e1tkem \u010dervence berl\u00ednsk\u00e1 starostka Franziska Giffey podpo\u0159ila my\u0161lenku neosv\u011btlovat pam\u00e1tky, jako je ikonick\u00e1 Braniborsk\u00e1 br\u00e1na, aby se u\u0161et\u0159ila energie, zat\u00edmco \u00fa\u0159ady tak\u00e9 uva\u017eovaly o vypnut\u00ed n\u011bkter\u00fdch pouli\u010dn\u00edch osv\u011btlen\u00ed zp\u016fsobem, kter\u00fd by neohrozil ve\u0159ejnou bezpe\u010dnost.<\/span><\/p>\n<p><em><span>&#8222;V situaci, ve kter\u00e9 se nach\u00e1z\u00edme, mus\u00edme prov\u011b\u0159it v\u0161echny mo\u017enosti \u00faspory energie,&#8220;<\/span><\/em><span> \u0159ekla.<\/span><\/p>\n<p><span>N\u011bmecko, stejn\u011b jako mnoho dal\u0161\u00edch zem\u00ed EU, zas\u00e1hla energetick\u00e1 krize kv\u016fli rostouc\u00edm glob\u00e1ln\u00edm cen\u00e1m.\u00a0Pro zm\u00edrn\u011bn\u00ed krize schv\u00e1lila Evropsk\u00e1 rada na za\u010d\u00e1tku srpna pl\u00e1n, podle kter\u00e9ho zem\u011b EU sn\u00ed\u017e\u00ed spot\u0159ebu plynu o 15 %.<\/span><\/p>\n<p><span>N\u011bmeck\u00fd ministr hospod\u00e1\u0159stv\u00ed a vicekancl\u00e9\u0159 Robert Habeck v p\u00e1tek ozn\u00e1mil, \u017ee ve\u0159ejn\u00e9 budovy v N\u011bmecku nebudou moci na podzim a v zim\u011b nastavit vyt\u00e1p\u011bn\u00ed nad 19 \u00b0C.\u00a0Ministr u\u017e d\u0159\u00edve vyzval lidi, aby omezili topen\u00ed, v\u00fdlety do sauny a sprchy.<\/span><\/p>\n<p><span>Jedn\u00edm z faktor\u016f zhor\u0161uj\u00edc\u00edch krizi byla nejistota dod\u00e1vek plynu z Ruska.\u00a0Prezident Vladimir Putin v\u0161ak odm\u00edtl na\u0159\u010den\u00ed, \u017ee by Moskva mohla p\u0159eru\u0161it dod\u00e1vky plynu do EU, a uvedl, \u017ee rusk\u00fd energetick\u00fd gigant Gazprom je\u00a0<\/span><em><span>\u201ep\u0159ipraven \u010derpat tolik, kolik bude t\u0159eba\u201c<\/span><\/em><span> , ale EU blok <\/span><em><span>\u201ev\u0161e uzav\u0159el s\u00e1m\u201c.<\/span><\/em><\/p>\n<p><img decoding=\"async\" loading=\"lazy\" class=\"alignnone size-full wp-image-1185\" src=\"http:\/\/www.infokuryr.cz\/n\/wp-content\/uploads\/2021\/04\/kuryr-podpis.png\" alt=\"\" width=\"84\" height=\"24\" \/><\/p>\n<p>&nbsp;<\/p>\n","protected":false},"excerpt":{"rendered":"<p>Asi 100 ve\u0159ejn\u00fdch budov v n\u011bmeck\u00e9 metropoli nyn\u00ed v noci potemn\u00ed, tvrd\u00ed \u00fa\u0159ady Berl\u00edn od&#8230;<\/p>\n","protected":false},"author":2,"featured_media":5594,"comment_status":"closed","ping_status":"closed","sticky":false,"template":"","format":"standard","meta":[],"categories":[7],"tags":[233,285,84,2827],"_links":{"self":[{"href":"https:\/\/www.infokuryr.cz\/n\/wp-json\/wp\/v2\/posts\/13646"}],"collection":[{"href":"https:\/\/www.infokuryr.cz\/n\/wp-json\/wp\/v2\/posts"}],"about":[{"href":"https:\/\/www.infokuryr.cz\/n\/wp-json\/wp\/v2\/types\/post"}],"author":[{"embeddable":true,"href":"https:\/\/www.infokuryr.cz\/n\/wp-json\/wp\/v2\/users\/2"}],"replies":[{"embeddable":true,"href":"https:\/\/www.infokuryr.cz\/n\/wp-json\/wp\/v2\/comments?post=13646"}],"version-history":[{"count":0,"href":"https:\/\/www.infokuryr.cz\/n\/wp-json\/wp\/v2\/posts\/13646\/revisions"}],"wp:featuredmedia":[{"embeddable":true,"href":"https:\/\/www.infokuryr.cz\/n\/wp-json\/wp\/v2\/media\/5594"}],"wp:attachment":[{"href":"https:\/\/www.infokuryr.cz\/n\/wp-json\/wp\/v2\/media?parent=13646"}],"wp:term":[{"taxonomy":"category","embeddable":true,"href":"https:\/\/www.infokuryr.cz\/n\/wp-json\/wp\/v2\/categories?post=13646"},{"taxonomy":"post_tag","embeddable":true,"href":"https:\/\/www.infokuryr.cz\/n\/wp-json\/wp\/v2\/tags?post=13646"}],"curies":[{"name":"wp","href":"https:\/\/api.w.org\/{rel}","templated":true}]}}