{"id":13626,"date":"2022-08-16T00:59:16","date_gmt":"2022-08-15T22:59:16","guid":{"rendered":"http:\/\/www.infokuryr.cz\/n\/?p=13626"},"modified":"2022-08-15T16:19:29","modified_gmt":"2022-08-15T14:19:29","slug":"kontrola-vseho-vlastneni-niceho","status":"publish","type":"post","link":"https:\/\/www.infokuryr.cz\/n\/2022\/08\/16\/kontrola-vseho-vlastneni-niceho\/","title":{"rendered":"KONTROLA V\u0160EHO, VLASTN\u011aN\u00cd NI\u010cEHO"},"content":{"rendered":"<div id=\"fb-root\"><\/div>\n<p>Tak se n\u00e1m to p\u011bkn\u011b kr\u00e1t\u00ed. D\u011bti se vr\u00e1t\u00ed do \u0161koln\u00edch \u0161kamen za dva t\u00fddny, u\u010ditel\u00e9 nastoup\u00ed do pr\u00e1ce u\u017e za t\u00fdden a my v\u0161ichni ostatn\u00ed \u2013 pokud nem\u00e1te pr\u00e1v\u011b dovolenou \u2013 jdeme do roboty u\u017e z\u00edtra. To, na co jsme se v l\u00e9t\u011b t\u011b\u0161ili, je u\u017e z v\u011bt\u0161\u00ed \u010d\u00e1sti za n\u00e1mi a te\u010f u\u017e n\u00e1s \u010dek\u00e1 jen ten podzim, o kter\u00e9m nejen alternativa, ale i dokonce mainstream v dojemn\u00e9 shod\u011b tvrd\u00ed, \u017ee nebude jednoduch\u00fd, ba dokonce, \u017ee bude kru\u0161n\u00fd. K\u00e9\u017e by tomu tak nebylo, ale v\u0161e nasv\u011bd\u010duje tomu, \u017ee bude.<span id=\"more-13150\"><\/span><\/p>\n<p>Ospal\u00e9 l\u00e9to, jak jsem psal minule, se letos nekonalo. V politice bylo naopak neb\u00fdvale \u017eivo. Nap\u0159\u00edklad Andrej Babi\u0161 se nijak nenudil \u2013 na ka\u017ed\u00e9m p\u0159edvolebn\u00edm m\u00edtinku ho pron\u00e1sledovali nejsp\u00ed\u0161e placen\u00ed provokat\u00e9\u0159i, p\u0159ipomn\u011blo mi to tehdej\u0161\u00ed \u00fatoky na Paroubka a h\u00e1zen\u00ed vaj\u00ed\u010dek na jeho p\u0159edvolebn\u00edch akc\u00edch. \u017de by zase n\u011bkdo pou\u017eil metod americk\u00fdch poradc\u016f a jejich gerilov\u00fdch kampan\u00ed? Nen\u00ed to p\u0159ece norm\u00e1ln\u00ed, aby na ka\u017ed\u00e9m setk\u00e1n\u00ed na Babi\u0161e \u010dekala skupina ideov\u00fdch protivn\u00edk\u016f \u2013 n\u011bkdo to mus\u00ed koordinovat.<\/p>\n<p>Jen\u017ee nenorm\u00e1ln\u00edch v\u011bc\u00ed je tu v\u00edce. Nap\u0159\u00edklad N\u00e1rodn\u00ed centr\u00e1la proti organizovan\u00e9mu zlo\u010dinu (NCOZ), m\u00edsto toho, aby lustrovala, kdo se pod z\u00e1minkou ukrajinsk\u00e9ho uprchl\u00edka p\u0159esouv\u00e1 do \u010cesk\u00e9 republiky,\u00a0<a href=\"https:\/\/www.idnes.cz\/zpravy\/domaci\/policie-ukrajina-valka-dotaznik-zlociny.A220808_123042_domaci_lre\" target=\"_blank\" rel=\"noopener\"><em><strong>\u0159e\u0161\u00ed v\u00e1le\u010dn\u00e9 zlo\u010diny na Ukrajin\u011b<\/strong><\/em><\/a>. Zve\u0159ejnila dotazn\u00edk, kam maj\u00ed lid\u00e9 zaznamen\u00e1vat incidenty, ke kter\u00fdm do\u0161lo v rusko-ukrajinsk\u00e9m konfliktu. Ch\u00e1pete to n\u011bkdo? Snad jen ten nejv\u011bt\u0161\u00ed naiva m\u016f\u017ee pop\u00edrat, \u017ee nen\u00ed mo\u017en\u00e9, aby se k n\u00e1m spolu s \u201euprchl\u00edky\u201c infiltrovala i ukrajinsk\u00e1 mafie. Na hranic\u00edch to nikdo nekontroluje a \u017ee t\u011bch 400 tis\u00edc Ukrajinc\u016f se neskl\u00e1d\u00e1 jen ze sam\u00fdch matek a d\u011bt\u00ed, to je snad tak\u00e9 ka\u017ed\u00e9mu jasn\u00e9. NCOZ by m\u011bla d\u011blat to, \u017ee takov\u00e9 pochybn\u00e9 lidi do \u010cR v\u016fbec nepust\u00ed, ale ona m\u00edsto toho \u0159e\u0161\u00ed incidenty, ke kter\u00fdm do\u0161lo na Ukrajin\u011b. A jist\u011b si nemysl\u00edte, \u017ee bude shroma\u017e\u010fovat p\u0159\u00edpady n\u00e1sil\u00ed Ukrajinc\u016f na Rusech, by\u0165 v \u010dl\u00e1nku se p\u00ed\u0161e o obou zainteresovan\u00fdch stran\u00e1ch konfliktu. No ale \u010demu se tak\u00e9 divit, kdy\u017e premi\u00e9r t\u00e9to zem\u011b vede svoji soukromou v\u00e1lku s Putinem. To pak podle toho musej\u00ed sk\u00e1kat i ostatn\u00ed st\u00e1tn\u00ed \u00fa\u0159ady.<\/p>\n<p>Kv\u016fli t\u00e9to sv\u00e9 soukrom\u00e9 v\u00e1lce premi\u00e9r rozvr\u00e1til \u010deskou ekonomiku a pak si odjel na dovolenou ve chv\u00edli, kdy do \u010cesk\u00e9 republiky dokonce p\u0159estala proudit i rusk\u00e1 ropa ropovodem Dru\u017eba. A ani se n\u00e1m o tom neobt\u011b\u017eoval \u0159\u00edci, dozv\u011bd\u011bli jsme se to a\u017e z tiskov\u00e9 zpr\u00e1vy rusk\u00e9ho\u00a0<em>Transn\u011bftu<\/em>. Dod\u00e1vky tedy, abych byl p\u0159esn\u011bj\u0161\u00ed, byly po osmi dnech, tedy v p\u00e1tek, obnoveny, ale dlouh\u00fd t\u00fdden sem nic neteklo. Paradoxem ale je to, \u017ee to nebyl \u201ezl\u00fd Putin\u201c, kdo dod\u00e1vky p\u0159eru\u0161il, ale naopak Fial\u016fv kamar\u00e1d \u201eZelen\u00e1\u010d\u201c, kdo n\u00e1m za v\u0161echnu tu \u010deskou podporu uk\u00e1zal vzty\u010den\u00fd prost\u0159edn\u00edk. Ukrajina toti\u017e \u2013 kv\u016fli sankc\u00edm \u2013 odm\u00edtala p\u0159ijmout ruskou platbu za tranzit ropy a pen\u00edze Rusku vr\u00e1tila. Ruskou ropu, n\u00e1mi zaplacenou, tak do na\u0161\u00ed zem\u011b, ale i na Slovensko a do Ma\u010farska, nepustila. To je ten ukrajinsk\u00fd vd\u011bk. \u010ce\u0161t\u00ed politici te\u010f tvrd\u00ed, \u017ee se probl\u00e9m poda\u0159il vy\u0159e\u0161it a \u017ee jsme ho pr\u00fd ani nepoc\u00edtili, ale i kdyby to byla pravda (jako\u017ee nen\u00ed), vid\u00edte, jakou s n\u00e1mi hraj\u00ed hru. Tv\u00e1\u0159\u00ed se, jako kdyby nic a kdy\u017e u\u017e se to proval\u00ed, sv\u00e1d\u00ed vinu na Rusko. Nakonec to muselo b\u00fdt Ma\u010farsko (tedy ne na\u0161i politici), kter\u00e9 ve sv\u00e9m vlastn\u00edm z\u00e1jmu v\u0161e vy\u0159e\u0161ilo n\u011bjakou kompromisn\u00ed dohodou (jinak by se ocitlo bez ropy) a evropsk\u00e9 banky, kter\u00e9 se nakonec uvolily ruskou platbu milostiv\u011b p\u0159ijmout. Cel\u00fd t\u00fdden tady ale politici a novin\u00e1\u0159i p\u0159edst\u00edrali (kdy\u017e u\u017e to prasklo a nedalo se to pop\u0159\u00edt), jak n\u00e1m ten zl\u00fd Putin krom\u011b plynu zastavil i ropu, i kdy\u017e nic nebylo vzd\u00e1len\u011bj\u0161\u00edho pravd\u011b.<\/p>\n<p>Fiala ostatn\u011b p\u011bkn\u011b l\u017ee, kdy\u017e v\u0161echno to zdra\u017eov\u00e1n\u00ed p\u0159i\u010d\u00edt\u00e1 ve sv\u00fdch projevech a prohl\u00e1\u0161en\u00edch na vrub pr\u00e1v\u011b Putinovi. Copak n\u00e1m Putin pos\u00edl\u00e1 elekt\u0159inu? Copak odeb\u00edr\u00e1me elekt\u0159inu z Ruska? Ne ne, je to na\u0161e vlastn\u00ed elekt\u0159ina, \u010cEZk\u00e1, levn\u011b vyroben\u00e1, ale draze nakoupen\u00e1 p\u0159es z\u00e1padn\u00ed st\u00e1ty, ale o tom u\u017e Fiala ml\u010d\u00ed. Pro\u010d ne\u0159ekne, \u017ee jsou to na\u0161i \u201eameri\u010dt\u00ed partne\u0159i\u201c, co n\u00e1m elekt\u0159inu v\u0161emi t\u011bmi burzami tak zdra\u017euj\u00ed? \u017de by o tom nem\u011bl \u017e\u00e1dn\u00e9 sign\u00e1ly\u2026?<\/p>\n<p>V\u016fbec mi vad\u00ed to pokrytectv\u00ed, jak se tady furt nad\u00e1v\u00e1 na rusa, ale nikdo ne\u0159e\u0161\u00ed \u0161v\u00e1ba. To je ten hlavn\u00ed \u0161k\u016fdce, z\u00e1\u0161kodn\u00edk, parazit na n\u00e1s v\u0161ech. To kv\u016fli n\u011bmu, jeho Sv\u011btov\u00e9mu ekonomick\u00e9mu f\u00f3ru a Velk\u00e9mu resetu, Green Dealu a podobn\u00fdm nesmysl\u016fm, se n\u00e1m v\u0161e zdra\u017euje. Jenom\u017ee star\u00fd Schwab je sp\u0159\u00edzn\u011bn s Rothschildovou rodinou, tak\u017ee tohle se kritizovat nesm\u00ed. Hodit to na Putina je nejen lep\u0161\u00ed, ale z hlediska vl\u00e1dy i v\u00fdhodn\u00e9. A nejhor\u0161\u00ed je, \u017ee Putin je se Schwabem kamar\u00e1d, tak\u017ee mo\u017en\u00e1 je v\u0161e je\u0161t\u011b komplikovan\u011bj\u0161\u00ed, ne\u017e by si mnoz\u00ed p\u0159\u00e1li.<\/p>\n<p>Kdy\u017e u\u017e jsem zm\u00ednil tu vl\u00e1du a jej\u00ed neschopnost \u0159e\u0161it probl\u00e9my, nesm\u00edme j\u00ed zapomenout ani to, jak n\u00e1m l\u017ee, kdy\u017e tvrd\u00ed, kterak n\u00e1m vydatn\u011b pom\u00e1h\u00e1. Kdy\u017e u\u017e se kone\u010dn\u011b rozhoupe k n\u011bjak\u00e9mu kroku, kter\u00fd n\u00e1m m\u00e1 jako\u017ee pomoci, po \u010dase zjist\u00edme, \u017ee je to jen naoko a pro efekt, ale ve skute\u010dnosti se \u017e\u00e1dn\u00e1 pomoc nekon\u00e1. Vypad\u00e1 to, jako kdyby vl\u00e1da pomoc jen p\u0159edst\u00edrala a ve skute\u010dnosti ji sabotovala. Vzpome\u0148me jen na sn\u00ed\u017een\u00ed DPH u pohonn\u00fdch hmot o korunu, co\u017e nepoc\u00edtil nikdo z n\u00e1s, proto\u017ee ceny tehdy rostly o korunu ka\u017ed\u00fd den. Nebo jak tehdy vl\u00e1da tvrdila, \u017ee d\u00e1 v\u0161em rodin\u00e1m, kter\u00e9 maj\u00ed p\u0159\u00edjem milion \u010dist\u00e9ho, p\u0159\u00edsp\u011bvek na d\u00edt\u011b ve v\u00fd\u0161i 5000 K\u010d \u2013 nakonec se pr\u00fd spletli, mysleli pr\u00fd \u201ehrub\u00fd\u201c p\u0159\u00edjem, tak\u017ee pomoc se r\u00e1zem smrskla.<\/p>\n<p>Pak se dokonce uk\u00e1zalo, \u017ee kdo o ten p\u0159\u00edsp\u011bvek chce po\u017e\u00e1dat, mus\u00ed se p\u0159i vypln\u011bn\u00ed formul\u00e1\u0159e\u00a0<a href=\"https:\/\/www.novinky.cz\/domaci\/clanek\/vlada-potvrdila-jednorazovy-prispevek-pro-deti-5000-korun-40398804#dop_ab_variant=0&amp;dop_source_zone_name=novinky.sznhp.box&amp;dop_req_id=gn4cGVw6KeE-202206030818&amp;dop_id=40398804&amp;source=hp&amp;seq_no=8&amp;utm_campaign=abtest198_novy_panel_sluzeb_varB&amp;utm_medium=z-boxiku&amp;utm_source=www.seznam.cz\" target=\"_blank\" rel=\"noopener\"><em><strong>prok\u00e1zat bankovn\u00ed nebo digit\u00e1ln\u00ed identitou<\/strong><\/em><\/a>. Ne ka\u017ed\u00fd toto m\u00e1 a chce m\u00edt, tak\u017ee je to dal\u0161\u00ed podm\u00ednka, kterou se \u201epomoc\u201c osek\u00e1v\u00e1. O \u010d\u00e1stku budou moci za\u017e\u00e1dat i cizinci (tak\u017ee znovu Ukrajinci?) Nem\u011bla to snad b\u00fdt pomoc \u201ena\u0161im lidem\u201c? Jac\u00ed cizinci? Copak Ukrajinci nedost\u00e1vaj\u00ed 5000 K\u010d ka\u017ed\u00fd m\u011bs\u00edc (zat\u00edmco tato \u010d\u00e1stka bude jednor\u00e1zov\u00e1)? A zat\u00edmco Ukrajinci nemusej\u00ed prokazovat nic, dokonce se klidn\u011b i s t\u011bmito na\u0161imi pen\u011bzi vracej\u00ed zp\u011bt na Ukrajinu, pro z\u00edsk\u00e1n\u00ed \u010d\u00e1stky ani nemusej\u00ed osobn\u011b na \u00fa\u0159ad, ale \u0159e\u0161\u00ed se to v\u0161e elektronicky, tak \u010desk\u00fd \u010dlov\u011bk bude muset prokazovat bankovn\u00ed identitu, co\u017e je pom\u011brn\u011b z\u00e1sadn\u00ed \u201edrobnost\u201c, kterou n\u00e1m d\u0159\u00edve ne\u0159ekli.<\/p>\n<p>A \u00fapln\u011b stejn\u00e9 je to s on\u00edm \u201eslavn\u00fdm\u201c \u00fasporn\u00fdm tarifem. Nejprve o n\u011bm n\u011bkolik m\u011bs\u00edc\u016f b\u00e1sn\u00ed, ani\u017e by kdokoli znal podrobnosti a pak, kdy\u017e ty podrobnosti odhal\u00ed, se najednou uk\u00e1\u017ee, \u017ee ze slibovan\u00fdch \u0161estn\u00e1cti tis\u00edc (kter\u00e9 by stejn\u011b nesta\u010dily) je nakonec sotva dva tis\u00edce, co\u017e je p\u0159i cen\u00e1ch elekt\u0159iny n\u011bco jako spropitn\u00e9. A m\u00edsto toho, aby to bylo adresn\u00e9, tak se to zase ud\u011bl\u00e1 plo\u0161n\u011b, tak\u017ee podle n\u011bkter\u00fdch ekonom\u016f bude vl\u00e1da \u201eplatit bohat\u00fdm lidem vyh\u0159\u00edv\u00e1n\u00ed jejich baz\u00e9n\u016f\u201c.<\/p>\n<p>Nejen\u017ee vl\u00e1da nic ned\u011bl\u00e1 a na co s\u00e1hne, pokaz\u00ed, ale cokoli, co za\u010dne d\u011blat \u00fadajn\u011b ve prosp\u011bch lid\u00ed, se brzy uk\u00e1\u017ee sp\u00ed\u0161e jako \u0161patn\u00fd vtip.<\/p>\n<p>Lenin \u0159\u00edkal, \u017ee definice komunismu je sov\u011btsk\u00e1 vl\u00e1da plus elektrifikace zem\u011b. Tato \u201epravicov\u00e1\u201c vl\u00e1da si nech\u00e1v\u00e1 z\u00e1le\u017eet na sv\u00e9m antikomunismu. V\u0161ude sam\u00e1 Milada Hor\u00e1kov\u00e1, jako kdybychom \u017eili v pades\u00e1t\u00fdch letech. Jej\u00ed est\u00e9b\u00e1ck\u00e9 metody se ale od t\u011bch z 50. let p\u0159\u00edli\u0161 neli\u0161\u00ed. A dokonce bychom mohli \u0159\u00edci, \u017ee je je\u0161t\u011b hor\u0161\u00ed, ne\u017e ta vl\u00e1da komunistick\u00e1 \u2013 za n\u00ed alespo\u0148 byla elekt\u0159ina. My m\u00e1me totalitn\u00ed protilidovou vl\u00e1du a p\u0159edra\u017eenou elekt\u0159inu, kterou si nebudeme moci dovolit. Kdybych nav\u00e1zal na sv\u016fj p\u0159edchoz\u00ed ned\u011bln\u00edk o liber\u00e1ln\u00ed demokracii, pak definic\u00ed sou\u010dasn\u00e9 liber\u00e1ln\u00ed demokracie je totalitn\u00ed vl\u00e1da plus nedostatek energi\u00ed. Definice \u0161v\u00e1bova Velk\u00e9ho resetu je TOTAL CONTROL + NEBUDETE M\u00cdT NIC (a pr\u00fd budeme \u0161\u0165astn\u00ed\u2026). Nebo je\u0161t\u011b jednodu\u0161eji: kontrola v\u0161eho + vlastn\u011bn\u00ed ni\u010deho\u2026<\/p>\n<p>Nejsem komunista, jsem konzervativec, ale ch\u00e1pu, \u017ee komunistick\u00e9 hnut\u00ed bylo tehdy \u00fasp\u011b\u0161n\u00e9, proto\u017ee vzbuzovalo nad\u011bji, lidem nab\u00eddlo vidinu r\u00e1je na zemi. Chud\u00fdm bezzemk\u016fm rozdalo p\u016fdu a zavedlo nov\u00e9 technologie, kter\u00e9 pozvedly \u00farove\u0148 \u017eivota v\u0161ech. Dnes n\u00e1m Fialov\u00e9, napojen\u00ed na mezin\u00e1rodn\u00ed kmotry typu Schwaba, Gatese \u010di Soro\u0161e, neslibuj\u00ed nic p\u011bkn\u00e9ho, za \u010d\u00edm by st\u00e1lo za to j\u00edt. U\u017e se ani nesna\u017e\u00ed n\u00e1s pro n\u011bco z\u00edskat, nadchnout. Jenom n\u00e1m berou, zakazuj\u00ed, sni\u017euj\u00ed na\u0161i \u017eivotn\u00ed \u00farove\u0148. Do spole\u010dnosti indukuj\u00ed chudobu tak rychl\u00fdm tempem, \u017ee se brzy ocitneme zp\u00e1tky na stromech.<\/p>\n<p>Nech\u00e1pu, jak n\u011bkdo m\u016f\u017ee n\u011bco takov\u00e9ho volit, podporovat, obhajovat \u010di dokonce tomu slou\u017eit. Volit n\u011bkoho, kdo v\u00e1m vlastn\u011b neust\u00e1le \u0159\u00edk\u00e1 \u2013 s n\u00e1mi bude h\u016f\u0159, s n\u00e1mi se v\u00e1m povede \u0161patn\u011b, s n\u00e1mi za\u017eijete \u0161oky\u2026<\/p>\n<p>Jist\u011b, n\u011bkdo by mohl \u0159\u00edci, \u017ee velik\u00e1\u0161sk\u00e9 sliby, kter\u00e9 politici beztak nepln\u00ed, nejsou o moc lep\u0161\u00ed. To je jist\u011b pravda a bude jen dob\u0159e, kdy\u017e se nau\u010d\u00edme politik\u016fm jejich \u201emodr\u00e9 z nebe\u201c nev\u011b\u0159it a budeme spr\u00e1vn\u011b skepti\u010dt\u00ed. Uskromnit se, ut\u00e1hnout si opasky, p\u0159ijmout na \u010das \u201ekrev, pot a slzy\u201c \u2013 i to je pochopiteln\u00e9 a n\u011bkdy i mravn\u00ed (pokud jsou tyto ob\u011bti p\u0159in\u00e1\u0161eny ve prosp\u011bch skute\u010dn\u00e9ho a objektivn\u00edho dobra). Ale nechat se o\u0161kubat a poni\u017eovat kv\u016fli n\u011b\u010d\u00ed hlouposti \u010di naopak vychcanosti \u010di dokonce ve jm\u00e9nu absolutn\u00edho a objektivn\u00edho zla (v\u0161emo\u017en\u00fdch \u0161v\u00e1b\u016f a jin\u00fdch odporn\u00fdch kreatur), to nen\u00ed jen zn\u00e1mka naivity, ale rovnou tuposti a nebety\u010dn\u00e9 hlouposti.<\/p>\n<p>Div\u00edme se vlastn\u011b t\u011bm zl\u00fdm lidem (\u0161v\u00e1b\u016fm, gates\u016fm, soro\u0161\u016fm a jin\u00fdm), \u017ee n\u00e1s tak bez skrupul\u00ed dr\u017e\u00ed pod krkem a vys\u00e1vaj\u00ed, kdy\u017e jim to sami dovolujeme, dokonce si o to i \u0159\u00edk\u00e1me? Nec\u00edt\u00ed k tomu oni jak\u00e9si mor\u00e1ln\u00ed pr\u00e1vo \u2013 n\u00e1s podv\u00e1d\u011bt a o\u017eebra\u010dovat \u2013 kdy\u017e vid\u00ed, \u017ee se podv\u00e1d\u011bt chceme a \u017ee v\u016fbec neprotestujeme? Ne\u0159\u00edkaj\u00ed si snad \u2013 to bychom byli hloup\u00ed, abychom je nezotro\u010dili, kdy\u017e si o to vylo\u017een\u011b \u0159\u00edkaj\u00ed a je\u0161t\u011b se jim to l\u00edb\u00ed?<\/p>\n<p>Nen\u00ed to p\u0159edev\u0161\u00edm na\u0161e vlastn\u00ed vina, \u017ee jsme v\u011bci nechali zaj\u00edt p\u0159\u00edli\u0161 daleko\u2026?<\/p>\n<p>To jen tak takov\u00e1 mal\u00e1 \u00favaha na konec l\u00e9ta, p\u0159ed t\u00edm podzimem, kdy to m\u00e1 pr\u00fd v\u0161echno vypuknout\u2026<\/p>\n<p>m\u011bjte se fajn<\/p>\n<p><em>Adam B. Barto\u0161<\/em><br \/>\n<em>p\u0159edseda N\u00e1rodn\u00ed demokracie<\/em><\/p>\n<p><img decoding=\"async\" loading=\"lazy\" class=\"alignnone size-full wp-image-678\" src=\"http:\/\/www.infokuryr.cz\/n\/wp-content\/uploads\/2021\/04\/narodni_demokracie_logo.jpg\" alt=\"\" width=\"300\" height=\"85\" \/><\/p>\n<p>&nbsp;<\/p>\n","protected":false},"excerpt":{"rendered":"<p>Tak se n\u00e1m to p\u011bkn\u011b kr\u00e1t\u00ed. D\u011bti se vr\u00e1t\u00ed do \u0161koln\u00edch \u0161kamen za dva t\u00fddny,&#8230;<\/p>\n","protected":false},"author":2,"featured_media":679,"comment_status":"closed","ping_status":"closed","sticky":false,"template":"","format":"standard","meta":[],"categories":[6],"tags":[1534,1444,48,235],"_links":{"self":[{"href":"https:\/\/www.infokuryr.cz\/n\/wp-json\/wp\/v2\/posts\/13626"}],"collection":[{"href":"https:\/\/www.infokuryr.cz\/n\/wp-json\/wp\/v2\/posts"}],"about":[{"href":"https:\/\/www.infokuryr.cz\/n\/wp-json\/wp\/v2\/types\/post"}],"author":[{"embeddable":true,"href":"https:\/\/www.infokuryr.cz\/n\/wp-json\/wp\/v2\/users\/2"}],"replies":[{"embeddable":true,"href":"https:\/\/www.infokuryr.cz\/n\/wp-json\/wp\/v2\/comments?post=13626"}],"version-history":[{"count":0,"href":"https:\/\/www.infokuryr.cz\/n\/wp-json\/wp\/v2\/posts\/13626\/revisions"}],"wp:featuredmedia":[{"embeddable":true,"href":"https:\/\/www.infokuryr.cz\/n\/wp-json\/wp\/v2\/media\/679"}],"wp:attachment":[{"href":"https:\/\/www.infokuryr.cz\/n\/wp-json\/wp\/v2\/media?parent=13626"}],"wp:term":[{"taxonomy":"category","embeddable":true,"href":"https:\/\/www.infokuryr.cz\/n\/wp-json\/wp\/v2\/categories?post=13626"},{"taxonomy":"post_tag","embeddable":true,"href":"https:\/\/www.infokuryr.cz\/n\/wp-json\/wp\/v2\/tags?post=13626"}],"curies":[{"name":"wp","href":"https:\/\/api.w.org\/{rel}","templated":true}]}}