{"id":13618,"date":"2022-08-16T01:00:22","date_gmt":"2022-08-15T23:00:22","guid":{"rendered":"http:\/\/www.infokuryr.cz\/n\/?p=13618"},"modified":"2022-08-15T12:07:38","modified_gmt":"2022-08-15T10:07:38","slug":"jindrich-kulhavy-svetrem-navic-k-vitezstvi-nad-putinem","status":"publish","type":"post","link":"https:\/\/www.infokuryr.cz\/n\/2022\/08\/16\/jindrich-kulhavy-svetrem-navic-k-vitezstvi-nad-putinem\/","title":{"rendered":"Jind\u0159ich Kulhav\u00fd: Svetrem nav\u00edc k v\u00edt\u011bzstv\u00ed nad Putinem?"},"content":{"rendered":"<div id=\"fb-root\"><\/div>\n<p><span class=\"anotation\">Neuv\u011b\u0159iteln\u00e1 hloupost a zarputilost p\u0159edsedkyn\u011b Top09 a Parlamentu \u010cR Mark\u00e9ty Adamov\u00e9 Pekarov\u00e9 je v\u00fdsm\u011bchem cel\u00e9mu \u010desk\u00e9mu n\u00e1rodu. P\u0159esto\u017ee i po jej\u00edch na\u0161e ob\u010dany ur\u00e1\u017eej\u00edc\u00edch v\u00fdroc\u00edch jist\u011b existuje je\u0161t\u011b dost takov\u00fdch, kte\u0159\u00ed vis\u00ed na jej\u00edch rtech a s\u00a0nad\u0161en\u00edm aplauduj\u00ed ka\u017ed\u00e9mu bl\u00e1bolu, kter\u00fd tato osoba vypust\u00ed z\u00a0\u00fast, dle r\u016fzn\u00fdch a v\u011bt\u0161inou cinknut\u00fdch pr\u016fzkum\u016f m\u00edn\u011bn\u00ed ve\u0159ejnosti by se j\u00ed veden\u00e1 strana u\u017e do sn\u011bmovny nedostala. I kdy\u017e to, \u017ee tam je, je p\u0159edev\u0161\u00edm z\u00e1sluhou spojen\u00ed do koalice Spolu a vystoupala tam podobn\u00fdm v\u00fdtahem, jako Pir\u00e1ti. Ono je to vcelku jedno, proto\u017ee ani ostatn\u00ed partne\u0159i z ,,P\u011btikolky\u201c nejsou zrovna z\u00e1\u0159ivou p\u0159ehl\u00eddkou inteligence a politick\u00e9 kultury.<\/span><\/p>\n<div id=\"pagetext\">\n<p>\u00a0 Nen\u00e1vist k\u00a0Rusku a Putinovi m\u016f\u017eeme u z\u00e1stupc\u016f vl\u00e1dn\u00ed garnitury naz\u00fdvat chorobnou. Aspen Institut, kter\u00fdm \u0159ada z\u00a0nich pro\u0161la, je pravd\u011bpodobn\u011b nal\u00e9v\u00e1rnou ideologick\u00fdch sl\u00e1tanin, kter\u00e9 jsou pot\u00e9 \u0161\u00ed\u0159eny d\u00e1le formou infekce. Nen\u00ed p\u0159eci mo\u017en\u00e9, aby n\u011bkdo norm\u00e1ln\u00ed vypustil slova o v\u00edt\u011bzstv\u00ed nad Putinem pomoc\u00ed svetru, kter\u00fd si nav\u00edc oble\u010deme, kdy\u017e n\u00e1m bude zima z\u00a0d\u016fvodu udr\u017eov\u00e1n\u00ed ni\u017e\u0161\u00ed teploty v\u00a0m\u00edstnostech, ve kter\u00fdch budeme tr\u00e1vit zimn\u00ed m\u011bs\u00edce. Mus\u00edte m\u00edt notn\u011b zmanipulovan\u00ed, abyste n\u011bco podobn\u00e9ho \u0159ekli t\u0159eba i jen jako vtip, nato\u017e to mysleli v\u00e1\u017en\u011b, prezentovali to v\u00a0televizi a brali to jako vlastn\u00ed doktr\u00ednu ur\u010denou n\u00e1rodu. Ten mus\u00ed pova\u017eovat za sm\u016flu, \u017ee se Pekarov\u00e1 Adamov\u00e1 rozhodla p\u0159ed t\u0159emi roky odsunout zalo\u017een\u00ed rodiny a m\u00edsto pl\u00e1novan\u00e9ho ot\u011bhotn\u011bn\u00ed dala p\u0159ednost budov\u00e1n\u00ed nen\u00e1visti v\u016f\u010di Rusk\u00e9 federaci. Soros z\u00a0n\u00ed mus\u00ed m\u00edt skute\u010dn\u011b radost, lep\u0161\u00ed \u017e\u00e1kyni by t\u011b\u017eko hledal. I kdy\u017e D\u017eamila Stehl\u00edkov\u00e1 je tak\u00e9 unik\u00e1t. Nicm\u00e9n\u011b p\u0159edsedkyn\u011b Topky je natolik ovladateln\u00e1, \u017ee by za ur\u010dit\u00fdch okolnost\u00ed mohla m\u00edt p\u0159ed sebou perspektivu z\u00e1\u0159n\u00e9 budoucnosti ve struktur\u00e1ch Evropsk\u00e9 unie, dokonce mo\u017en\u00e1 lep\u0161\u00ed, ne\u017e usilovn\u011b buduj\u00edc\u00ed image liber\u00e1la Petr Fiala. Pod\u00edvejte se, kam a\u017e se dostala devast\u00e1torka n\u011bmeck\u00e9ho ministerstva obrany Leyenov\u00e1.<\/p>\n<p>Pekarov\u00e1 Adamov\u00e1 si dala \u00fakol porazit Vladim\u00edra Putina za ka\u017edou cenu. Vzhledem k\u00a0tomu, \u017ee\u00a0 m\u00e1 kolem sebe partu stejn\u011b posti\u017een\u00fdch jedinc\u016f, kte\u0159\u00ed maj\u00ed v\u00a0hlav\u011b pr\u00e1zdno, a t\u00edm dostatek m\u00edsta pro jedinou iluzi, kterou je pot\u0159eba zachr\u00e1nit Ukrajinu a sv\u011bt p\u0159ed Putinem, muselo by b\u00fdt zaj\u00edmav\u00e9 dostat se n\u011bkdy nepozorovan\u011b na jejich jedn\u00e1n\u00ed. Produktem programovan\u00e9 nen\u00e1visti k\u00a0Rusku je nejen Pekarov\u00e1, ale i Pir\u00e1t Lipovsk\u00fd. Person\u00e1ln\u00ed mo\u017enosti Pir\u00e1t\u016f mus\u00ed b\u00fdt skute\u010dn\u011b velmi omezen\u00e9, nominovali li tohoto diplomatick\u00e9ho amat\u00e9ra do funkce ministra zahrani\u010d\u00ed a nakonec ho i prosadili. Stejn\u011b tak b\u00eddn\u011b je na tom ODS, kdy\u017e se Stanjura stal ministrem financ\u00ed. A p\u0159ihl\u00e9dneme li k\u00a0tomu, \u017ee Jure\u010dka bral jak\u00fdkoliv post ve vl\u00e1d\u011b a vzdal se zem\u011bd\u011blstv\u00ed, proto\u017ee by bylo evidentn\u00ed, \u017ee jeho hospod\u00e1\u0159stv\u00ed by z\u00a0toho profitovalo, co\u017e takto m\u016f\u017ee tak\u00e9, jen to nen\u00ed tak vid\u011bt, mus\u00edme se pt\u00e1t, kde jsou skute\u010dn\u00ed odborn\u00edci, kte\u0159\u00ed by dok\u00e1zali b\u00fdt n\u00e1pomocni vyb\u0159ednut\u00ed \u010cesk\u00e9 republiky z\u00a0fat\u00e1ln\u011b se projevuj\u00edc\u00ed krize. Jak je mo\u017en\u00e9, \u017ee n\u00e1m vl\u00e1dnou hospod\u00e1\u0159\u0161t\u00ed analfabeti a zvr\u00e1cenou proamerickou ideologi\u00ed prolezl\u00ed jedinci tvo\u0159\u00edc\u00ed dohromady politickou reprezentaci na\u0161eho slovansk\u00e9ho n\u00e1roda?<\/p>\n<p>Jak u\u017e v\u00edme, nejv\u011bt\u0161\u00ed zisky maj\u00ed moment\u00e1ln\u011b obchodn\u00edci s\u00a0energiemi a komoditami, kte\u0159\u00ed jsou z\u00e1kladem energetiky. Pracujete li tedy s\u00a0plynem, elekt\u0159inou a ropou, jste na nejlep\u0161\u00ed cest\u011b k\u00a0luxusn\u00edm profit\u016fm. P\u0159ede\u0161l\u00e9 \u010desk\u00e9 vl\u00e1dy se zbavily z\u00e1sobn\u00edk\u016f plynu, rafin\u00e9rie ropy, je prod\u00e1na \u010d\u00e1st \u010cEZu. Ve st\u00e1vaj\u00edc\u00ed situaci by bylo logick\u00e9, \u017ee hlavn\u00ed p\u0159edstavitel\u00e9 st\u00e1tu hore\u010dn\u011b hledaj\u00ed cestu z\u00a0tohoto pr\u016f\u0161vihu. Kr\u00e1tkou dobu byly n\u011bkter\u00e9 z\u00e1sobn\u00edky v\u00a0nab\u00eddce k\u00a0prodeji, Fiala m\u00edsto okam\u017eit\u00e9 reakce poslal pot\u0159ebn\u00e9 miliardy na Ukrajinu. Na tu, kter\u00e1 n\u00e1m pozd\u011bji uzav\u0159ela proud\u011bn\u00ed ropy ropovodem Dru\u017eba, na co\u017e europoslanec za Top09 Ji\u0159\u00ed Posp\u00ed\u0161il reagoval t\u00edm, \u017ee rusk\u00fd plyn proud\u00edc\u00ed ropovodem nepot\u0159ebujeme. To je jen dal\u0161\u00ed uk\u00e1zka politick\u00e9 i lidsk\u00e9 demence. Prodej na\u0161\u00ed rafin\u00e9rie polsk\u00e9m Orlenu spole\u010dn\u011b se s\u00edt\u00ed benz\u00ednov\u00fdch \u010derpadel pod hlavi\u010dkou Benziny byl tak\u00e9 strategicky naprosto \u0161patn\u00fdm krokem, na kter\u00fd po letech Fialova vl\u00e1da reagovala t\u00edm, \u017ee je probl\u00e9mem Orlenu, kdy\u017e k\u00a0n\u00e1m ropa neproud\u00ed.<\/p>\n<p>O plynu se napsalo mnoh\u00e9. To, \u017ee jako jedin\u00ed v\u00a0Evrop\u011b nem\u00e1me zaji\u0161t\u011bn odb\u011br v\u00a0n\u00edzk\u00e9 cenov\u00e9 relaci nap\u0159\u00edmo, je politick\u00e9 selh\u00e1n\u00ed ka\u017ed\u00e9 z\u00a0vl\u00e1d, kter\u00e9 se pod to podepsaly. Vinou t\u00e9 sou\u010dasn\u00e9 je, \u017ee se v\u00a0r\u00e1mci sv\u00e9ho poblouzn\u011bn\u00ed nesna\u017e\u00ed tento ,,nedostatek\u201c napravit a m\u00edsto dialogu s\u00a0Gazpromem vyvol\u00e1v\u00e1 st\u00e1le v\u011bt\u0161\u00ed nap\u011bt\u00ed mezi Prahou a Moskvou. Ma\u010fa\u0159i zachovali logickou neutralitu, plynu do 7mi korun za m3 maj\u00ed dostatek. N\u00e1m chyb\u00ed i ten za trojn\u00e1sobek a Fiala se cacht\u00e1 v\u00a0mo\u0159i a je mu to \u00fapln\u011b jedno. Sp\u0159\u00e1d\u00e1 pl\u00e1ny, kde vz\u00edt dal\u0161\u00ed pen\u00edze na v\u00fdpomoc Zelensk\u00e9mu, nav\u00edc Pekarov\u00e1 u\u017e m\u00e1 p\u0159ipraven\u00e9ho kupce na Budvar, a to se vyplat\u00ed. Ztr\u00e1cej\u00edc\u00ed vliv na \u010cEZ, respektive preferov\u00e1n\u00ed z\u00e1jm\u016f N\u011bmecka a minoritn\u00edch akcion\u00e1\u0159\u016f \u010cEZu poch\u00e1zej\u00edc\u00edch p\u0159edev\u0161\u00edm z\u00a0USA u\u017e je jen t\u0159e\u0161ni\u010dkou na vl\u00e1dn\u00edm dortu.<\/p>\n<p>Nakonec tedy na ten svetr dojde. Ide\u00e1ln\u00ed by bylo, kdyby ho museli \u010dlenov\u00e9 st\u00e1vaj\u00edc\u00ed vl\u00e1dn\u00ed garnitury navl\u00e9knout v\u00a0nevytopen\u00fdch cel\u00e1ch vazebn\u00ed, a posl\u00e9ze i klasick\u00e9 v\u011bznice. To, co p\u0159edv\u00e1d\u00ed, je toti\u017e genocida vlastn\u00edho n\u00e1roda \u0159\u00edzen\u00e1 pravd\u011bpodobn\u011b ze zahrani\u010d\u00ed. A kolaborantstv\u00ed bylo v\u017edy trest\u00e1no velmi p\u0159\u00edsn\u011b. P\u0159itom tito zlod\u011bji k\u0159i\u010d\u00ed chy\u0165te zlod\u011bje, to kdy\u017e ka\u017ed\u00e9ho, kdo upozor\u0148uje na jejich vl\u00e1dnut\u00ed a projevuje nesouhlas, ozna\u010duj\u00ed jako rusk\u00e9ho trolla. Realita je jinde. Pot\u0159ebujeme rusk\u00fd plyn, ropu, p\u0161enici, chceme nakupovat, prod\u00e1vat a vyr\u00e1b\u011bt, m\u00edt Rusko za partnera, ne za nep\u0159\u00edtele. To nen\u00ed nic jin\u00e9ho, ne\u017e logick\u00e1 \u00favaha vedouc\u00ed k\u00a0b\u011b\u017en\u00fdm, a dosud obvykl\u00fdm standard\u016fm. T\u011bch se sou\u010dasnou vl\u00e1dou nedos\u00e1hneme. I proto mus\u00edme b\u00fdt po\u0159\u00e1dn\u011b sly\u0161et. Homosexu\u00e1l\u016f a deviant\u016f pr\u00fd bylo v\u00a0ulic\u00edch Prahy 60\u00a0000. N\u00e1s mus\u00ed b\u00fdt 10x tolik. Nejm\u00e9n\u011b.<\/p>\n<\/div>\n<p><a href=\"https:\/\/www.inadhled.live\/zajimavosti\/svetrem-navic-k-vitezstvi-nad-putinem-\/\">Jind\u0159ich Kulhav\u00fd<\/a><\/p>\n<p>&nbsp;<\/p>\n","protected":false},"excerpt":{"rendered":"<p>Neuv\u011b\u0159iteln\u00e1 hloupost a zarputilost p\u0159edsedkyn\u011b Top09 a Parlamentu \u010cR Mark\u00e9ty Adamov\u00e9 Pekarov\u00e9 je v\u00fdsm\u011bchem cel\u00e9mu&#8230;<\/p>\n","protected":false},"author":2,"featured_media":13619,"comment_status":"closed","ping_status":"closed","sticky":false,"template":"","format":"standard","meta":[],"categories":[6],"tags":[1298,29,371,2386,99],"_links":{"self":[{"href":"https:\/\/www.infokuryr.cz\/n\/wp-json\/wp\/v2\/posts\/13618"}],"collection":[{"href":"https:\/\/www.infokuryr.cz\/n\/wp-json\/wp\/v2\/posts"}],"about":[{"href":"https:\/\/www.infokuryr.cz\/n\/wp-json\/wp\/v2\/types\/post"}],"author":[{"embeddable":true,"href":"https:\/\/www.infokuryr.cz\/n\/wp-json\/wp\/v2\/users\/2"}],"replies":[{"embeddable":true,"href":"https:\/\/www.infokuryr.cz\/n\/wp-json\/wp\/v2\/comments?post=13618"}],"version-history":[{"count":0,"href":"https:\/\/www.infokuryr.cz\/n\/wp-json\/wp\/v2\/posts\/13618\/revisions"}],"wp:featuredmedia":[{"embeddable":true,"href":"https:\/\/www.infokuryr.cz\/n\/wp-json\/wp\/v2\/media\/13619"}],"wp:attachment":[{"href":"https:\/\/www.infokuryr.cz\/n\/wp-json\/wp\/v2\/media?parent=13618"}],"wp:term":[{"taxonomy":"category","embeddable":true,"href":"https:\/\/www.infokuryr.cz\/n\/wp-json\/wp\/v2\/categories?post=13618"},{"taxonomy":"post_tag","embeddable":true,"href":"https:\/\/www.infokuryr.cz\/n\/wp-json\/wp\/v2\/tags?post=13618"}],"curies":[{"name":"wp","href":"https:\/\/api.w.org\/{rel}","templated":true}]}}