{"id":13616,"date":"2022-08-15T11:44:29","date_gmt":"2022-08-15T09:44:29","guid":{"rendered":"http:\/\/www.infokuryr.cz\/n\/?p=13616"},"modified":"2022-08-15T11:44:29","modified_gmt":"2022-08-15T09:44:29","slug":"zdenek-koudelka-ministri-rakusan-a-valek-a-upadek-politiky","status":"publish","type":"post","link":"https:\/\/www.infokuryr.cz\/n\/2022\/08\/15\/zdenek-koudelka-ministri-rakusan-a-valek-a-upadek-politiky\/","title":{"rendered":"Zden\u011bk Koudelka: Minist\u0159i Raku\u0161an a V\u00e1lek a \u00fapadek politiky"},"content":{"rendered":"<div id=\"fb-root\"><\/div>\n<p><strong>Ministr vnitra Raku\u0161an nazval n\u011bkter\u00e9 ob\u010dany \u010cech, Moravy a\u00a0Slezska, kte\u0159\u00ed nesouhlas\u00ed s\u00a0vl\u00e1dou, prorusk\u00fdmi \u0161v\u00e1by. Ozna\u010dov\u00e1n\u00ed nositel\u016f opozi\u010dn\u00edch n\u00e1zor\u016f term\u00edny krysa \u010di\u00a0\u0161v\u00e1b pat\u0159\u00ed k\u00a0projev\u016fm politiky, kter\u00e1 vy\u00fastila ve vra\u017edy politicky, rasov\u011b \u010di\u00a0jinak nepohodln\u00fdch lid\u00ed. N\u011bmci v\u00a0dob\u011b nacismu ve filmu \u017did S\u00fcss re\u017eis\u00e9ra Veita Harlana z\u00a0roku 1940 p\u0159irovn\u00e1vali \u017didy ke krys\u00e1m.<\/strong><\/p>\n<p>Pachatel\u00e9 rwandsk\u00e9 genocidy motivovali vra\u017ed\u011bn\u00ed Tutsi\u016f v\u00a0roce 1994, kdy se po\u010det ob\u011bt\u00ed odhaduje na 800\u00a0000 lid\u00ed, ozna\u010den\u00edm za \u0161v\u00e1by, obdobn\u011b jako ministr Raku\u0161an.<\/p>\n<p>Pau\u0161alizuj\u00edc\u00ed v\u00fdroky v\u00a0politice nem\u00e1m r\u00e1d. Nesouhlas\u00edm ani s\u00a0v\u00fdrokem Andreje Babi\u0161e, kter\u00fd oponenty pau\u0161\u00e1ln\u011b p\u0159irovnal k\u00a0nacist\u016fm a\u00a0fa\u0161ist\u016fm. Pokud politick\u00e9 v\u00fdroky maj\u00ed bez jak\u00e9hokoliv argumentu vzbuzovat nen\u00e1vist \u0161mahem k\u00a0politick\u00fdm odp\u016frc\u016fm, jsou informac\u00ed o\u00a0jejich autorech samotn\u00fdch, nikoli o\u00a0jej\u00edch oponentech. P\u0159i\u00a0\u010dten\u00ed Raku\u0161anova v\u00fdroku o\u00a0lidech jako \u0161v\u00e1bech jsem si vzpomn\u011bl na filmov\u00e9 dokumenty zachycuj\u00edc\u00ed \u0159van\u00ed stalinsk\u00e9ho prokur\u00e1tora Josefa Urv\u00e1lka na ob\u017ealovan\u00e9 v\u00a0politick\u00fdch procesech.<\/p>\n<p>Proto\u017ee premi\u00e9r i\u00a0ostatn\u00ed minist\u0159i k\u00a0Raku\u0161anovu v\u00fdroku ml\u010d\u00ed a\u00a0\u00a0trp\u00ed jej ve vl\u00e1d\u011b, je spoluodpov\u011bdna za tato slova i\u00a0Fialova vl\u00e1da. Pro tato slova a\u00a0i\u00a0pro pokoutn\u00fd pokus zav\u00e9st cenzuru vl\u00e1d\u011b nepohodln\u00fdch webu v\u00a0\u00fanoru 2022 hodnot\u00edm Fialovu vl\u00e1du jako nejhor\u0161\u00ed od roku 1989, obdobn\u011b jako ji hodnot\u00ed b\u00fdval\u00fd prezident V\u00e1clav Klaus. Je to vl\u00e1da politick\u00e9 nen\u00e1visti a\u00a0cenzury. Prezident republiky by m\u011bl Raku\u0161ana odvolat. Nebo budeme \u010dekat, a\u017e ministr vnitra nebude sv\u00e9 odp\u016frce za \u0161v\u00e1by jen ozna\u010dovat, ale tak\u00e9 je tak likvidovat?<\/p>\n<p>Mnoho zlo\u010dinc\u016f poch\u00e1zelo z\u00a0dobr\u00fdch rodin s\u00a0klasickou v\u00fdchovou. Ministr vnitra V\u00edt Raku\u0161an je synem b\u00fdval\u00e9ho m\u00edstop\u0159edsedy Sen\u00e1tu Jana Raku\u0161ana, kter\u00fd se neb\u00e1l vzep\u0159\u00edt politick\u00fdm nepravostem, v\u010detn\u011b pokyn\u016fm sv\u00e9 soci\u00e1ln\u011b demokratick\u00e9 strany za Ji\u0159\u00edho Paroubka, pokud dosp\u011bl k\u00a0n\u00e1zoru, \u017ee jsou nef\u00e9rov\u00e9. Ne\u017e by d\u011blal \u0161patnou politiku, rad\u011bji ne\u0161el v\u00a0roce 2008 do sen\u00e1tn\u00edch voleb a\u00a0ze strany vystoupil. Jana Raku\u0161ana si v\u00e1\u017e\u00edm. V\u00edt Raku\u0161an je pro mne d\u016fkaz v\u00fdroku, \u017ee kdy\u017e dva d\u011blaj\u00ed tot\u00e9\u017e (politiku), nen\u00ed to tot\u00e9\u017e.<\/p>\n<p>Ministr zdravotnictv\u00ed Vlastimil V\u00e1lek v\u00a0srpnu 2022 na facebooku uvedl, \u017ee p\u0159ed v\u00e1\u017en\u00fdm pr\u016fb\u011bhem covidu ochr\u00e1n\u00ed jen o\u010dkov\u00e1n\u00ed, neo\u010dkovan\u00fd pr\u00fd riskuje zdrav\u00ed pro n\u011bjak\u00e9ho rusk\u00e9ho trolla. D\u0159\u00edv\u011bj\u0161\u00ed ministr zdravotnictv\u00ed Jan Blatn\u00fd tvrdil v\u00a0Sen\u00e1tu v\u00a0b\u0159eznu 2021, \u017ee o\u010dkovan\u00fd se covidem nenakaz\u00ed. Kdy\u017e m\u011bl covid \u010dty\u0159ikr\u00e1t o\u010dkovan\u00fd prezident USA Joseph Biden nebo t\u0159ikr\u00e1t o\u010dkovan\u00fd n\u00e1\u0161 prezident Milo\u0161 Zeman, je z\u0159ejm\u00e9 jak\u00e1 byla pravdivostn\u00ed hodnota Blatn\u00e9ho v\u00fdroku. A\u00a0dohadovat se m\u016f\u017eeme o\u00a0pravdivosti ostatn\u00edch v\u00fdrok\u016f u\u017eit\u00fdch v\u00a0reklam\u011b na covidov\u00e9 o\u010dkov\u00e1n\u00ed ve spojen\u00ed s\u00a0obrovsk\u00fdmi finan\u010dn\u00ed z\u00e1jmy v\u00fdrobc\u016f a\u00a0prodejc\u016f vakc\u00edn.<\/p>\n<p>Raku\u0161an\u016fv i\u00a0V\u00e1lk\u016fv v\u00fdrok dokazuje, \u017ee politika se vrac\u00ed do jedn\u00e9 ze \u0161patn\u00fdch dob na\u0161\u00ed historie. Do doby, kdy se v\u0161e sv\u00e1d\u011blo na vnit\u0159n\u00edho nep\u0159\u00edtele, za kter\u00fdm st\u00e1la zahrani\u010dn\u00ed mocnost. V\u00a0pades\u00e1t\u00fdch letech 20.\u00a0st. to byly imperialistick\u00e9 Spojen\u00e9 st\u00e1ty americk\u00e9 a\u00a0dnes je to Putinovo Rusko. V\u00e1lek nen\u00ed schopen argumentovat v\u011bcn\u011b a\u00a0tak pou\u017e\u00edv\u00e1 obezli\u010dku o\u00a0rusk\u00fdch trollech. P\u0159itom se \u0159adu desetilet\u00ed proti r\u016fzn\u00fdm variant\u00e1m ch\u0159ipky dobrovoln\u011b o\u010dkovalo bez politick\u00e9 nen\u00e1visti. N\u011bkdo se nao\u010dkoval a\u00a0n\u011bkdo ne. Pro\u010d se nyn\u00ed vytv\u00e1\u0159\u00ed od ministra zdravotnictv\u00ed tlak na \u010dtvrtou \u010di\u00a0v\u00a0budoucnu snad pades\u00e1tou d\u00e1vku? Dobrovoln\u00e9 o\u010dkov\u00e1n\u00ed je v\u011bc svobodn\u00e9ho rozhodnut\u00ed \u010dlov\u011bka. Nepova\u017euji za \u0161patn\u00e9ho \u010dlov\u011bka \u010di\u00a0trolla o\u010dkovan\u00e9ho ani neo\u010dkovan\u00e9ho. Pro\u010d mus\u00ed minist\u0159i t\u00e9to vl\u00e1dy ur\u00e1\u017eet lidi, \u017ee jednaj\u00ed jinak, ne\u017e jim vl\u00e1da doporu\u010dila?<\/p>\n<p>V\u00e1lek je profesor. Profesorem je i\u00a0epidemiolog Ji\u0159\u00ed Beran, kter\u00fd publikoval text Na \u010dtvrtou d\u00e1vku rad\u011bji ne (<em>Mlad\u00e1 fronta Dnes<\/em>\u00a013.\u00a08.\u00a02022, s. 8). V\u00a0n\u011bm upozornil na fakt, \u017ee se t\u011b\u017e\u0161\u00ed pr\u016fb\u011bh nemoci dostavuje v\u00a0p\u0159\u00edpad\u011b op\u011btovn\u00e9ho onemocn\u011bn\u00ed covidem \u010dast\u011bji u\u00a0o\u010dkovan\u00fdch a\u00a0to v\u00a0p\u0159\u00edpad\u011b nutn\u00e9 hospitalizace \u010dty\u0159ikr\u00e1t a\u00a0v\u00a0p\u0159\u00edpad\u011b um\u00edst\u011bn\u00ed na jednotce intenzivn\u00ed p\u00e9\u010de dokonce p\u011btkr\u00e1t.<\/p>\n<p>Spory budou v\u017edy. Ov\u0161em ka\u017ed\u00fd si m\u016f\u017ee s\u00e1m utvo\u0159it n\u00e1zor, kdo skute\u010dn\u011b jedn\u00e1 tak, jak by \u010dlov\u011bk o\u010dek\u00e1val od pana profesora. Zda V\u00e1lek s\u00a0odkazem na rusk\u00e9 trolly \u010di\u00a0Ji\u0159\u00ed Beran s\u00a0popisem faktu a\u00a0s\u00a0odkazem na \u00fadaje. Pova\u017euji Ji\u0159\u00edho Berana za profesora s\u00a0vy\u0161\u0161\u00ed odbornost\u00ed a\u00a0spr\u00e1vn\u00fdm p\u0159\u00edstupem p\u0159i\u00a0zve\u0159ejn\u011bn\u00ed sv\u00fdch n\u00e1zor\u016f. Ur\u010dit\u011b mu k\u00a0vy\u0161\u0161\u00ed odbornosti dalo z\u00e1klad studium na gymn\u00e1ziu v\u00a0Ti\u0161nov\u011b.<\/p>\n<p>Zden\u011bk Koudelka<\/p>\n<p><img decoding=\"async\" loading=\"lazy\" class=\"alignnone  wp-image-6154\" src=\"http:\/\/www.infokuryr.cz\/n\/wp-content\/uploads\/2021\/11\/zdenek-koudelka.jpeg\" alt=\"\" width=\"179\" height=\"134\" \/><\/p>\n<p>&nbsp;<\/p>\n","protected":false},"excerpt":{"rendered":"<p>Ministr vnitra Raku\u0161an nazval n\u011bkter\u00e9 ob\u010dany \u010cech, Moravy a\u00a0Slezska, kte\u0159\u00ed nesouhlas\u00ed s\u00a0vl\u00e1dou, prorusk\u00fdmi \u0161v\u00e1by. Ozna\u010dov\u00e1n\u00ed&#8230;<\/p>\n","protected":false},"author":2,"featured_media":9439,"comment_status":"closed","ping_status":"closed","sticky":false,"template":"","format":"standard","meta":[],"categories":[6],"tags":[29,1032,1601,99],"_links":{"self":[{"href":"https:\/\/www.infokuryr.cz\/n\/wp-json\/wp\/v2\/posts\/13616"}],"collection":[{"href":"https:\/\/www.infokuryr.cz\/n\/wp-json\/wp\/v2\/posts"}],"about":[{"href":"https:\/\/www.infokuryr.cz\/n\/wp-json\/wp\/v2\/types\/post"}],"author":[{"embeddable":true,"href":"https:\/\/www.infokuryr.cz\/n\/wp-json\/wp\/v2\/users\/2"}],"replies":[{"embeddable":true,"href":"https:\/\/www.infokuryr.cz\/n\/wp-json\/wp\/v2\/comments?post=13616"}],"version-history":[{"count":0,"href":"https:\/\/www.infokuryr.cz\/n\/wp-json\/wp\/v2\/posts\/13616\/revisions"}],"wp:featuredmedia":[{"embeddable":true,"href":"https:\/\/www.infokuryr.cz\/n\/wp-json\/wp\/v2\/media\/9439"}],"wp:attachment":[{"href":"https:\/\/www.infokuryr.cz\/n\/wp-json\/wp\/v2\/media?parent=13616"}],"wp:term":[{"taxonomy":"category","embeddable":true,"href":"https:\/\/www.infokuryr.cz\/n\/wp-json\/wp\/v2\/categories?post=13616"},{"taxonomy":"post_tag","embeddable":true,"href":"https:\/\/www.infokuryr.cz\/n\/wp-json\/wp\/v2\/tags?post=13616"}],"curies":[{"name":"wp","href":"https:\/\/api.w.org\/{rel}","templated":true}]}}