{"id":13613,"date":"2022-08-15T03:31:15","date_gmt":"2022-08-15T01:31:15","guid":{"rendered":"http:\/\/www.infokuryr.cz\/n\/?p=13613"},"modified":"2022-08-15T03:31:15","modified_gmt":"2022-08-15T01:31:15","slug":"jak-si-eu-predstavuje-budoucnost-vice-zelenou-vice-naockovanou-a-vice-duhovou","status":"publish","type":"post","link":"https:\/\/www.infokuryr.cz\/n\/2022\/08\/15\/jak-si-eu-predstavuje-budoucnost-vice-zelenou-vice-naockovanou-a-vice-duhovou\/","title":{"rendered":"Jak si EU p\u0159edstavuje budoucnost? V\u00edce zelenou, v\u00edce nao\u010dkovanou a v\u00edce duhovou"},"content":{"rendered":"<div id=\"fb-root\"><\/div>\n<p>EU ob\u010das p\u0159ijde s n\u011bjak\u00fdm t\u00edm propagandistick\u00fdm d\u00edlkem. V posledn\u00edch letech se pom\u011brn\u011b hojn\u011b zab\u00fdvala\u00a0<a href=\"https:\/\/necenzurovanapravda.cz\/2022\/06\/eu-i-nadale-pokracuje-v-propagaci-islamu\/\">propagac\u00ed isl\u00e1mu<\/a>\u00a0a\u00a0<a href=\"https:\/\/necenzurovanapravda.cz\/2021\/11\/proislamska-agitka-eu-pokracuje-nyni-propaguji-hidzab-video\/\">hid\u017e\u00e1b\u016f<\/a>, ale tak\u00e9\u00a0<a href=\"https:\/\/necenzurovanapravda.cz\/2021\/12\/eu-zapletla-lgbtqi-i-do-vanocniho-prani-video\/\">LGBTQI<\/a>\u00a0nebo<a href=\"https:\/\/necenzurovanapravda.cz\/2022\/07\/tyto-obrazky-predvadi-eu-jako-symbol-integrace-v-evrope\/\">\u00a0multikulti.<\/a>\u00a0To v\u0161e za va\u0161e pen\u00edze.<\/p>\n<p>Ale to nesta\u010d\u00ed. Nyn\u00ed p\u0159ich\u00e1z\u00ed EU s dal\u0161\u00edm po\u010dinem, kter\u00fdm v\u00e1m chce uk\u00e1zat, na\u010d jsou ur\u010deny miliardy, p\u016fj\u010den\u00e9 p\u0159es EU v bankovn\u00edch korporac\u00edch, kter\u00e9 EU ovl\u00e1daj\u00ed. Nesplatiteln\u00e1 p\u016fj\u010dka, kterou za \u010cR schv\u00e1lila ji\u017e minul\u00e1 vl\u00e1da, je ur\u010dena zejm\u00e9na pro It\u00e1lii a \u0160pan\u011blsko, za jejich\u017e dluhy jsme se zav\u00e1zali ru\u010dit.<\/p>\n<p>P\u016fj\u010dka nazvan\u00e1 \u201eProgram obnovy koronaviru\u201c ve v\u00fd\u0161i 800 miliard eur je \u00fadajn\u011b ur\u010dena zejm\u00e9na na o\u010dkov\u00e1n\u00ed, zelenou politiku \u2013 to je v\u00e1m dob\u0159e zn\u00e1m\u00fd zelen\u00fd \u00fad\u011bl a samoz\u0159ejm\u011b i na LGBTQI program.<\/p>\n<p><a href=\"https:\/\/www.unzensuriert.at\/content\/153826-von-der-leyen-verpulvert-66-millionen-fuer-eu-eigenwerbung\/\">Za cel\u00fdch<\/a>\u00a066,5 milion\u016f eur z va\u0161ich dan\u00ed nyn\u00ed EU nato\u010dila propagandistick\u00e9 d\u00edlko nazvan\u00e9 \u201eNextGenerationEU\u201c. V n\u011bm v\u00e1m tedy osv\u011btl\u00ed v\u0161e v\u00fd\u0161e uveden\u00e9.<\/p>\n<p>100 miliard eur z tohoto fondu ji\u017e bylo p\u0159erozd\u011bleno s t\u00edm, \u017ee tyto pen\u00edze mus\u00ed b\u00fdt pou\u017eity na n\u011bkter\u00fd z uveden\u00fdch c\u00edl\u016f. A jde o p\u016fj\u010dku u bankovn\u00edch korporac\u00ed, st\u00e1ty ji tak mus\u00ed zaplatit i s \u00faroky.<\/p>\n<p>N\u00ed\u017ee se tedy m\u016f\u017eete pod\u00edvat na kampa\u0148, na kterou jste tak\u00e9 p\u0159isp\u011bli. 66,5 milionu eur za vym\u00fdv\u00e1n\u00ed mozk\u016f a tupou propagandu\u2026<\/p>\n<p><iframe loading=\"lazy\" title=\"NextGenEU \u2013 Make It Real \u00a9\" src=\"https:\/\/www.youtube.com\/embed\/VFYlYeFAEH4?feature=oembed\" width=\"640\" height=\"360\" frameborder=\"0\" allowfullscreen=\"allowfullscreen\" data-mce-fragment=\"1\"><\/iframe><\/p>\n<p><img decoding=\"async\" loading=\"lazy\" class=\"alignnone size-full wp-image-1185\" src=\"http:\/\/www.infokuryr.cz\/n\/wp-content\/uploads\/2021\/04\/kuryr-podpis.png\" alt=\"\" width=\"84\" height=\"24\" \/><\/p>\n","protected":false},"excerpt":{"rendered":"<p>EU ob\u010das p\u0159ijde s n\u011bjak\u00fdm t\u00edm propagandistick\u00fdm d\u00edlkem. V posledn\u00edch letech se pom\u011brn\u011b hojn\u011b zab\u00fdvala\u00a0propagac\u00ed&#8230;<\/p>\n","protected":false},"author":2,"featured_media":9498,"comment_status":"closed","ping_status":"closed","sticky":false,"template":"","format":"standard","meta":[],"categories":[6],"tags":[41,29,71],"_links":{"self":[{"href":"https:\/\/www.infokuryr.cz\/n\/wp-json\/wp\/v2\/posts\/13613"}],"collection":[{"href":"https:\/\/www.infokuryr.cz\/n\/wp-json\/wp\/v2\/posts"}],"about":[{"href":"https:\/\/www.infokuryr.cz\/n\/wp-json\/wp\/v2\/types\/post"}],"author":[{"embeddable":true,"href":"https:\/\/www.infokuryr.cz\/n\/wp-json\/wp\/v2\/users\/2"}],"replies":[{"embeddable":true,"href":"https:\/\/www.infokuryr.cz\/n\/wp-json\/wp\/v2\/comments?post=13613"}],"version-history":[{"count":0,"href":"https:\/\/www.infokuryr.cz\/n\/wp-json\/wp\/v2\/posts\/13613\/revisions"}],"wp:featuredmedia":[{"embeddable":true,"href":"https:\/\/www.infokuryr.cz\/n\/wp-json\/wp\/v2\/media\/9498"}],"wp:attachment":[{"href":"https:\/\/www.infokuryr.cz\/n\/wp-json\/wp\/v2\/media?parent=13613"}],"wp:term":[{"taxonomy":"category","embeddable":true,"href":"https:\/\/www.infokuryr.cz\/n\/wp-json\/wp\/v2\/categories?post=13613"},{"taxonomy":"post_tag","embeddable":true,"href":"https:\/\/www.infokuryr.cz\/n\/wp-json\/wp\/v2\/tags?post=13613"}],"curies":[{"name":"wp","href":"https:\/\/api.w.org\/{rel}","templated":true}]}}