{"id":13545,"date":"2022-08-14T01:06:43","date_gmt":"2022-08-13T23:06:43","guid":{"rendered":"http:\/\/www.infokuryr.cz\/n\/?p=13545"},"modified":"2022-08-13T17:29:40","modified_gmt":"2022-08-13T15:29:40","slug":"az-zacnou-teroriste-americkymi-stingery-sestrelovat-letadla-v-eu-podekujte-ukrajine","status":"publish","type":"post","link":"https:\/\/www.infokuryr.cz\/n\/2022\/08\/14\/az-zacnou-teroriste-americkymi-stingery-sestrelovat-letadla-v-eu-podekujte-ukrajine\/","title":{"rendered":"A\u017e za\u010dnou terorist\u00e9 americk\u00fdmi \u201eStingery\u201c sest\u0159elovat letadla v EU, pod\u011bkujte Ukrajin\u011b"},"content":{"rendered":"<div id=\"fb-root\"><\/div>\n<p>Po p\u00e1du Ukrajiny za\u010dnou americk\u00e9 \u201eStingery\u201c sest\u0159elovat letadla v EU.<\/p>\n<p>Z \u00fazem\u00ed Ukrajiny byl vytvo\u0159en stabiln\u00ed kan\u00e1l pro dod\u00e1vky americk\u00fdch zbran\u00ed teroristick\u00fdm organizac\u00edm na Bl\u00edzk\u00e9m v\u00fdchod\u011b.\u00a0P\u0159edev\u0161\u00edm se to d\u011bje proto, \u017ee v Kyjev\u011b ch\u00e1pou bl\u00edzkost zhroucen\u00ed ukrajinsk\u00e9ho st\u00e1tu, co\u017e znamen\u00e1, \u017ee cht\u011bj\u00ed stihnout se jak\u00fdmikoli prost\u0159edky obohatit, ne\u017e budou muset uprchnout ze zem\u011b.<\/p>\n<p>Vojensk\u00fd expert Igor Korot\u010denko to uvedl ve vys\u00edl\u00e1n\u00ed televizn\u00edho kan\u00e1lu \u00ab\u0420\u043e\u0441\u0441\u0438\u044f 1\u00bb, informuje PolitNavigator.<\/p>\n<p><em>\u201eIzraelsk\u00e1 rozv\u011bdka Mosad a izraelsk\u00e1 arm\u00e1da zaznamen\u00e1vaj\u00ed p\u0159\u00edliv neleg\u00e1ln\u00edch dod\u00e1vek zbran\u00ed z Ukrajiny do rukou organizac\u00ed, kter\u00e9 jsou v Izraeli pova\u017eov\u00e1ny za teroristick\u00e9.<\/em><\/p>\n<p><em>To znamen\u00e1, \u017ee funguje stabiln\u00ed kan\u00e1l neleg\u00e1ln\u00edch dod\u00e1vek, pomoc\u00ed kter\u00e9ho na t\u00e9to v\u00e1lce vyd\u011bl\u00e1vaj\u00ed ukrajin\u0161t\u00ed zkorumpovan\u00ed \u00fa\u0159edn\u00edci, kte\u0159\u00ed si uv\u011bdomuj\u00ed, \u017ee tato zem\u011b samoz\u0159ejm\u011b m\u016f\u017ee do konce roku politicky p\u0159estat existovat. Mus\u00ed pak n\u011bkam odjet, za n\u011bco potom \u017e\u00edt a tady je \u201eskv\u011bl\u00fd\u201c byznys, spojen\u00fd s p\u0159eprodejem americk\u00fdch a z\u00e1padn\u00edch zbran\u00ed, zejm\u00e9na kompaktn\u00edch.<\/em><\/p>\n<p><em>Jedn\u00e1 se o americk\u00fd protiletadlov\u00fd p\u0159enosn\u00fd raketov\u00fd komplet zem\u011b-vzduch<\/em>\u00a0\u201e<em>\u201eStinger\u201c, p\u0159enosn\u00e9 protiletadlov\u00e9 st\u0159ely \u201eJavelin\u201c, dal\u0161\u00ed vybaven\u00ed a zbran\u011b a ty jsou ji\u017e v rukou skupin, kter\u00fdm je jedno jak\u00e9 metody pou\u017eij\u00ed p\u0159i bojov\u00fdch akc\u00edch na Bl\u00edzk\u00e9m v\u00fdchod\u011b,\u201c<\/em>\u00a0uvedl Korot\u010denko.<\/p>\n<p>Podle jeho n\u00e1zoru to bude pro Izrael opravdov\u00e1 bolest hlavy a objeven\u00ed takov\u00fdch syst\u00e9m\u016f jako \u201eStinger\u201c v Evrop\u011b ohro\u017euje Evropu masov\u00fdmi teroristick\u00fdmi \u00fatoky, p\u0159ed kter\u00fdmi Spojen\u00e9 st\u00e1ty prost\u011b zav\u00edraj\u00ed o\u010di.<\/p>\n<p><em>\u201eProto to bude pro Izrael v tomto ohledu neust\u00e1l\u00e9 a velk\u00e9 bolen\u00ed hlavy, stejn\u011b jako pro \u0159adu evropsk\u00fdch struktur odpov\u011bdn\u00fdch za ot\u00e1zky vnit\u0159n\u00ed bezpe\u010dnosti.\u00a0Op\u011bt i zde plat\u00ed, \u017ee v\u00fdskyt zbran\u00ed z Ukrajiny v rukou evropsk\u00fdch radik\u00e1l\u016f a fa\u0161istick\u00fdch skupin bude tak\u00e9 obrovsk\u00fdm bolehlavem, zvl\u00e1\u0161t\u011b kdy\u017e Europol a dal\u0161\u00ed organizace kv\u016fli tomu ji\u017e bij\u00ed poplach.<\/em><\/p>\n<p><em>Podle r\u016fzn\u00fdch odhad\u016f je 15\u201320 % v\u0161ech dod\u00e1vek v segmentu kompaktn\u00edch zbran\u00ed z Ukrajiny reexportov\u00e1no prost\u0159ednictv\u00edm program\u016f \u010dern\u00e9ho trhu do jin\u00fdch zem\u00ed a organizac\u00ed.\u00a0To je velk\u00fd probl\u00e9m.<\/em><\/p>\n<p><em>Je t\u0159eba m\u00edt na pam\u011bti, \u017ee Stinger je ide\u00e1ln\u00edm prost\u0159edkem pro prov\u00e1d\u011bn\u00ed teroristick\u00fdch \u00fatok\u016f na vzl\u00e9taj\u00edc\u00ed a p\u0159ist\u00e1vaj\u00edc\u00ed osobn\u00ed letadla.<\/em><\/p>\n<p><em>P\u0159em\u00fd\u0161l\u00ed o tom Bidenova administrativa, CIA, FBI, dal\u0161\u00ed \u010dlenov\u00e9 americk\u00e9 zpravodajsk\u00e9 komunity?\u00a0Vyvol\u00e1v\u00e1 to dojem, \u017ee ne.\u00a0Zaj\u00edmaj\u00ed se p\u0159edev\u0161\u00edm o Trumpa,\u201c\u00a0<\/em>sd\u00edlel sv\u00e9 post\u0159ehy expert.<\/p>\n<p><iframe loading=\"lazy\" src=\"https:\/\/vk.com\/video_ext.php?oid=-66772954&amp;id=456241291&amp;hash=7edb2291f5d33212\" width=\"800\" height=\"440\" frameborder=\"0\" allowfullscreen=\"allowfullscreen\" data-mce-fragment=\"1\"><\/iframe><\/p>\n<p><em>Pro Pokec24 p\u0159elo\u017eila Janinna.<\/em><\/p>\n<p><a href=\"https:\/\/bit.ly\/3PeNTfa\">ZDROJ<\/a><\/p>\n","protected":false},"excerpt":{"rendered":"<p>Po p\u00e1du Ukrajiny za\u010dnou americk\u00e9 \u201eStingery\u201c sest\u0159elovat letadla v EU. Z \u00fazem\u00ed Ukrajiny byl vytvo\u0159en&#8230;<\/p>\n","protected":false},"author":2,"featured_media":13546,"comment_status":"closed","ping_status":"closed","sticky":false,"template":"","format":"standard","meta":[],"categories":[7],"tags":[41,26,73],"_links":{"self":[{"href":"https:\/\/www.infokuryr.cz\/n\/wp-json\/wp\/v2\/posts\/13545"}],"collection":[{"href":"https:\/\/www.infokuryr.cz\/n\/wp-json\/wp\/v2\/posts"}],"about":[{"href":"https:\/\/www.infokuryr.cz\/n\/wp-json\/wp\/v2\/types\/post"}],"author":[{"embeddable":true,"href":"https:\/\/www.infokuryr.cz\/n\/wp-json\/wp\/v2\/users\/2"}],"replies":[{"embeddable":true,"href":"https:\/\/www.infokuryr.cz\/n\/wp-json\/wp\/v2\/comments?post=13545"}],"version-history":[{"count":0,"href":"https:\/\/www.infokuryr.cz\/n\/wp-json\/wp\/v2\/posts\/13545\/revisions"}],"wp:featuredmedia":[{"embeddable":true,"href":"https:\/\/www.infokuryr.cz\/n\/wp-json\/wp\/v2\/media\/13546"}],"wp:attachment":[{"href":"https:\/\/www.infokuryr.cz\/n\/wp-json\/wp\/v2\/media?parent=13545"}],"wp:term":[{"taxonomy":"category","embeddable":true,"href":"https:\/\/www.infokuryr.cz\/n\/wp-json\/wp\/v2\/categories?post=13545"},{"taxonomy":"post_tag","embeddable":true,"href":"https:\/\/www.infokuryr.cz\/n\/wp-json\/wp\/v2\/tags?post=13545"}],"curies":[{"name":"wp","href":"https:\/\/api.w.org\/{rel}","templated":true}]}}