{"id":13543,"date":"2022-08-14T01:05:26","date_gmt":"2022-08-13T23:05:26","guid":{"rendered":"http:\/\/www.infokuryr.cz\/n\/?p=13543"},"modified":"2022-08-13T17:23:21","modified_gmt":"2022-08-13T15:23:21","slug":"v-berline-probehla-poulicni-vystava-obeti-covidovych-vakcin","status":"publish","type":"post","link":"https:\/\/www.infokuryr.cz\/n\/2022\/08\/14\/v-berline-probehla-poulicni-vystava-obeti-covidovych-vakcin\/","title":{"rendered":"V Berl\u00edn\u011b prob\u011bhla pouli\u010dn\u00ed v\u00fdstava ob\u011bt\u00ed covidov\u00fdch \u201evakc\u00edn\u201c"},"content":{"rendered":"<div id=\"fb-root\"><\/div>\n<p>Jedna zem\u011b za druhou po\u0159\u00e1d\u00e1 demonstrace za ob\u011bti covidov\u00fdch \u201evakc\u00edn\u201c, kde v\u011bt\u0161inou p\u0159\u00edbuzn\u00ed ob\u011bt\u00ed ukazuj\u00ed obr\u00e1zky sv\u00fdch p\u0159\u00edbuzn\u00fdch, s nimi\u017e se museli rozlou\u010dit pot\u00e9, co se \u2013 a\u0165 u\u017e na n\u00e1tlak nebo na z\u00e1klad\u011b nezm\u011brn\u00e9 propagandy \u2013 nechali dotla\u010dit do genov\u00fdch injekc\u00ed. Zejm\u00e9na pro mlad\u00e9 lidi jsou tyto p\u0159\u00edpravky obrovsk\u00fdm zdravotn\u00edm rizikem \u2013 a to je\u0161t\u011b nezn\u00e1me dlouhodob\u011bj\u0161\u00ed \u00fa\u010dinky.<\/p>\n<p>Tak\u00e9 v N\u011bmecku, kde by to o\u010dek\u00e1val jen m\u00e1lokdo, prob\u011bhla v p\u00e1tek v\u00fdstavka ob\u011bt\u00ed, doprov\u00e1zen\u00e1 informacemi, kter\u00e9 jinak na mainstreamu nenajdete.<\/p>\n<p><a href=\"https:\/\/unser-mitteleuropa.com\/strassenausstellung-in-berlin-ueber-corona-impfschaeden-sorgt-fuer-betroffenheit-video\/\">Mnoho<\/a> z posti\u017een\u00fdch se nyn\u00ed dost\u00e1v\u00e1 na ve\u0159ejnost pod hashtagem Twitteru \u201eLituji o\u010dkov\u00e1n\u00ed\u201c.<\/p>\n<p>O d\u016fsledc\u00edch na\u0159\u00edzen\u00e9ho experimentu na lidech se mohli v\u010dera \u2013 tedy v p\u00e1tek \u2013\u00a0 kolemjdouc\u00ed dozv\u011bd\u011bt v\u00edce na v\u00fdstav\u011b na n\u00e1m\u011bst\u00ed Alexanderplatz v Berl\u00edn\u011b. Tam bylo mo\u017eno vid\u011bt jak zem\u0159el\u00e9, tak ty ob\u011bti, kter\u00e9 na experiment\u00e1ln\u00ed injekce doplatili po\u0161kozen\u00edm zdrav\u00ed..<\/p>\n<p>N\u00ed\u017ee se m\u016f\u017eete pod\u00edvat na video z akce (pouze n\u011bmecky):<\/p>\n<p><iframe class=\"wp-embedded-content\" title=\"Berlin: Stra\u00dfenausstellung \u00fcber Corona-Impfsch\u00e4den sorgt f\u00fcr Betroffenheit\" src=\"https:\/\/gegenstimme.tv\/videos\/embed\/968815fb-6ff9-4f8b-bcf2-28ac9a786eb8#?secret=z0zJRukJY4\" width=\"560\" height=\"315\" frameborder=\"0\" sandbox=\"allow-scripts\" data-secret=\"z0zJRukJY4\" data-mce-fragment=\"1\"><\/iframe><\/p>\n<p><img decoding=\"async\" loading=\"lazy\" class=\"alignnone size-full wp-image-1185\" src=\"http:\/\/www.infokuryr.cz\/n\/wp-content\/uploads\/2021\/04\/kuryr-podpis.png\" alt=\"\" width=\"84\" height=\"24\" \/><\/p>\n<p>&nbsp;<\/p>\n","protected":false},"excerpt":{"rendered":"<p>Jedna zem\u011b za druhou po\u0159\u00e1d\u00e1 demonstrace za ob\u011bti covidov\u00fdch \u201evakc\u00edn\u201c, kde v\u011bt\u0161inou p\u0159\u00edbuzn\u00ed ob\u011bt\u00ed ukazuj\u00ed&#8230;<\/p>\n","protected":false},"author":2,"featured_media":13544,"comment_status":"closed","ping_status":"closed","sticky":false,"template":"","format":"standard","meta":[],"categories":[7],"tags":[233,23,871,651],"_links":{"self":[{"href":"https:\/\/www.infokuryr.cz\/n\/wp-json\/wp\/v2\/posts\/13543"}],"collection":[{"href":"https:\/\/www.infokuryr.cz\/n\/wp-json\/wp\/v2\/posts"}],"about":[{"href":"https:\/\/www.infokuryr.cz\/n\/wp-json\/wp\/v2\/types\/post"}],"author":[{"embeddable":true,"href":"https:\/\/www.infokuryr.cz\/n\/wp-json\/wp\/v2\/users\/2"}],"replies":[{"embeddable":true,"href":"https:\/\/www.infokuryr.cz\/n\/wp-json\/wp\/v2\/comments?post=13543"}],"version-history":[{"count":0,"href":"https:\/\/www.infokuryr.cz\/n\/wp-json\/wp\/v2\/posts\/13543\/revisions"}],"wp:featuredmedia":[{"embeddable":true,"href":"https:\/\/www.infokuryr.cz\/n\/wp-json\/wp\/v2\/media\/13544"}],"wp:attachment":[{"href":"https:\/\/www.infokuryr.cz\/n\/wp-json\/wp\/v2\/media?parent=13543"}],"wp:term":[{"taxonomy":"category","embeddable":true,"href":"https:\/\/www.infokuryr.cz\/n\/wp-json\/wp\/v2\/categories?post=13543"},{"taxonomy":"post_tag","embeddable":true,"href":"https:\/\/www.infokuryr.cz\/n\/wp-json\/wp\/v2\/tags?post=13543"}],"curies":[{"name":"wp","href":"https:\/\/api.w.org\/{rel}","templated":true}]}}