{"id":13497,"date":"2022-08-13T01:01:08","date_gmt":"2022-08-12T23:01:08","guid":{"rendered":"http:\/\/www.infokuryr.cz\/n\/?p=13497"},"modified":"2022-08-12T16:25:04","modified_gmt":"2022-08-12T14:25:04","slug":"dochazi-konecne-trpelivost-ameriky-s-georgem-sorosem","status":"publish","type":"post","link":"https:\/\/www.infokuryr.cz\/n\/2022\/08\/13\/dochazi-konecne-trpelivost-ameriky-s-georgem-sorosem\/","title":{"rendered":"Doch\u00e1z\u00ed kone\u010dn\u011b trp\u011blivost Ameriky s Georgem Sorosem?"},"content":{"rendered":"<div id=\"fb-root\"><\/div>\n<div class=\"elementor-element elementor-element-1fb4c2c elementor-widget elementor-widget-theme-post-content\" data-id=\"1fb4c2c\" data-element_type=\"widget\" data-widget_type=\"theme-post-content.default\">\n<div class=\"elementor-widget-container\">\n<p><span style=\"font-size: 18pt;\"><strong><em>&#8222;Chcete-li v\u011bd\u011bt, kdo v\u00e1s ovl\u00e1d\u00e1,&#8220; radil kdysi \u0159\u00edmsk\u00fd historik a politik Tacitus, &#8222;dejte si pozor, koho nem\u016f\u017eete kritizovat.&#8220;<\/em><\/strong><\/span><\/p>\n<p><span>\u201eChce\u0161-li v\u011bd\u011bt, kdo t\u011b ovl\u00e1d\u00e1,\u201c radil kdysi Tacitus, \u0159\u00edmsk\u00fd historik a politik, \u201edej si pozor, koho nem\u016f\u017ee\u0161 kritizovat.\u201c Tou nev\u00fdslovnou osobou nebyl po dlouhou dobu nikdo jin\u00fd ne\u017e miliard\u00e1\u0159 finan\u010dn\u00edk George Soros. \u017ee a\u010dkoli jeho politi\u010dt\u00ed chr\u00e1n\u011bnci radik\u00e1ln\u011b zm\u011bnili politickou krajinu zem\u011b.\u00a0Nesouhlasn\u00e9 hlasy jsou st\u00e1le hlasit\u011bj\u0161\u00ed, jak se v podlo\u017e\u00ed jeho obrovsk\u00e9ho vlivu za\u010d\u00ednaj\u00ed objevovat trhliny.<\/span><\/p>\n<p><span>Minul\u00fd t\u00fdden nap\u0159\u00edklad guvern\u00e9r Floridy Ron DeSantis vyslal st\u00e1tn\u00ed policii, aby fyzicky odstranila Sorosem podporovan\u00e9ho prokur\u00e1tora Andrewa Warrena z jeho kancel\u00e1\u0159e \u201es v\u00fdhradou, \u017ee mu umo\u017en\u00ed p\u0159\u00edstup pouze k jeho osobn\u00edm v\u011bcem a zajist\u00ed, \u017ee \u017e\u00e1dn\u00e9 soubory, pap\u00edry, dokumenty, pozn\u00e1mky, z\u00e1znamy, po\u010d\u00edta\u010de nebo p\u0159enosn\u00e1 m\u00e9dia se st\u00e1tn\u00edmu zastupitelstv\u00ed nezmiz\u00ed&#8230;\u201c.<\/span><\/p>\n<p><span>Guvern\u00e9r Floridy \u0159ekl, \u017ee chce potrestat Warrena za \u201enepln\u011bn\u00ed sv\u00fdch povinnost\u00ed, proto\u017ee se zav\u00e1zal, \u017ee nebude dodr\u017eovat z\u00e1kony st\u00e1tu.\u201c DeSantis m\u011bl na mysli Warrenovo prohl\u00e1\u0161en\u00ed, \u017ee odm\u00edtl p\u0159ijmout st\u00e1tn\u00ed z\u00e1kaz potrat\u016f po rozhodnut\u00ed plukovn\u00edka. Justice, Roe v.\u00a0svrhnout Wadea a prosadit z\u00e1kony zakazuj\u00edc\u00ed chirurgick\u00e9 z\u00e1kroky na zm\u011bnu pohlav\u00ed u d\u011bt\u00ed.<\/span><\/p>\n<p><span>&#8222;Floridsk\u00e1 \u00fastava dala pr\u00e1vo veta guvern\u00e9rovi, nikoli jednotliv\u00fdm \u017ealobc\u016fm,&#8220; \u0159ekl DeSantis.\u00a0\u201ePokud tedy hrub\u011b poru\u0161\u00edte svou slu\u017eebn\u00ed p\u0159\u00edsahu&#8230; pokud se postav\u00edte nad z\u00e1kon, poru\u0161ili jste svou povinnost a zanedbali svou povinnost a prokazujete nedostatek zp\u016fsobilosti k v\u00fdkonu t\u011bchto povinnost\u00ed,\u201c pokra\u010doval.<\/span><\/p>\n<p><span>Mezit\u00edm Warren sl\u00edbil, \u017ee se postav\u00ed proti DeSantisovu \u201ezneu\u017e\u00edv\u00e1n\u00ed moci\u201c.<\/span><\/p>\n<p><span>A\u010dkoli mainstreamov\u00e1 m\u00e9dia za\u0161la do velk\u00e9 m\u00edry, aby to skryla, skute\u010dn\u00fdm probl\u00e9mem zde nen\u00ed politick\u00e1 kari\u00e9ra prokur\u00e1tora okresu Hillsborough, ale to, \u017ee se n\u011bkdo odv\u00e1\u017eil postavit se politick\u00e9 v\u016fli pana Sorose.<\/span><\/p>\n<p><span>Na \u00favod, pokud je v\u016fbec pot\u0159eba, mluv\u00edme o glob\u00e1ln\u00edm zprost\u0159edkovateli seri\u00e1l\u016f, kter\u00fd v roce 2015 utratil t\u00e9m\u011b\u0159 p\u016fl miliardy dolar\u016f ve snaze p\u0159esv\u011bd\u010dit Evropany, \u017ee rozmanitost v podob\u011b milion\u016f ileg\u00e1ln\u00edch p\u0159ist\u011bhovalc\u016f je jaksi v jejich nejlep\u0161\u00edm z\u00e1jmu. Samoz\u0159ejm\u011b to tak nebylo.\u00a0Od t\u00e9 doby, co Soros otev\u0159el dve\u0159e kontinentu, explodovala n\u00e1siln\u00e1 kriminalita v cel\u00e9 z\u00e1padn\u00ed Evrop\u011b, co\u017e m\u011blo za n\u00e1sledek, \u017ee kdysi t\u0159pytiv\u00e9 evropsk\u00e9 metropole \u2013 od Pa\u0159\u00ed\u017ee p\u0159es Berl\u00edn a\u017e po Lond\u00fdn \u2013 se staly zlo\u010dinn\u00fdmi pekeln\u00fdmi d\u00edrami.\u00a0Z p\u00e1du do chaosu unikli pouze \u201eautorit\u00e1\u0159i\u201c, kte\u0159\u00ed Sorose p\u0159ed lety vyhnali ze sv\u00fdch \u00fazem\u00ed, v\u010detn\u011b Turecka, Ruska, Polska a Ma\u010farska, zem\u011b kde se narodil.<\/span><\/p>\n<p><span>Po zmen\u0161en\u00ed evropsk\u00e9ho kontinentu na trosky se Soros p\u0159esunul do Spojen\u00fdch st\u00e1t\u016f, kde se n\u00e1hle za\u010dal zaj\u00edmat o \u201epr\u00e1vo a po\u0159\u00e1dek\u201c, proto\u017ee filantrop utr\u00e1cel des\u00edtky milion\u016f dolar\u016f na podporu voleb st\u00e1tn\u00edch z\u00e1stupc\u016f po cel\u00e9 zemi.\u00a0New York Post to popisuje takto.<\/span><\/p>\n<p><span>&#8222;V posledn\u00edch letech miliard\u00e1\u0159sk\u00fd filantrop George Soros v tichosti financoval revoluci v reform\u011b trestn\u00edho soudnictv\u00ed rozd\u00e1v\u00e1n\u00edm des\u00edtek milion\u016f dolar\u016f progresivn\u00edm kandid\u00e1t\u016fm&#8230; uprost\u0159ed hnut\u00ed za zru\u0161en\u00ed kauc\u00ed a zru\u0161en\u00ed policie.&#8220;<\/span><\/p>\n<p><span>Ve\u0159ejn\u00e1 pod\u00e1n\u00ed ukazuj\u00ed, \u017ee ve spolupr\u00e1ci s aktivistick\u00fdm pr\u00e1vn\u00edkem,\u201c pokra\u010duje Post \u201eSoros \u010derp\u00e1 pen\u00edze prim\u00e1rn\u011b prost\u0159ednictv\u00edm slo\u017eit\u00e9 s\u00edt\u011b feder\u00e1ln\u00edch a st\u00e1tn\u00edch politick\u00fdch ak\u010dn\u00edch v\u00fdbor\u016f a neziskov\u00fdch organizac\u00ed od pob\u0159e\u017e\u00ed k pob\u0159e\u017e\u00ed.\u201c<\/span><\/p>\n<p><span>Jedn\u00edm z t\u011bchto v\u00fdbor\u016f je Nadace na podporu otev\u0159en\u00e9 spole\u010dnosti, jen jeden z bezpo\u010dtu neziskov\u00fdch satelit\u016f ukr\u00fdvaj\u00edc\u00edch se v Sorosov\u011b souhv\u011bzd\u00ed.\u00a0Tato skupina p\u0159isl\u00edbila 3 miliardy dolar\u016f Komunitn\u00edmu centru zdroj\u016f pro bezpe\u010dnost a odpov\u011bdnost na \u201e\u0159e\u0161en\u00ed \u0161kod zp\u016fsoben\u00fdch policejn\u00ed \u010dinnost\u00ed ve Spojen\u00fdch st\u00e1tech\u201c.<\/span><\/p>\n<p><span>To n\u00e1s p\u0159iv\u00e1d\u00ed zp\u011bt k Ronu DeSantisovi a jeho slunn\u00e9mu st\u00e1tu, kde progresivn\u00ed \u00fa\u0159edn\u00edci jako pan Warren v\u011bnuj\u00ed v\u00edce pozornosti globalistick\u00fdm z\u00e1jm\u016fm ne\u017e lok\u00e1ln\u00edm probl\u00e9m\u016fm.\u00a0Tento fenom\u00e9n ale rozhodn\u011b nen\u00ed ojedin\u011bl\u00fd jen na Florid\u011b a vzhledem k mno\u017estv\u00ed pen\u011bz, kter\u00e9 George Soros nasypal do pokladny liber\u00e1ln\u00ed kampan\u011b, to nen\u00ed \u017e\u00e1dn\u00e9 p\u0159ekvapen\u00ed.<\/span><\/p>\n<p><span>Nap\u0159\u00edklad Soros daroval v\u00edce ne\u017e 1,5 milionu dolar\u016f kalifornsk\u00e9mu PAC pro spravedlnost a bezpe\u010dnost, kter\u00fd zase podpo\u0159il losangelesk\u00e9ho demokrata George Gasc\u00f3na ve volb\u00e1ch na okresn\u00edho prokur\u00e1tora.\u00a0Pot\u00e9, co Gasc\u00f3n nastoupil do \u00fa\u0159adu, kriminalita vzrostla t\u00e9m\u011b\u0159 o 49 procent, zat\u00edmco chladnokrevn\u00ed vrazi vyv\u00e1zli s \u010dern\u00fdm okem, aby znovu zabili.<\/span><\/p>\n<p><span>Sorosovi PAC tak\u00e9 sehr\u00e1li hlavn\u00ed roli ve znovuzvolen\u00ed okresn\u00ed st\u00e1tn\u00ed z\u00e1stupkyn\u011b St. Louis Kimberly Gardner, kter\u00e9 snadno vyhr\u00e1la.\u00a0Kr\u00e1tce pot\u00e9 Gardner podal obvin\u011bn\u00ed proti Markovi a Patricii McCloskeyov\u00fdm, jejich\u017e \u201ezlo\u010dinem\u201c bylo vyhro\u017eov\u00e1n\u00ed zbran\u011bmi demonstrant\u016fm, kte\u0159\u00ed neleg\u00e1ln\u011b vstoupili na jejich pozemek b\u011bhem velice n\u00e1siln\u00fdch protest\u016f Black Lives Matter.<\/span><\/p>\n<p><span>Chcete-li z\u00edskat lep\u0161\u00ed p\u0159edstavu o tom, kam Ameriku zav\u00e1d\u00ed Sorosova mentalita \u201eobh\u00e1jit policii\u201c, zva\u017ete, \u017ee v\u0161ech 12 americk\u00fdch m\u011bst, kter\u00e1 loni zaznamenala rekordy v po\u010dtu vra\u017ed, \u0159\u00edd\u00ed demokrat\u00e9.\u00a0Nap\u0159\u00edklad Philadelphia, m\u011bsto s asi 1,5 miliony obyvatel, p\u0159ekonala v roce 1990 rekord zabit\u00ed (500) a 6. prosince jich zaznamenala 521.<\/span><\/p>\n<p><span>A ano, Sorosovy otisky jsou po cel\u00e9m \u201eM\u011bst\u011b bratrsk\u00e9 l\u00e1sky\u201c.\u00a0Soros v\u011bnoval 1,7 milionu dolar\u016f na kampa\u0148 b\u00fdval\u00e9ho pr\u00e1vn\u00edka Black Lives Matter Larryho Krasnera, kdy\u017e kandidoval na okresn\u00edho prokur\u00e1tora.\u00a0Z\u00e1vod samoz\u0159ejm\u011b vyhr\u00e1l Krasner, kter\u00fd m\u011bl takovou v\u00e1le\u010dnou truhlu.\u00a0Dnes m\u00e1 Philadelphia vy\u0161\u0161\u00ed po\u010det vra\u017ed ne\u017e dv\u011b nejv\u011bt\u0161\u00ed (demokraty ovl\u00e1dan\u00e9) metropolitn\u00ed oblasti, New York City (443 k 5. prosinci) a Los Angeles (352 k 27. listopadu).<\/span><\/p>\n<p><span>Je z\u0159ejm\u00e9, \u017ee \u017e\u00e1dn\u00e1 zem\u011b nem\u016f\u017ee dlouho p\u0159e\u017e\u00edt takov\u00fd trend krveprolit\u00ed.\u00a0Ot\u00e1zkou nyn\u00ed je, zda DeSantis\u016fv krok k vylou\u010den\u00ed Andrewa Warrena je za\u010d\u00e1tkem skute\u010dn\u00e9 protiofenz\u00edvy proti panu Sorosovi a jeho protipolicejn\u00edm politick\u00fdm lokaj\u016fm, nebo jen mal\u00fdm sv\u011btl\u00fdm bodem ve volebn\u00edm roce.\u00a0A\u0165 je to jakkoli, pokud Amerika douf\u00e1, \u017ee z\u016fstane dlouho civilizovan\u00fdm n\u00e1rodem prvn\u00edho sv\u011bta, mus\u00ed se vr\u00e1tit k z\u00e1kladn\u00edmu z\u00e1konu a po\u0159\u00e1dku.\u00a0\u010cas nen\u00ed na jeho stran\u011b.<\/span><\/p>\n<\/div>\n<\/div>\n<div class=\"elementor-element elementor-element-8c57238 quelle dc-has-condition dc-condition-empty elementor-widget elementor-widget-heading\" data-id=\"8c57238\" data-element_type=\"widget\" data-widget_type=\"heading.default\">\n<div class=\"elementor-widget-container\">\n<h3 class=\"elementor-heading-title elementor-size-default\"><span style=\"font-size: 8pt;\"><a href=\"https:\/\/www.strategic-culture.org\/news\/2022\/08\/11\/has-america-patience-with-george-soros-finally-run-out\/\" target=\"_blank\" rel=\"nofollow noopener\">ZDROJ<\/a><\/span><\/h3>\n<p>&nbsp;<\/p>\n<\/div>\n<\/div>\n","protected":false},"excerpt":{"rendered":"<p>&#8222;Chcete-li v\u011bd\u011bt, kdo v\u00e1s ovl\u00e1d\u00e1,&#8220; radil kdysi \u0159\u00edmsk\u00fd historik a politik Tacitus, &#8222;dejte si pozor,&#8230;<\/p>\n","protected":false},"author":2,"featured_media":1400,"comment_status":"closed","ping_status":"closed","sticky":false,"template":"","format":"standard","meta":[],"categories":[7],"tags":[151,37,2795],"_links":{"self":[{"href":"https:\/\/www.infokuryr.cz\/n\/wp-json\/wp\/v2\/posts\/13497"}],"collection":[{"href":"https:\/\/www.infokuryr.cz\/n\/wp-json\/wp\/v2\/posts"}],"about":[{"href":"https:\/\/www.infokuryr.cz\/n\/wp-json\/wp\/v2\/types\/post"}],"author":[{"embeddable":true,"href":"https:\/\/www.infokuryr.cz\/n\/wp-json\/wp\/v2\/users\/2"}],"replies":[{"embeddable":true,"href":"https:\/\/www.infokuryr.cz\/n\/wp-json\/wp\/v2\/comments?post=13497"}],"version-history":[{"count":0,"href":"https:\/\/www.infokuryr.cz\/n\/wp-json\/wp\/v2\/posts\/13497\/revisions"}],"wp:featuredmedia":[{"embeddable":true,"href":"https:\/\/www.infokuryr.cz\/n\/wp-json\/wp\/v2\/media\/1400"}],"wp:attachment":[{"href":"https:\/\/www.infokuryr.cz\/n\/wp-json\/wp\/v2\/media?parent=13497"}],"wp:term":[{"taxonomy":"category","embeddable":true,"href":"https:\/\/www.infokuryr.cz\/n\/wp-json\/wp\/v2\/categories?post=13497"},{"taxonomy":"post_tag","embeddable":true,"href":"https:\/\/www.infokuryr.cz\/n\/wp-json\/wp\/v2\/tags?post=13497"}],"curies":[{"name":"wp","href":"https:\/\/api.w.org\/{rel}","templated":true}]}}