{"id":13496,"date":"2022-08-13T01:00:08","date_gmt":"2022-08-12T23:00:08","guid":{"rendered":"http:\/\/www.infokuryr.cz\/n\/?p=13496"},"modified":"2022-08-12T16:14:52","modified_gmt":"2022-08-12T14:14:52","slug":"francouzska-studie-ukazuje-zvyseny-vyskyt-kardiovaskularnich-prihod-po-ockovani-proti-covidu","status":"publish","type":"post","link":"https:\/\/www.infokuryr.cz\/n\/2022\/08\/13\/francouzska-studie-ukazuje-zvyseny-vyskyt-kardiovaskularnich-prihod-po-ockovani-proti-covidu\/","title":{"rendered":"Francouzsk\u00e1 studie ukazuje zv\u00fd\u0161en\u00fd v\u00fdskyt kardiovaskul\u00e1rn\u00edch p\u0159\u00edhod po o\u010dkov\u00e1n\u00ed proti Covidu"},"content":{"rendered":"<div id=\"fb-root\"><\/div>\n<div class=\"elementor-element elementor-element-1fb4c2c elementor-widget elementor-widget-theme-post-content\" data-id=\"1fb4c2c\" data-element_type=\"widget\" data-widget_type=\"theme-post-content.default\">\n<div class=\"elementor-widget-container\">\n<p><span>Po pod\u00e1n\u00ed mRNA vakc\u00edny Covid-19 byly hl\u00e1\u0161eny p\u0159\u00edpady myokarditidy, zejm\u00e9na u dosp\u00edvaj\u00edc\u00edch.\u00a0V mnoha p\u0159\u00edpadech se jednalo o men\u0161inu pacient\u016f, ale st\u00e1le dost na to, aby vyvolali poplach.\u00a0Nyn\u00ed\u00a0<\/span><a href=\"https:\/\/www.medrxiv.org\/content\/10.1101\/2022.08.01.22278235v1\" target=\"_blank\" rel=\"noreferrer noopener\" data-type=\"URL\" data-id=\"https:\/\/www.medrxiv.org\/content\/10.1101\/2022.08.01.22278235v1\"><span>studie<\/span><\/a><span>\u00a0z Francie nazna\u010duje, \u017ee probl\u00e9m srde\u010dn\u00edch chorob m\u016f\u017ee b\u00fdt roz\u0161\u00ed\u0159en\u011bj\u0161\u00ed po pod\u00e1n\u00ed vakc\u00edny Covid-19.<\/span><\/p>\n<p><span style=\"font-size: 18pt;\"><strong>Francouzsk\u00e1 studie ukazuje na v\u00fdskyt myokarditidy u mlad\u00fdch mu\u017e\u016f<\/strong><\/span><\/p>\n<p><span>Jako autory studie uv\u00e1d\u00ed Thierryho Boudemagheho, Lucase Legera, Antonia Pereze Martina, Careyho M. Suehse a Jeana-Christopha Grise.<\/span><\/p>\n<p><span>Studie dosud nebyla recenzov\u00e1na, a proto by se na ni nem\u011blo spol\u00e9hat jako na d\u016fkaz.<\/span><\/p>\n<p><span>Jednalo se o celost\u00e1tn\u00ed kohortovou studii vyu\u017e\u00edvaj\u00edc\u00ed francouzskou datab\u00e1zi propou\u0161t\u011bn\u00ed z nemocnic mezi 1. lednem a 30. \u0159\u00edjnem 2019, 2020 a 2021. Celkem bylo sledov\u00e1no 919 514 pacient\u016f.\u00a0Zpr\u00e1va uv\u00e1d\u00ed: \u201ePandemie Covid-19 vedla k v\u00e1\u017en\u00e9mu naru\u0161en\u00ed \u010dinnosti nemocnic.\u00a0Kardiovaskul\u00e1rn\u00ed onemocn\u011bn\u00ed p\u0159edstavuj\u00ed ve vysp\u011bl\u00fdch zem\u00edch velkou zdravotn\u00ed z\u00e1t\u011b\u017e a ve Francii jsou na druh\u00e9m m\u00edst\u011b v obsazenosti nemocni\u010dn\u00edch l\u016f\u017eek.\u00a0Vzhledem k mobilizovan\u00fdm zdroj\u016fm a probl\u00e9mu ve\u0159ejn\u00e9ho zdrav\u00ed, kter\u00fd p\u0159edstavuje, je nutn\u00e9 prostudovat dopad pandemie na v\u00fdskyt\u201c.<\/span><\/p>\n<p><span>Studie zji\u0161\u0165uje progresivn\u00ed n\u00e1r\u016fst hospitalizac\u00ed souvisej\u00edc\u00edch s myokarditidou od kv\u011btna do srpna 2020, kter\u00fd op\u011bt kles\u00e1 mezi z\u00e1\u0159\u00edm a \u0159\u00edjnem 2021.\u00a0Myokarditida byla v roce 2021 \u010dast\u011bj\u0161\u00ed u dosp\u00edvaj\u00edc\u00edch mu\u017e\u016f ve v\u011bku 10\u201319 let a mu\u017e\u016f ve v\u011bku 20\u201329 let ne\u017e v roce 2019. V\u00fdsledky studie nazna\u010duj\u00ed, \u017ee n\u00e1r\u016fst p\u0159\u00edpad\u016f myokarditidy je zp\u016fsoben omezen\u00fdm p\u0159\u00edstupem k srde\u010dn\u00ed p\u00e9\u010di v nemocnic\u00edch a ne\u017e\u00e1douc\u00edmi reakcemi vakc\u00edn na sou\u010dasnou nemoc COVID- 19.<\/span><\/p>\n<p><span>V z\u00e1\u0159\u00ed 2021 francouzsk\u00e9 zdravotnick\u00e9 \u00fa\u0159ady varovaly p\u0159ed pou\u017eit\u00edm vakc\u00edny Moderna Covid, proto\u017ee celost\u00e1tn\u00ed studie potvrdila \u201eriziko z\u00e1n\u011btu srdce spojen\u00e9ho s vakc\u00ednami mRNA\u201c. D\u0159\u00edve TrialSite News informovalo, \u017ee vakc\u00edna Moderna byla pozastavena ve \u010dty\u0159ech skandin\u00e1vsk\u00fdch zem\u00edch u dosp\u00edvaj\u00edc\u00edch.\u00a0Stejn\u011b jako v jin\u00fdch zem\u00edch se v\u011bt\u0161ina p\u0159\u00edpad\u016f srde\u010dn\u00edch probl\u00e9m\u016f vyskytla u mlad\u00fdch mu\u017e\u016f.<\/span><\/p>\n<p><span style=\"font-size: 18pt;\"><strong>Obvin\u011bno francouzsk\u00e9 zdravotnictv\u00ed<\/strong><\/span><\/p>\n<p><span>Studie obvi\u0148uje francouzsk\u00fd zdravotn\u00ed syst\u00e9m z n\u00e1r\u016fstu srde\u010dn\u00edch p\u0159\u00edhod.\u00a0\u201eDeficit v p\u00e9\u010di o pacienty s akutn\u00edmi aterotrombotick\u00fdmi projevy v letech 2021 a 2020 ukazuje, \u017ee francouzsk\u00e9 zdravotnictv\u00ed nen\u00ed schopno deficity roku 2020 \u0159e\u0161it.\u00a0Zv\u00fd\u0161en\u00e9 riziko plicn\u00ed embolie nelze vysv\u011btlit ani Covid-19, ani vakc\u00ednou indukovanou imunitn\u00ed trombotickou trombocytopeni\u00ed.<\/span><\/p>\n<p><span>V d\u016fsledku toho auto\u0159i uv\u00e1d\u011bj\u00ed, \u017ee pom\u011br rizika a \u00fa\u010dinnosti do\u010dasn\u00e9 tromboprofylaxe u rizikov\u00fdch jedinc\u016f p\u0159ed o\u010dkov\u00e1n\u00edm vy\u017eaduje dal\u0161\u00ed zkoum\u00e1n\u00ed.\u201c Nen\u00ed pochyb o tom, \u017ee v\u00fdvoj vakc\u00edn Covid pomohl zastavit vlnu pandemie koronaviru.\u00a0Masov\u00e9 o\u010dkov\u00e1n\u00ed proti nov\u011b se objevuj\u00edc\u00ed nemoci by v\u0161ak mohlo m\u00edt v\u00edce d\u016fsledk\u016f ne\u017e jen ub\u00fdvaj\u00edc\u00ed l\u00e9k.<\/span><\/p>\n<\/div>\n<\/div>\n<div class=\"elementor-element elementor-element-8c57238 quelle dc-has-condition dc-condition-empty elementor-widget elementor-widget-heading\" data-id=\"8c57238\" data-element_type=\"widget\" data-widget_type=\"heading.default\">\n<div class=\"elementor-widget-container\">\n<h3 class=\"elementor-heading-title elementor-size-default\"><span style=\"font-size: 8pt;\"><a href=\"https:\/\/www.trialsitenews.com\/a\/french-study-shows-increased-cardiovascular-incidents-during-covid-vaccinations-67278424\" target=\"_blank\" rel=\"nofollow noopener\">ZDROJ<\/a><\/span><\/h3>\n<p>&nbsp;<\/p>\n<\/div>\n<\/div>\n","protected":false},"excerpt":{"rendered":"<p>Po pod\u00e1n\u00ed mRNA vakc\u00edny Covid-19 byly hl\u00e1\u0161eny p\u0159\u00edpady myokarditidy, zejm\u00e9na u dosp\u00edvaj\u00edc\u00edch.\u00a0V mnoha p\u0159\u00edpadech se&#8230;<\/p>\n","protected":false},"author":2,"featured_media":10276,"comment_status":"closed","ping_status":"closed","sticky":false,"template":"","format":"standard","meta":[],"categories":[7],"tags":[1627,694,839,651],"_links":{"self":[{"href":"https:\/\/www.infokuryr.cz\/n\/wp-json\/wp\/v2\/posts\/13496"}],"collection":[{"href":"https:\/\/www.infokuryr.cz\/n\/wp-json\/wp\/v2\/posts"}],"about":[{"href":"https:\/\/www.infokuryr.cz\/n\/wp-json\/wp\/v2\/types\/post"}],"author":[{"embeddable":true,"href":"https:\/\/www.infokuryr.cz\/n\/wp-json\/wp\/v2\/users\/2"}],"replies":[{"embeddable":true,"href":"https:\/\/www.infokuryr.cz\/n\/wp-json\/wp\/v2\/comments?post=13496"}],"version-history":[{"count":0,"href":"https:\/\/www.infokuryr.cz\/n\/wp-json\/wp\/v2\/posts\/13496\/revisions"}],"wp:featuredmedia":[{"embeddable":true,"href":"https:\/\/www.infokuryr.cz\/n\/wp-json\/wp\/v2\/media\/10276"}],"wp:attachment":[{"href":"https:\/\/www.infokuryr.cz\/n\/wp-json\/wp\/v2\/media?parent=13496"}],"wp:term":[{"taxonomy":"category","embeddable":true,"href":"https:\/\/www.infokuryr.cz\/n\/wp-json\/wp\/v2\/categories?post=13496"},{"taxonomy":"post_tag","embeddable":true,"href":"https:\/\/www.infokuryr.cz\/n\/wp-json\/wp\/v2\/tags?post=13496"}],"curies":[{"name":"wp","href":"https:\/\/api.w.org\/{rel}","templated":true}]}}