{"id":13495,"date":"2022-08-12T13:26:09","date_gmt":"2022-08-12T11:26:09","guid":{"rendered":"http:\/\/www.infokuryr.cz\/n\/?p=13495"},"modified":"2022-08-12T13:26:09","modified_gmt":"2022-08-12T11:26:09","slug":"ukrajinska-armada-ztratila-v-bojich-u-soledaru-vice-nez-dva-tisice-lidi","status":"publish","type":"post","link":"https:\/\/www.infokuryr.cz\/n\/2022\/08\/12\/ukrajinska-armada-ztratila-v-bojich-u-soledaru-vice-nez-dva-tisice-lidi\/","title":{"rendered":"Ukrajinsk\u00e1 arm\u00e1da ztratila v boj\u00edch u Soledaru v\u00edce ne\u017e dva tis\u00edce lid\u00ed"},"content":{"rendered":"<div id=\"fb-root\"><\/div>\n<p><span style=\"font-size: 18pt;\"><strong>Rusk\u00e9 ministerstvo obrany: 14. brig\u00e1da ozbrojen\u00fdch sil Ukrajiny ztratila u Soledaru v\u00edce ne\u017e dva tis\u00edce voj\u00e1k\u016f<\/strong><\/span><\/p>\n<p>Ukrajinsk\u00e1 arm\u00e1da ztratila v boj\u00edch u Soledaru v\u00edce ne\u017e dva tis\u00edce lid\u00ed, uvedlo rusk\u00e9 ministerstvo obrany.<\/p>\n<p>&#8222;V d\u016fsledku \u00fato\u010dn\u00fdch akc\u00ed spojeneck\u00fdch sil v oblasti\u00a0<a href=\"https:\/\/ria.ru\/location_Soledar\/\">Soledar<\/a>\u00a0dos\u00e1hly ztr\u00e1ty 14. mechanizovan\u00e9 brig\u00e1dy\u00a0<a href=\"https:\/\/ria.ru\/organization_Vooruzhennye_sily_Ukrainy\/\">ozbrojen\u00fdch sil<\/a>\u00a0Ukrajiny v\u00edce ne\u017e dva tis\u00edce lid\u00ed,&#8220; uvedl \u00fatvar.<\/p>\n<p>Velen\u00ed st\u00e1hlo zb\u00fdvaj\u00edc\u00ed st\u00edha\u010de brig\u00e1dy do t\u00fdlov\u00fdch prostor.<\/p>\n<p>P\u0159edt\u00edm p\u0159edstavitel Lidov\u00fdch milic\u00ed LPR Andrey Marochko \u0159ekl, \u017ee jednotky republik Donbasu spolu s ruskou arm\u00e1dou vstoupily do Artemovska ze severov\u00fdchodu a tak\u00e9 se t\u00e9m\u011b\u0159 dostaly do centra Soledaru.\u00a0Na jihov\u00fdchod\u011b m\u011bsta ji\u017e s\u00edly LPR obsadily \u00fazem\u00ed z\u00e1vodu KNAUF-Gypsum.<\/p>\n<p><a href=\"https:\/\/ria.ru\/location_rossiyskaya-federatsiya\/\">Rusko prov\u00e1d\u00ed vojenskou operaci na <\/a><a href=\"https:\/\/ria.ru\/location_Ukraine\/\">Ukrajin\u011b<\/a>\u00a0od 24. \u00fanora\u00a0.\u00a0Podle\u00a0<a href=\"https:\/\/ria.ru\/person_Vladimir_Putin\/\">Vladimira Putina<\/a>\u00a0je jej\u00edm c\u00edlem \u201echr\u00e1nit lidi, kte\u0159\u00ed byli osm let vystaveni \u0161ikan\u011b a genocid\u011b ze strany kyjevsk\u00e9ho re\u017eimu\u201c.<\/p>\n<p>Rusk\u00e1 arm\u00e1da spolu se silami DPR a LPR zcela ovl\u00e1d\u00e1 \u00fazem\u00ed Lugansk\u00e9 lidov\u00e9 republiky a obsadila v\u00fdznamnou \u010d\u00e1st Don\u011bcka.<\/p>\n<p><img decoding=\"async\" loading=\"lazy\" class=\"alignnone size-full wp-image-1185\" src=\"http:\/\/www.infokuryr.cz\/n\/wp-content\/uploads\/2021\/04\/kuryr-podpis.png\" alt=\"\" width=\"84\" height=\"24\" \/><\/p>\n<p>&nbsp;<\/p>\n","protected":false},"excerpt":{"rendered":"<p>Rusk\u00e9 ministerstvo obrany: 14. brig\u00e1da ozbrojen\u00fdch sil Ukrajiny ztratila u Soledaru v\u00edce ne\u017e dva tis\u00edce&#8230;<\/p>\n","protected":false},"author":2,"featured_media":10915,"comment_status":"closed","ping_status":"closed","sticky":false,"template":"","format":"standard","meta":[],"categories":[7],"tags":[26,40,321,3034],"_links":{"self":[{"href":"https:\/\/www.infokuryr.cz\/n\/wp-json\/wp\/v2\/posts\/13495"}],"collection":[{"href":"https:\/\/www.infokuryr.cz\/n\/wp-json\/wp\/v2\/posts"}],"about":[{"href":"https:\/\/www.infokuryr.cz\/n\/wp-json\/wp\/v2\/types\/post"}],"author":[{"embeddable":true,"href":"https:\/\/www.infokuryr.cz\/n\/wp-json\/wp\/v2\/users\/2"}],"replies":[{"embeddable":true,"href":"https:\/\/www.infokuryr.cz\/n\/wp-json\/wp\/v2\/comments?post=13495"}],"version-history":[{"count":0,"href":"https:\/\/www.infokuryr.cz\/n\/wp-json\/wp\/v2\/posts\/13495\/revisions"}],"wp:featuredmedia":[{"embeddable":true,"href":"https:\/\/www.infokuryr.cz\/n\/wp-json\/wp\/v2\/media\/10915"}],"wp:attachment":[{"href":"https:\/\/www.infokuryr.cz\/n\/wp-json\/wp\/v2\/media?parent=13495"}],"wp:term":[{"taxonomy":"category","embeddable":true,"href":"https:\/\/www.infokuryr.cz\/n\/wp-json\/wp\/v2\/categories?post=13495"},{"taxonomy":"post_tag","embeddable":true,"href":"https:\/\/www.infokuryr.cz\/n\/wp-json\/wp\/v2\/tags?post=13495"}],"curies":[{"name":"wp","href":"https:\/\/api.w.org\/{rel}","templated":true}]}}