{"id":13492,"date":"2022-08-12T13:15:49","date_gmt":"2022-08-12T11:15:49","guid":{"rendered":"http:\/\/www.infokuryr.cz\/n\/?p=13492"},"modified":"2022-08-12T13:15:49","modified_gmt":"2022-08-12T11:15:49","slug":"schroder-podal-zalobu-na-bundestag","status":"publish","type":"post","link":"https:\/\/www.infokuryr.cz\/n\/2022\/08\/12\/schroder-podal-zalobu-na-bundestag\/","title":{"rendered":"Schr\u00f6der podal \u017ealobu na Bundestag"},"content":{"rendered":"<div id=\"fb-root\"><\/div>\n<div>\n<p><strong>B\u00fdval\u00fd n\u011bmeck\u00fd kancl\u00e9\u0159 Gerhard Schroeder se rozhodl odvolat proti rozhodnut\u00ed Spolkov\u00e9ho sn\u011bmu o zbaven\u00ed finan\u010dn\u00edch prost\u0159edk\u016f na \u00fadr\u017ebu jeho vlastn\u00edho \u00fa\u0159adu, uv\u00e1d\u00ed Das Erste.\u00a0Podle Schroederova pr\u00e1vn\u00edka nem\u011bl tento krok ze strany Bundestagu \u017e\u00e1dn\u00fd pr\u00e1vn\u00ed z\u00e1klad.<\/strong><\/p>\n<p>B\u00fdval\u00fd n\u011bmeck\u00fd kancl\u00e9\u0159 Gerhard Schroeder podal \u017ealobu na Bundestag u berl\u00ednsk\u00e9ho spr\u00e1vn\u00edho soudu, uv\u00e1d\u00ed Das Erste.\u00a0V \u017ealob\u011b Schroeder po\u017eaduje, aby mu byl vr\u00e1cen p\u0159\u00edstup do jeho kancel\u00e1\u0159e.<\/p>\n<p>Politik\u016fv pr\u00e1vn\u00edk Michael Nagel uvedl, \u017ee rozhodnut\u00ed rozpo\u010dtov\u00e9ho v\u00fdboru Bundestagu zbavit Schroedera prost\u0159edky na \u00fadr\u017ebu jeho \u00fa\u0159adu nen\u00ed leg\u00e1ln\u00ed.\u00a0Jak poznamenal Nagel, v\u00fdbor uvedl, \u017ee b\u00fdval\u00fd kancl\u00e9\u0159 p\u0159estal br\u00e1t sv\u00e9 \u201edlouhodob\u00e9 pracovn\u00ed povinnosti\u201c v\u00e1\u017en\u011b, ale nebylo poskytnuto \u017e\u00e1dn\u00e9 konkr\u00e9tn\u00ed vysv\u011btlen\u00ed t\u011bchto povinnost\u00ed.<\/p>\n<p>Das Erste p\u0159ipom\u00edn\u00e1, \u017ee v N\u011bmecku je Schr\u00f6der vystaven t\u011b\u017ek\u00e9 kritice za sv\u00e9 vazby s Ruskem.\u00a0Rozpo\u010dtov\u00fd v\u00fdbor Bundestagu v\u0161ak zbaven\u00ed \u010d\u00e1sti exkancl\u00e9\u0159sk\u00fdch privilegi\u00ed Schr\u00f6derovi nespojoval s jeho prac\u00ed pro rusk\u00e9 energetick\u00e9 spole\u010dnosti ani s jeho postojem k ukrajinsk\u00e9 krizi.<\/p>\n<p>Podle publikace st\u00e1la \u00fadr\u017eba Schroederovy kancel\u00e1\u0159e v roce 2021 n\u011bmeck\u00fd rozpo\u010det 400 000 eur.\u00a0Sou\u010dasn\u011b bude Schroeder i nad\u00e1le dost\u00e1vat m\u011bs\u00ed\u010dn\u00ed platbu ve v\u00fd\u0161i 8 300 EUR, kter\u00e1 n\u00e1le\u017e\u00ed v\u0161em b\u00fdval\u00fdm kancl\u00e9\u0159\u016fm.<\/p>\n<p>\u0158ada Schroederov\u00fdch spolustran\u00edk\u016f z SPD p\u0159itom po\u017eaduje vylou\u010den\u00ed exkancl\u00e9\u0159e ze strany, p\u00ed\u0161e Das Erste. Jako d\u016fvod uv\u00e1d\u011bj\u00ed pr\u00e1ci pro rusk\u00e9 energetick\u00e9 spole\u010dnosti a tak\u00e9 distancov\u00e1n\u00ed se od rusk\u00fdch krok\u016f b\u011bhem ukrajinsk\u00e9 krize.<\/p>\n<p><span id=\"span-copy\"><br \/>\n<img decoding=\"async\" loading=\"lazy\" class=\"alignnone size-full wp-image-1185\" src=\"http:\/\/www.infokuryr.cz\/n\/wp-content\/uploads\/2021\/04\/kuryr-podpis.png\" alt=\"\" width=\"84\" height=\"24\" \/><br \/>\n<\/span><\/div>\n<p><span id=\"span-copy\">\u00a0<\/span><\/p>\n<p>&nbsp;<\/p>\n","protected":false},"excerpt":{"rendered":"<p>B\u00fdval\u00fd n\u011bmeck\u00fd kancl\u00e9\u0159 Gerhard Schroeder se rozhodl odvolat proti rozhodnut\u00ed Spolkov\u00e9ho sn\u011bmu o zbaven\u00ed finan\u010dn\u00edch&#8230;<\/p>\n","protected":false},"author":2,"featured_media":13494,"comment_status":"closed","ping_status":"closed","sticky":false,"template":"","format":"standard","meta":[],"categories":[7],"tags":[3033,84,422],"_links":{"self":[{"href":"https:\/\/www.infokuryr.cz\/n\/wp-json\/wp\/v2\/posts\/13492"}],"collection":[{"href":"https:\/\/www.infokuryr.cz\/n\/wp-json\/wp\/v2\/posts"}],"about":[{"href":"https:\/\/www.infokuryr.cz\/n\/wp-json\/wp\/v2\/types\/post"}],"author":[{"embeddable":true,"href":"https:\/\/www.infokuryr.cz\/n\/wp-json\/wp\/v2\/users\/2"}],"replies":[{"embeddable":true,"href":"https:\/\/www.infokuryr.cz\/n\/wp-json\/wp\/v2\/comments?post=13492"}],"version-history":[{"count":0,"href":"https:\/\/www.infokuryr.cz\/n\/wp-json\/wp\/v2\/posts\/13492\/revisions"}],"wp:featuredmedia":[{"embeddable":true,"href":"https:\/\/www.infokuryr.cz\/n\/wp-json\/wp\/v2\/media\/13494"}],"wp:attachment":[{"href":"https:\/\/www.infokuryr.cz\/n\/wp-json\/wp\/v2\/media?parent=13492"}],"wp:term":[{"taxonomy":"category","embeddable":true,"href":"https:\/\/www.infokuryr.cz\/n\/wp-json\/wp\/v2\/categories?post=13492"},{"taxonomy":"post_tag","embeddable":true,"href":"https:\/\/www.infokuryr.cz\/n\/wp-json\/wp\/v2\/tags?post=13492"}],"curies":[{"name":"wp","href":"https:\/\/api.w.org\/{rel}","templated":true}]}}