{"id":13490,"date":"2022-08-12T11:41:20","date_gmt":"2022-08-12T09:41:20","guid":{"rendered":"http:\/\/www.infokuryr.cz\/n\/?p=13490"},"modified":"2022-08-12T11:41:20","modified_gmt":"2022-08-12T09:41:20","slug":"vse-je-naplanovano-tak-rekl-byvaly-britsky-premier-gordon-brown-v-roce-2015-o-velkem-resetu","status":"publish","type":"post","link":"https:\/\/www.infokuryr.cz\/n\/2022\/08\/12\/vse-je-naplanovano-tak-rekl-byvaly-britsky-premier-gordon-brown-v-roce-2015-o-velkem-resetu\/","title":{"rendered":"V\u0161e je napl\u00e1nov\u00e1no: Tak \u0159ekl b\u00fdval\u00fd britsk\u00fd premi\u00e9r Gordon Brown v roce 2015 o Velk\u00e9m resetu"},"content":{"rendered":"<div id=\"fb-root\"><\/div>\n<p><span>Na konci roku 2015 b\u00fdval\u00fd britsk\u00fd\u00a0<\/span><a href=\"https:\/\/www.weforum.org\/agenda\/authors\/gordonbrown\" target=\"_blank\" rel=\"noreferrer noopener\" data-type=\"URL\" data-id=\"https:\/\/www.weforum.org\/agenda\/authors\/gordonbrown\"><span>premi\u00e9r Gordon Brown<\/span><\/a><span>\u00a0prohl\u00e1sil, \u017ee t\u00e9matem Davosu bude \u010dtvrt\u00e1 pr\u016fmyslov\u00e1 revoluce.<\/span><\/p>\n<p><span>Tato v\u0161e pohlcuj\u00edc\u00ed revoluce prob\u011bhne 1000kr\u00e1t rychleji ne\u017e prvn\u00ed pr\u016fmyslov\u00e1 revoluce a ovlivn\u00ed v\u0161echny slu\u017eby, v\u0161echny produkty, v\u0161echny zem\u011b, v\u0161echna pr\u016fmyslov\u00e1 odv\u011btv\u00ed a v\u0161echny lidi, \u0159ekl Brown na kameru.<\/span><\/p>\n<p><span>Revoluce povede ke zni\u010den\u00ed pracovn\u00edch m\u00edst, tak\u017ee mus\u00edme p\u0159em\u00fd\u0161let o pracovn\u00edch m\u00edstech budoucnosti a o tom, jak je vytvo\u0159it.\u00a0Zm\u011bn\u00ed to, jak poskytujeme slu\u017eby a jak funguj\u00ed vl\u00e1dy, \u0159ekl Brown.<\/span><\/p>\n<p><span>&#8222;To v\u0161e uvedl Klaus Schwab ve sv\u00e9m projevu v Ab\u00fa Dhab\u00ed na summitu Rady pro agendu,&#8220; \u0159ekl expremi\u00e9r.\u00a0Tento summit po\u0159\u00e1d\u00e1 Sv\u011btov\u00e9 ekonomick\u00e9 f\u00f3rum ve spolupr\u00e1ci se Spojen\u00fdmi arabsk\u00fdmi emir\u00e1ty.<\/span><\/p>\n<div class=\"twitter-tweet twitter-tweet-rendered\"><iframe id=\"twitter-widget-0\" class=\"\" title=\"Twitter tweet\" src=\"https:\/\/platform.twitter.com\/embed\/Tweet.html?creatorScreenName=uncutnewsCH&amp;dnt=false&amp;embedId=twitter-widget-0&amp;features=eyJ0ZndfdHdlZXRfZWRpdF9iYWNrZW5kIjp7ImJ1Y2tldCI6Im9uIiwidmVyc2lvbiI6bnVsbH0sInRmd19yZWZzcmNfc2Vzc2lvbiI6eyJidWNrZXQiOiJvbiIsInZlcnNpb24iOm51bGx9LCJ0ZndfdHdlZXRfcmVzdWx0X21pZ3JhdGlvbl8xMzk3OSI6eyJidWNrZXQiOiJ0d2VldF9yZXN1bHQiLCJ2ZXJzaW9uIjpudWxsfSwidGZ3X3NlbnNpdGl2ZV9tZWRpYV9pbnRlcnN0aXRpYWxfMTM5NjMiOnsiYnVja2V0IjoiaW50ZXJzdGl0aWFsIiwidmVyc2lvbiI6bnVsbH0sInRmd19leHBlcmltZW50c19jb29raWVfZXhwaXJhdGlvbiI6eyJidWNrZXQiOjEyMDk2MDAsInZlcnNpb24iOm51bGx9LCJ0ZndfZHVwbGljYXRlX3NjcmliZXNfdG9fc2V0dGluZ3MiOnsiYnVja2V0Ijoib2ZmIiwidmVyc2lvbiI6bnVsbH0sInRmd190d2VldF9lZGl0X2Zyb250ZW5kIjp7ImJ1Y2tldCI6Im9mZiIsInZlcnNpb24iOm51bGx9fQ%3D%3D&amp;frame=false&amp;hideCard=false&amp;hideThread=false&amp;id=1556659772270825472&amp;lang=de&amp;origin=https%3A%2F%2Funcutnews.ch%2Fes-ist-alles-geplant-so-der-ehemalige-premierminister-gordon-brown-im-2015-ueber-den-grossen-reset%2F&amp;sessionId=8062d72dc56378386522106ce5129b137d832c6f&amp;theme=light&amp;widgetsVersion=b7df0f50e1ec1%3A1659558317797&amp;width=550px\" frameborder=\"0\" scrolling=\"no\" allowfullscreen=\"allowfullscreen\" data-tweet-id=\"1556659772270825472\" data-mce-fragment=\"1\"><\/iframe><\/div>\n<p><span>S\u00e1m Schwab \u0159ekl, \u017ee \u010dtvrt\u00e1 pr\u016fmyslov\u00e1 revoluce \u201eovlivn\u00ed ka\u017ed\u00fd aspekt na\u0161eho \u017eivota\u201c.\u00a0Zm\u011bn\u00ed nejen zp\u016fsob, jak\u00fdm komunikujeme, jak vyr\u00e1b\u00edme a jak konzumujeme, ale podle Schwaba tak\u00e9 na\u0161i vlastn\u00ed identitu.<\/span><\/p>\n<p><span>Tato revoluce na n\u00e1s p\u0159ijde s \u201edechberouc\u00ed rychlost\u00ed\u201c, \u0159ekl Schwab, kter\u00fd dokonce mluvil o \u201etsunami\u201c.\u00a0Dojde nejen k digit\u00e1ln\u00ed revoluci, ale tak\u00e9 k fyzik\u00e1ln\u00ed \u2013 nanotechnologick\u00e9 \u2013 a biologick\u00e9 revoluci.<\/span><\/p>\n<p><img decoding=\"async\" loading=\"lazy\" class=\"alignnone size-full wp-image-1185\" src=\"http:\/\/www.infokuryr.cz\/n\/wp-content\/uploads\/2021\/04\/kuryr-podpis.png\" alt=\"\" width=\"84\" height=\"24\" \/><\/p>\n<p>&nbsp;<\/p>\n","protected":false},"excerpt":{"rendered":"<p>Na konci roku 2015 b\u00fdval\u00fd britsk\u00fd\u00a0premi\u00e9r Gordon Brown\u00a0prohl\u00e1sil, \u017ee t\u00e9matem Davosu bude \u010dtvrt\u00e1 pr\u016fmyslov\u00e1 revoluce&#8230;.<\/p>\n","protected":false},"author":2,"featured_media":13491,"comment_status":"closed","ping_status":"closed","sticky":false,"template":"","format":"standard","meta":[],"categories":[7],"tags":[3032,291,48,235],"_links":{"self":[{"href":"https:\/\/www.infokuryr.cz\/n\/wp-json\/wp\/v2\/posts\/13490"}],"collection":[{"href":"https:\/\/www.infokuryr.cz\/n\/wp-json\/wp\/v2\/posts"}],"about":[{"href":"https:\/\/www.infokuryr.cz\/n\/wp-json\/wp\/v2\/types\/post"}],"author":[{"embeddable":true,"href":"https:\/\/www.infokuryr.cz\/n\/wp-json\/wp\/v2\/users\/2"}],"replies":[{"embeddable":true,"href":"https:\/\/www.infokuryr.cz\/n\/wp-json\/wp\/v2\/comments?post=13490"}],"version-history":[{"count":0,"href":"https:\/\/www.infokuryr.cz\/n\/wp-json\/wp\/v2\/posts\/13490\/revisions"}],"wp:featuredmedia":[{"embeddable":true,"href":"https:\/\/www.infokuryr.cz\/n\/wp-json\/wp\/v2\/media\/13491"}],"wp:attachment":[{"href":"https:\/\/www.infokuryr.cz\/n\/wp-json\/wp\/v2\/media?parent=13490"}],"wp:term":[{"taxonomy":"category","embeddable":true,"href":"https:\/\/www.infokuryr.cz\/n\/wp-json\/wp\/v2\/categories?post=13490"},{"taxonomy":"post_tag","embeddable":true,"href":"https:\/\/www.infokuryr.cz\/n\/wp-json\/wp\/v2\/tags?post=13490"}],"curies":[{"name":"wp","href":"https:\/\/api.w.org\/{rel}","templated":true}]}}