{"id":13460,"date":"2022-08-12T01:04:03","date_gmt":"2022-08-11T23:04:03","guid":{"rendered":"http:\/\/www.infokuryr.cz\/n\/?p=13460"},"modified":"2022-08-11T20:15:55","modified_gmt":"2022-08-11T18:15:55","slug":"erik-best-trvaly-nevalecny-stav","status":"publish","type":"post","link":"https:\/\/www.infokuryr.cz\/n\/2022\/08\/12\/erik-best-trvaly-nevalecny-stav\/","title":{"rendered":"Erik Best: Trval\u00fd nev\u00e1le\u010dn\u00fd stav"},"content":{"rendered":"<div id=\"fb-root\"><\/div>\n<p>\u010ce\u0161i nejsou ve v\u00e1lce, ale ministr financ\u00ed Zbyn\u011bk Stanjura pl\u00e1nuje zav\u00e9st v\u00e1le\u010dnou da\u0148. Bude\u00a0<a href=\"https:\/\/www.fsfinalword.cz\/?page=archive&amp;show=1&amp;day=2022-7-18\" target=\"_blank\" rel=\"noopener\">\u201ebrut\u00e1ln\u00ed\u201c<\/a>\u00a0a\u00a0bude se t\u00fdkat \u010cEZu, pokud v\u016fbec n\u011bkoho, ale Stanjura v\u00a0p\u0159\u00ed\u0161t\u00edm roce jaksi st\u00e1le o\u010dek\u00e1v\u00e1 rekordn\u00ed p\u0159\u00edjmy z\u00a0dividend t\u00e9to energetick\u00e9 spole\u010dnosti. \u010ce\u0161i maj\u00ed \u0161et\u0159it elekt\u0159inou, zemn\u00edm plynem a\u00a0pohonn\u00fdmi hmotami, k\u00a0\u010demu\u017e je dost mo\u017en\u00e1 brzy\u00a0<a href=\"https:\/\/www.fsfinalword.cz\/?page=archive&amp;show=1&amp;day=2022-8-10\" target=\"_blank\" rel=\"noopener\">donut\u00ed EU<\/a>, le\u010d rusk\u00fd dikt\u00e1tor Vladimir Putin d\u00e1le eskaluje\u00a0<a href=\"https:\/\/www.mpo.cz\/cz\/rozcestnik\/pro-media\/tiskove-zpravy\/v-pripade-nouze-bude-mozne-v-budovach-vytapet-na-nizsi-teploty--navrhuje-mpo--cilem-jsou-uspory-plynu--269110\/\" target=\"_blank\" rel=\"noopener\">energetickou v\u00e1lku proti Evrop\u011b<\/a>, ale premi\u00e9r Petr Fiala vyrazil do Chorvatska na palivo \u017eerouc\u00ed dovolenou. \u010ce\u0161i nejsou ve v\u00e1lce, ale lid\u00e9 jsou zat\u00fdk\u00e1ni a\u00a0pos\u00edl\u00e1ni do vazby za projevy stran\u00edc\u00ed nep\u0159\u00edteli, kter\u00fd nen\u00ed. \u010ce\u0161i nejsou ve v\u00e1lce, ale v\u00a0dom\u00e1cnostech brzy za\u010dnou platit\u00a0<a href=\"https:\/\/www.mpo.cz\/cz\/rozcestnik\/pro-media\/tiskove-zpravy\/v-pripade-nouze-bude-mozne-v-budovach-vytapet-na-nizsi-teploty--navrhuje-mpo--cilem-jsou-uspory-plynu--269110\/\" target=\"_blank\" rel=\"noopener\">maxim\u00e1ln\u00ed teploty<\/a>, co\u017e vyvol\u00e1 pot\u0159ebu kontroln\u00edch hl\u00eddek prov\u011b\u0159uj\u00edc\u00edch ud\u00e1n\u00ed od soused\u016f, kte\u0159\u00ed p\u0159es pr\u00e1h poc\u00edt\u00ed z\u00e1van tepla. \u010ce\u0161i nejsou ve v\u00e1lce a\u00a0u\u017e ani p\u0159\u00edli\u0161 nepom\u00e1haj\u00ed Ukrajin\u011b s\u00a0tou jej\u00ed, ale za\u010d\u00ednaj\u00ed u\u017e ch\u00e1pat, jak zvl\u00e1\u0161tn\u00ed m\u016f\u017ee b\u00fdt trval\u00fd stav nev\u00e1le\u010dn\u00fd.<\/p>\n<p><a href=\"https:\/\/www.fsfinalword.cz\/?page=archive&amp;day=2022-08-11&amp;utm_source=utm_source%3Dnewsletter&amp;utm_medium=utm_medium%3De-mail&amp;utm_campaign=utm_campaign%3Dfinal_word_11.8.2022\">Erik Best<\/a><\/p>\n<p><img decoding=\"async\" loading=\"lazy\" class=\"alignnone  wp-image-1179\" src=\"http:\/\/www.infokuryr.cz\/n\/wp-content\/uploads\/2021\/04\/erik-best.jpg\" alt=\"\" width=\"140\" height=\"158\" \/><\/p>\n<p>&nbsp;<\/p>\n","protected":false},"excerpt":{"rendered":"<p>\u010ce\u0161i nejsou ve v\u00e1lce, ale ministr financ\u00ed Zbyn\u011bk Stanjura pl\u00e1nuje zav\u00e9st v\u00e1le\u010dnou da\u0148. Bude\u00a0\u201ebrut\u00e1ln\u00ed\u201c\u00a0a\u00a0bude se&#8230;<\/p>\n","protected":false},"author":2,"featured_media":9167,"comment_status":"closed","ping_status":"closed","sticky":false,"template":"","format":"standard","meta":[],"categories":[6],"tags":[3025,1497,371,3026,40],"_links":{"self":[{"href":"https:\/\/www.infokuryr.cz\/n\/wp-json\/wp\/v2\/posts\/13460"}],"collection":[{"href":"https:\/\/www.infokuryr.cz\/n\/wp-json\/wp\/v2\/posts"}],"about":[{"href":"https:\/\/www.infokuryr.cz\/n\/wp-json\/wp\/v2\/types\/post"}],"author":[{"embeddable":true,"href":"https:\/\/www.infokuryr.cz\/n\/wp-json\/wp\/v2\/users\/2"}],"replies":[{"embeddable":true,"href":"https:\/\/www.infokuryr.cz\/n\/wp-json\/wp\/v2\/comments?post=13460"}],"version-history":[{"count":0,"href":"https:\/\/www.infokuryr.cz\/n\/wp-json\/wp\/v2\/posts\/13460\/revisions"}],"wp:featuredmedia":[{"embeddable":true,"href":"https:\/\/www.infokuryr.cz\/n\/wp-json\/wp\/v2\/media\/9167"}],"wp:attachment":[{"href":"https:\/\/www.infokuryr.cz\/n\/wp-json\/wp\/v2\/media?parent=13460"}],"wp:term":[{"taxonomy":"category","embeddable":true,"href":"https:\/\/www.infokuryr.cz\/n\/wp-json\/wp\/v2\/categories?post=13460"},{"taxonomy":"post_tag","embeddable":true,"href":"https:\/\/www.infokuryr.cz\/n\/wp-json\/wp\/v2\/tags?post=13460"}],"curies":[{"name":"wp","href":"https:\/\/api.w.org\/{rel}","templated":true}]}}