{"id":13457,"date":"2022-08-12T01:44:38","date_gmt":"2022-08-11T23:44:38","guid":{"rendered":"http:\/\/www.infokuryr.cz\/n\/?p=13457"},"modified":"2022-08-11T20:04:13","modified_gmt":"2022-08-11T18:04:13","slug":"sekani-travy-v-gaze-izrael-vrah-deti-izrael","status":"publish","type":"post","link":"https:\/\/www.infokuryr.cz\/n\/2022\/08\/12\/sekani-travy-v-gaze-izrael-vrah-deti-izrael\/","title":{"rendered":"Sek\u00e1n\u00ed tr\u00e1vy v Gaze \u2013 Izrael vrah d\u011bt\u00ed"},"content":{"rendered":"<div id=\"fb-root\"><\/div>\n<p>Nyn\u00ed nastal op\u011bt \u010das&#8230; P\u00e1smo Gazy, kontrolovan\u00e9 a uzav\u0159en\u00e9 Izraelem, bylo znovu bombardov\u00e1no.\u00a0A tyto opakovan\u00e9 vra\u017ed\u00edc\u00ed \u0159\u00e1d\u011bn\u00ed ozna\u010duje izraelsk\u00e1 arm\u00e1da jako \u201esek\u00e1n\u00ed tr\u00e1vy v Gaze\u201c.\u00a0Pro tyto nelidsk\u00e9 strat\u00e9gy jsou tedy obyvatel\u00e9 Gazy jen sou\u010d\u00e1st\u00ed \u201etr\u00e1vn\u00edku\u201c bez tv\u00e1\u0159e bezejmenn\u00fdch Palestinc\u016f, kte\u0159\u00ed jsou tak b\u011b\u017en\u011b bombardov\u00e1ni, aby se pod\u0159\u00eddili. (1) Byl nez\u00e1konn\u00fd \u201epreventivn\u00ed \u00fader\u201c \u201eOperace Breaking Dawn\u201c proti Isl\u00e1msk\u00e9mu d\u017eih\u00e1du (PIJ), v rozporu s izraelsk\u00fdmi po\u017eadavky zabr\u00e1nit \u201e\u00fatoku\u201c, jen nemilosrdn\u00fdm p\u0159edvolebn\u00edm p\u0159evratem?\u00a0Je docela mo\u017en\u00e9, \u017ee se ministr v\u00e1lky Benny Gantz a prozat\u00edmn\u00ed premi\u00e9r Yair Lapid pokus\u00ed jeden druh\u00e9ho p\u0159ekonat jako v\u00e1le\u010dn\u00edci a siln\u00ed v\u016fdci,<\/p>\n<p><em>\u201eOd roku 2008 vedl Izrael na palestinsk\u00fdch \u00fazem\u00edch \u010dty\u0159i v\u00e1lky, p\u0159i nich\u017e zahynulo t\u00e9m\u011b\u0159 4 000 lid\u00ed \u2013 \u010dtvrtina z nich jsou d\u011bti.\u00a0Podle organizace Defense for Children International bylo od roku 2000 \u2013 od za\u010d\u00e1tku druh\u00e9 intif\u00e1dy \u2013 na okupovan\u00fdch palestinsk\u00fdch \u00fazem\u00edch izraelskou arm\u00e1dou a izraelsk\u00fdmi osadn\u00edky zabito nejm\u00e9n\u011b 2200 d\u011bt\u00ed.\u00a0Zde jsou jm\u00e9na a tv\u00e1\u0159e 16 d\u011bt\u00ed mlad\u0161\u00edch 18 let zabit\u00fdch izraelsk\u00fdmi n\u00e1lety v posledn\u00edch t\u0159ech dnech: Jamil Najm al-Deen Naijm (4), Alaa Abdullah Riyad Qaddoum (5), Momen al-Nairab (5) , Haneen Abu Qaeda (8), Hazem Salem (9), Ahmad al-Nairab (11), Jamil Ihab Najim (13), Muhammad Yasser Nimr al-Nabahin (13), Dalia Yasser Nimr al-Nabaheen (13), Mohammed Hassouna (14), Hamed Haider Najim (16), Nazmi Fayez Abu Karsh (16),<a href=\"https:\/\/www.aljazeera.com\/news\/2022\/8\/8\/the-names-and-faces-of-the-15-children-killed-in-gaza\">aljazeera.com<\/a>\u00a0\u2013\u00a0<a class=\"responsive_lightbox\" href=\"http:\/\/www.nrhz.de\/flyer\/media\/28196\/bild.jpg\">Klikn\u011bte zde pro zv\u011bt\u0161en\u00ed<\/a><\/em><\/p>\n<p>&nbsp;<\/p>\n<p><img decoding=\"async\" loading=\"lazy\" class=\"wp-image-79706 aligncenter\" src=\"https:\/\/i0.wp.com\/sicht-vom-hochblauen.de\/wp-content\/uploads\/2022\/08\/kindermoerder-2Interactive_Gaza_ChildrenKilled_Aug9_WITH-HANEEN_2022-01.jpg?resize=300%2C300\" sizes=\"(max-width: 300px) 100vw, 300px\" srcset=\"https:\/\/i0.wp.com\/sicht-vom-hochblauen.de\/wp-content\/uploads\/2022\/08\/kindermoerder-2Interactive_Gaza_ChildrenKilled_Aug9_WITH-HANEEN_2022-01.jpg?resize=300%2C300 300w, https:\/\/i0.wp.com\/sicht-vom-hochblauen.de\/wp-content\/uploads\/2022\/08\/kindermoerder-2Interactive_Gaza_ChildrenKilled_Aug9_WITH-HANEEN_2022-01.jpg?resize=768%2C768 768w, https:\/\/i0.wp.com\/sicht-vom-hochblauen.de\/wp-content\/uploads\/2022\/08\/kindermoerder-2Interactive_Gaza_ChildrenKilled_Aug9_WITH-HANEEN_2022-01.jpg?w=770 770w\" alt=\"\" width=\"545\" height=\"545\" \/><\/p>\n<p>&nbsp;<\/p>\n<p><span style=\"font-size: 18pt;\"><strong>Bezohledn\u00e9 zab\u00edjen\u00ed civilist\u016f, d\u011bt\u00ed a \u017een<\/strong><\/span><\/p>\n<p>Zku\u0161en\u00fd analytik a publicista Meron Rapoport to \u0159ekl na rovinu: \u201eZ\u00e1kladem je, \u017ee Izrael pot\u00e9, co se \u00fadajn\u011b sna\u017eil zabr\u00e1nit \u00fatok\u016fm PIJ, nyn\u00ed dost\u00e1v\u00e1 rakety, tyto raketov\u00e9 \u00fatoky, ke kter\u00fdm by samoz\u0159ejm\u011b nedo\u0161lo, kdyby Izrael neza\u00fato\u010dil jako prvn\u00ed.\u00a0(MEE)<\/p>\n<p>Ned\u00e1vn\u00e1 agrese Izraele v Gaze ukazuje, jak bezohledn\u011b Lapid, Gentz \u200b\u200b\u200b\u200ba spol. d\u011blaj\u00ed v\u0161e, co mohou, aby z\u016fstali u moci. Nevyh\u00fdbaj\u00ed se ani zab\u00edjen\u00ed civilist\u016f, d\u011bt\u00ed a \u017een.<\/p>\n<p>&#8222;Izrael zachr\u00e1nil bezpo\u010det \u017eivot\u016f,&#8220; chv\u00e1lil druh\u00fd v\u016fdce dareb\u00e1ck\u00e9ho st\u00e1tu, americk\u00fd prezident Joe Biden, co\u017e lze pova\u017eovat za ospravedln\u011bn\u00ed jeho vlastn\u00edch vra\u017eedn\u00fdch \u010din\u016f.\u00a0\u201eMoje podpora bezpe\u010dnosti Izraele je ji\u017e dlouho neochv\u011bjn\u00e1.\u00a0V posledn\u00edch dnech Izrael br\u00e1nil sv\u016fj lid(!) p\u0159ed nevyb\u00edrav\u00fdmi raketov\u00fdmi \u00fatoky teroristick\u00e9 skupiny PIJ a Spojen\u00e9 st\u00e1ty jsou hrd\u00e9 na na\u0161i podporu izraelsk\u00e9 \u017delezn\u00e9 kupole, kter\u00e1 zachytila \u200b\u200bstovky raket a zachr\u00e1nila bezpo\u010det \u017eivot\u016f,\u201c \u0159ekl Biden. .<\/p>\n<p><span style=\"font-size: 18pt;\"><strong>Nevyb\u00edrav\u00e9 \u00fatoky na nevojensk\u00e1, civiln\u00ed za\u0159\u00edzen\u00ed<\/strong><\/span><\/p>\n<p>Rusko, Kuvajt, Al\u017e\u00edrsko, S\u00fdrie, Jord\u00e1nsko, Arabsk\u00e1 liga, Irsko, Turecko a \u0159ada dal\u0161\u00edch hlas\u016f \u00fatoky co nejd\u016frazn\u011bji odsoudily.\u00a0(2) Podle palestinsk\u00fdch zdroj\u016f ve skute\u010dnosti zem\u0159elo 44 Palestinc\u016f, v\u010detn\u011b 15 d\u011bt\u00ed, a 4 \u017eeny, asi 310 Palestinc\u016f bylo zran\u011bno, zat\u00edmco v Izraeli nebyl nikdo zabit a tak\u00e9 nejsou \u017e\u00e1dn\u00e9 zpr\u00e1vy o v\u00e1\u017en\u011b zran\u011bn\u00fdch a \u017eidovsk\u00fdch ob\u010danech p\u0159i ka\u017ed\u00e9 sir\u00e9n\u011b alarm v bunkru mohl uniknout.<\/p>\n<p>Sionistick\u00fd re\u017eim se bez rozd\u00edlu zam\u011b\u0159oval na civilisty a nevojensk\u00e1 civiln\u00ed za\u0159\u00edzen\u00ed v \u201ez\u00e1va\u017en\u00e9m poru\u0161en\u00ed mezin\u00e1rodn\u00edho humanit\u00e1rn\u00edho pr\u00e1va, kter\u00e9 se rovn\u00e1 v\u00e1le\u010dn\u00fdm zlo\u010din\u016fm a zlo\u010din\u016fm proti lidskosti\u201c.<\/p>\n<p>Podle organizace Defense for Children International Palestine ve\u010der 6. srpna 2022 bez varov\u00e1n\u00ed zam\u00ed\u0159ila st\u00edha\u010dka dodan\u00e1 USA na t\u0159\u00edpatrov\u00fd d\u016fm v hust\u011b obydlen\u00e9 \u010dtvrti v Rafahu ji\u017en\u011b od P\u00e1sma Gazy.\u00a0P\u0159i \u00fatoku bylo vyp\u00e1leno 6 raket z izraelsk\u00fdch st\u00edha\u010dek &#8222;Star of David&#8220;, zabilo sedm lid\u00ed a srovnalo se zem\u00ed osm dom\u016f.\u00a0Krom\u011b toho bylo zran\u011bno 35 lid\u00ed, z toho 18 d\u011bt\u00ed.\u00a0Zd\u00e1 se, \u017ee c\u00edlem \u00fatoku byl vysok\u00fd v\u016fdce isl\u00e1msk\u00e9ho d\u017eih\u00e1du Khalid Said Shehadeh Mansour, kter\u00fd byl zabit spolu s dal\u0161\u00edmi 6 lidmi, v\u010detn\u011b d\u00edt\u011bte, v\u010detn\u011b 13let\u00e9ho Muhammada Ilyada Hassouna.<\/p>\n<p><span style=\"font-size: 18pt;\"><strong>Vra\u017eedn\u00e9 n\u00e1stroje dod\u00e1van\u00e9 USA<\/strong><\/span><\/p>\n<p>USA dod\u00e1vaj\u00ed st\u00edha\u010dky, bomby a zbran\u011b, kter\u00e9 okupa\u010dn\u00ed \u017eidovsk\u00e9 s\u00edly pot\u0159ebuj\u00ed, aby tak hladce pokra\u010dovaly v systematick\u00e9m vra\u017ed\u011bn\u00ed Palestinc\u016f.\u00a0V\u00fdbuch pobl\u00ed\u017e obchodu s potravinami v uprchlick\u00e9m t\u00e1bo\u0159e D\u017eabal\u00edja ve\u010der 6. srpna 2022 zabil sedm Palestinc\u016f, v\u010detn\u011b \u010dty\u0159 d\u011bt\u00ed.\u00a0Krom\u011b toho bylo zran\u011bno 40 lid\u00ed, z toho 26 d\u011bt\u00ed.\u00a0Pr\u00e1v\u011b v tuto dobu byly na obloze st\u00edha\u010dky \u201eDavidova hv\u011bzda\u201c.<\/p>\n<p>Okupa\u010dn\u00ed \u017eidovsk\u00e1 arm\u00e1da okam\u017eit\u011b p\u0159isp\u011bchala s obvin\u011bn\u00edm \u201eIsl\u00e1msk\u00e9ho d\u017eih\u00e1du, \u017ee v\u00fdbuch, kter\u00fd zabil d\u011bti, zp\u016fsobila jedna z jejich raket, kter\u00e9 se nepoda\u0159ilo zas\u00e1hnout.\u00a0Ale vzhledem k tomu, \u017ee okupa\u010dn\u00ed \u017eidovsk\u00e1 arm\u00e1da neust\u00e1le l\u017ee a zam\u011b\u0159uje se na civilisty, lze p\u0159edpokl\u00e1dat dal\u0161\u00ed zn\u00e1mou taktiku obrany arm\u00e1dy.<\/p>\n<p>Tak\u00e9 jsme vid\u011bli tento druh l\u017e\u00ed hned po atent\u00e1tu na Shireen Abu Akleh.\u00a0I to bylo dodnes pop\u00edr\u00e1no, navzdory solidn\u00edm d\u016fkaz\u016fm o vin\u011b na vra\u017ed\u011b \u017eidovsk\u00e9ho odst\u0159elova\u010de.\u00a0(3) Zavra\u017ed\u011bn\u00e9 d\u011bti se neobjevuj\u00ed v n\u011bmeck\u00fdch zpr\u00e1v\u00e1ch a m\u00e9di\u00edch, tajn\u011b miz\u00ed mezi \u201ezabit\u00fdmi\u201c v Gaze.\u00a0Tak jednoduch\u00e9.<\/p>\n<p><span style=\"font-size: 18pt;\"><strong>Pohrd\u00e1n\u00ed muslimy, Palestinci a isl\u00e1mem<\/strong><\/span><\/p>\n<p>Ve st\u00ednu t\u011bchto vra\u017ed a \u00fatok\u016f tak\u00e9 nen\u00ed hl\u00e1\u0161ena simult\u00e1nn\u00ed provokace k neleg\u00e1ln\u00edmu vstupu do me\u0161ity Al-Aks\u00e1 asi 1000 extremistick\u00fdmi \u201ejudaistick\u00fdmi\u201c osadn\u00edky proti v\u0161em dohod\u00e1m a status quo.\u00a0V nejlep\u0161\u00edm p\u0159\u00edpad\u011b report\u00e9r ARD \u0159ekl, \u017ee \u201eChr\u00e1mov\u00e1 hora\u201c je tak\u00e9 posv\u00e1tn\u00e1 pro muslimy.\u00a0Jak\u00e1 ne\u00facta k muslim\u016fm, Palestinc\u016fm a isl\u00e1mu.<\/p>\n<p>Naproti tomu bych r\u00e1d jmenoval zavra\u017ed\u011bn\u00e9 Palestince a nevinn\u00e9 d\u011bti a t\u00edm je vyrval z n\u011bmeck\u00e9ho zapomn\u011bn\u00ed a uchoval je v pam\u011bti: 9let\u00fd Hazim Muhammad Ali Salem, 16let\u00fd Ahmad Walid Ahmad al-Farram, 11let\u00fd Ahmad Muhammad Ahmad al-Nairab a jeho bratr, 5let\u00fd Mumin Muhammad Ahmad al-Nairab.\u00a0P\u0159i v\u00fdbuchu zahynuli tak\u00e9 18let\u00fd Khalil Iyad Mustafa Abu Hamada, 19let\u00fd Muhammad Muhammad Ibrahim Zaqout a 50let\u00fd Nafid Muhammad Misbah Juma al-Khatib.\u00a0V severn\u00edm p\u00e1smu Gazy zas\u00e1hla v sobotu izraelsk\u00e1 v\u00e1le\u010dn\u00e1 letadla skupinu Palestinc\u016f a smrteln\u011b zranila 18let\u00e9ho Nour al-Din Hussein Ali al-Zuwaidi.\u00a0Izraelsk\u00e1 st\u0159ela zas\u00e1hla v sobotu skupinu Palestinc\u016f v D\u017eabal\u00edji a zranila 22let\u00e9ho Abdulrahmana Aliho Husseina Ibrahima, kter\u00fd na n\u00e1sledky zran\u011bn\u00ed o n\u011bkolik hodin pozd\u011bji zem\u0159el.\u00a0V ned\u011bli r\u00e1no 7. srpna 2022 zas\u00e1hla tankov\u00e1 st\u0159ela d\u016fm v uprchlick\u00e9m t\u00e1bo\u0159e Jabaliya, zabila Dia Zuheir Ahmad al-Buri (32) a zranila dal\u0161\u00ed.\u00a0Izrael op\u011bt odm\u00edtl odpov\u011bdnost za \u00fatok.\u00a0J\u00e1sir Nimr Mahm\u00fad al-Nabahin, 49, \u010dlen brig\u00e1d Kas\u00e1m, ozbrojen\u00e9ho k\u0159\u00eddla Hamasu, a t\u0159i z jeho d\u011bt\u00ed byli v ned\u011bli zabiti p\u0159i \u00fatoku na uprchlick\u00fd t\u00e1bor al-Bureij v centru Gazy.\u00a0Tankov\u00fd gran\u00e1t zas\u00e1hl d\u016fm v uprchlick\u00e9m t\u00e1bo\u0159e D\u017eabal\u00edja, zabil Dia Zuheir Ahmad al-Buri (32) a zranil dal\u0161\u00ed.\u00a0Izrael op\u011bt odm\u00edtl odpov\u011bdnost za \u00fatok.\u00a0J\u00e1sir Nimr Mahm\u00fad al-Nabahin, 49, \u010dlen brig\u00e1d Kas\u00e1m, ozbrojen\u00e9ho k\u0159\u00eddla Hamasu, a t\u0159i z jeho d\u011bt\u00ed byli v ned\u011bli zabiti p\u0159i \u00fatoku na uprchlick\u00fd t\u00e1bor al-Bureij v centru Gazy.\u00a0Tankov\u00fd gran\u00e1t zas\u00e1hl d\u016fm v uprchlick\u00e9m t\u00e1bo\u0159e D\u017eabal\u00edja, zabil Dia Zuheir Ahmad al-Buri (32) a zranil dal\u0161\u00ed.\u00a0Izrael op\u011bt odm\u00edtl odpov\u011bdnost za \u00fatok.\u00a0J\u00e1sir Nimr Mahm\u00fad al-Nabahin, 49, \u010dlen brig\u00e1d Kas\u00e1m, ozbrojen\u00e9ho k\u0159\u00eddla Hamasu, a t\u0159i z jeho d\u011bt\u00ed byli v ned\u011bli zabiti p\u0159i \u00fatoku na uprchlick\u00fd t\u00e1bor al-Bureij v centru Gazy.<\/p>\n<p>&nbsp;<\/p>\n<p><img decoding=\"async\" loading=\"lazy\" class=\"wp-image-79708 aligncenter\" src=\"https:\/\/i0.wp.com\/sicht-vom-hochblauen.de\/wp-content\/uploads\/2022\/08\/kinder-gesamtisrael-palestine-gaza-children-names-face-killed-aug-2022-mee.jpg?resize=300%2C171\" sizes=\"(max-width: 300px) 100vw, 300px\" srcset=\"https:\/\/i0.wp.com\/sicht-vom-hochblauen.de\/wp-content\/uploads\/2022\/08\/kinder-gesamtisrael-palestine-gaza-children-names-face-killed-aug-2022-mee.jpg?resize=300%2C171 300w, https:\/\/i0.wp.com\/sicht-vom-hochblauen.de\/wp-content\/uploads\/2022\/08\/kinder-gesamtisrael-palestine-gaza-children-names-face-killed-aug-2022-mee.jpg?resize=1024%2C585 1024w, https:\/\/i0.wp.com\/sicht-vom-hochblauen.de\/wp-content\/uploads\/2022\/08\/kinder-gesamtisrael-palestine-gaza-children-names-face-killed-aug-2022-mee.jpg?resize=768%2C438 768w, https:\/\/i0.wp.com\/sicht-vom-hochblauen.de\/wp-content\/uploads\/2022\/08\/kinder-gesamtisrael-palestine-gaza-children-names-face-killed-aug-2022-mee.jpg?w=1200 1200w\" alt=\"\" width=\"623\" height=\"355\" data-recalc-dims=\"1\" \/><\/p>\n<p>Zd\u00e1 se, \u017ee Izrael posunul svou strategii od rozs\u00e1hl\u00fdch vojensk\u00fdch operac\u00ed k nez\u00e1konn\u00e9mu (!) c\u00edlen\u00e9mu zab\u00edjen\u00ed politick\u00fdch aktivist\u016f.\u00a0OSN je ozna\u010duje za nez\u00e1konn\u00e9.\u00a0Pro\u010d neexistuje \u017e\u00e1dn\u00e9 st\u00edh\u00e1n\u00ed?\u00a0Po desetilet\u00edch opakovan\u00fdch mimosoudn\u00edch zab\u00edjen\u00ed Palestinc\u016f z\u016fst\u00e1v\u00e1 Izrael nezodpov\u011bdn\u00fd.<\/p>\n<p><span style=\"font-size: 18pt;\"><strong>Uboh\u00e9 a podvodn\u00e9<\/strong><\/span><\/p>\n<p>Pokud tyto zlo\u010diny z\u016fstanou nepotrest\u00e1ny a \u201espole\u010denstv\u00ed hodnot\u201c bude ml\u010det, Izrael bude pokra\u010dovat ve vra\u017ed\u011bn\u00ed Palestinc\u016f.\u00a0Jak hlasit\u011b zn\u011bl AA Baerbock v OSN proti Rusku a \u010c\u00edn\u011b, p\u0159i\u010dem\u017e ne\u0159ekl ani slovo odsuzuj\u00edc\u00ed zv\u011brstva okupa\u010dn\u00edho \u017eidovsk\u00e9ho st\u00e1tu!<\/p>\n<p>Do\u010dasn\u00e9 zastaven\u00ed izraelsk\u00e9ho bombardov\u00e1n\u00ed Gazy a p\u0159\u00edm\u011b\u0159\u00ed znamenaj\u00ed, \u017ee str\u00e1d\u00e1n\u00ed Palestinc\u016f rychle zmiz\u00ed z titulk\u016f.\u00a0Do norm\u00e1ln\u00edho \u017eivota se ale nevr\u00e1t\u00ed, zvl\u00e1\u0161t\u011b ne ty vyd\u011b\u0161en\u00e9 d\u011bti.\u00a0Jejich situace z\u016fst\u00e1v\u00e1 hroziv\u00e1 a nesnesiteln\u00e1, proto\u017ee izraelsk\u00e9 obl\u00e9h\u00e1n\u00ed pokra\u010duje.\u00a0Traumatizovan\u00e9 d\u011bti nesou t\u00edhu krutosti Izraele v Gaze!\u00a0(4)<\/p>\n<p>Sionistick\u00fd re\u017eim m\u016f\u017ee toto n\u00e1sil\u00ed uplat\u0148ovat pouze kv\u016fli mezin\u00e1rodn\u00ed beztrestnosti a podpo\u0159e, kter\u00e9 se nad\u00e1le t\u011b\u0161\u00ed.\u00a0Zejm\u00e9na z USA, Kanady a Evropsk\u00e9 unie s N\u011bmeckem v \u010dele.\u00a0N\u011bmeck\u00e9 ministerstvo zahrani\u010d\u00ed nechvaln\u011b znovu potvrdilo \u201epr\u00e1vo na sebeobranu\u201c \u201e\u017eidovsk\u00e9ho st\u00e1tu\u201c, zcela v transatlantick\u00e9m podb\u00edzen\u00ed.\u00a0Jak l\u017eiv\u011b tyto st\u00e1ty mluv\u00ed o \u201elidsk\u00fdch pr\u00e1vech\u201c, \u201ehodnot\u00e1ch\u201c a \u201emezin\u00e1rodn\u00edm pr\u00e1vu\u201c, tak uboh\u00e9 a l\u017eiv\u00e9 tak\u00e9 dod\u00e1vaj\u00ed zbran\u011b a podporuj\u00ed Ukrajinu a jej\u00ed fa\u0161isty, zat\u00edmco Rusko, zem\u011b \u201eosvoboditel\u016f z Osv\u011btimi\u201c se sankcemi a \u0161\u00ed\u0159\u00ed se rasistick\u00e1 nen\u00e1vist.\u00a0Sankce podobn\u00e9 t\u011bm, kter\u00e9 si okupa\u010dn\u00ed sionistick\u00fd re\u017eim po desetilet\u00ed zaslou\u017eil,\u00a0ale jako ob\u011b\u0165 holocaustu maj\u00ed plnou svobodu za jak\u00fdkoli zlo\u010din.\u00a0Zat\u00edmco Palestinci dodnes trp\u00ed jako nevinn\u00e9 a zapomenut\u00e9 ob\u011bti holocaustu.<\/p>\n<p><span style=\"font-size: 18pt;\"><strong>Pr\u00e1vo na sebeobranu ne pro okupanty<\/strong><\/span><\/p>\n<p>Palestinsk\u00fd lid nal\u00e9hav\u011b pot\u0159ebuje na\u0161i ochranu a podporu, aby mohl uplatnit sv\u00e9 pr\u00e1vo na sebeobranu.\u00a0Pouze oni jako okupovan\u00ed maj\u00ed pr\u00e1vo na sebeobranu, na rozd\u00edl od okupanta, kter\u00fd NEM\u00c1 pr\u00e1vo na sebeobranu, kter\u00e1 se nem\u016f\u017ee a nesm\u00ed dostate\u010dn\u011b \u010dasto opakovat!\u00a0T\u011bchto p\u0159ibli\u017en\u011b 2,5 milionu lid\u00ed uv\u011bzn\u011bn\u00fdch v koncentra\u010dn\u00edm t\u00e1bo\u0159e v Gaze mus\u00ed kone\u010dn\u011b dostat svobodu, aby se mohli vr\u00e1tit do norm\u00e1ln\u00edho \u017eivota, a sv\u011btov\u00e9 spole\u010denstv\u00ed se za to mus\u00ed kone\u010dn\u011b postavit.<\/p>\n<p>U\u017e n\u00e1s nebav\u00ed b\u00fdt neust\u00e1le krmeni propagandistick\u00fdmi zpr\u00e1vami, kter\u00e9 maj\u00ed pouze \u201emilitantn\u00ed\u201c Palestince m\u00edsto \u0159\u00e1dn\u00fdch odboj\u00e1\u0159\u016f, a ob\u011bt\u00ed jsou v\u017edy \u017eidov\u0161t\u00ed Izraelci a sm\u011b\u0161n\u011b p\u0159ece\u0148ovan\u00e9 \u201ezoufal\u00e9 dom\u00e1c\u00ed\u201c zna\u010dky \u201erakety\u201c z Gazy. Izraelsk\u00e9 p\u0159esn\u00e9 zbran\u011b, kter\u00e9 v\u017edy maj\u00ed zab\u00edt, zas\u00e1hnout.<\/p>\n<p>V tomto kontextu se mi antisemitsk\u00e9 divadlo Documenta15 jev\u00ed jako v\u00edce ne\u017e nestoudn\u00e1 diverzn\u00ed taktika k odvr\u00e1cen\u00ed pozornosti od v\u0161ech z\u00e1padn\u00edch \u201ezlo\u010din\u016f na hodnot\u00e1ch\u201c, s aktivn\u00ed podporou BND, CIA a Mossadu.<\/p>\n<p><span style=\"font-size: 18pt;\"><strong>Napaden\u00e9 sn\u00edmky Documenta vrazily prst do r\u00e1ny<\/strong><\/span><\/p>\n<p>S hledem na sou\u010dasnou izraelskou kampa\u0148 proti uv\u011bzn\u011bn\u00fdm lidem v Gaze jsou to pr\u00e1v\u011b sn\u00edmky z dokumentu Documenta, kter\u00e9 ukazuj\u00ed izraelsk\u00e9 voj\u00e1ky, tak v\u00fdsti\u017en\u00e9. A nad\u0161en\u00ed z toho je jen tak velk\u00e9, proto\u017ee indon\u00e9sk\u00e9 um\u011bleck\u00e9 kolektivy vkl\u00e1daj\u00ed prsty do samotn\u00e9 r\u00e1ny, kterou jsme pomohli zp\u016fsobit.\u00a0M\u011bli bychom pod\u011bkovat tomuto dokumentu, jeho veden\u00ed a um\u011blc\u016fm za to, \u017ee dokument u\u010dinili tak p\u016fsobiv\u00fdm.\u00a0V t\u00e9to souvislosti bych v\u00e1s cht\u011bl je\u0161t\u011b jednou po\u017e\u00e1dat, abyste podepsali petici Documenta\/otev\u0159en\u00fd dopis od Wernera Rufa, Ingo Wandta a Rainera Werninga, ka\u017ed\u00fd hlas se po\u010d\u00edt\u00e1: \u00a0<a href=\"https:\/\/chng.it\/htJ5xjSkPV\">https:\/\/chng.it\/htJ5xjSkPV<\/a><\/p>\n<p>Nenech\u00e1me izraelsk\u00e9 lobbisty, \u201ekomisa\u0159e pro antisemitismus\u201c, p\u0159edsedy \u00fast\u0159edn\u00edch rad a dal\u0161\u00ed lovce filozofie a antisemitismu zni\u010dit na\u0161i svobodu slova a svobodu tisku.\u00a0Nem\u00e1te pr\u00e1vo uml\u010dovat kritiky izraelsk\u00e9 politiky d\u0159\u00edve, ne\u017e se nejprve jasn\u011b distancuj\u00ed od zlo\u010din\u016f \u201e\u017didovsk\u00e9ho st\u00e1tu\u201c!<\/p>\n<p>Dost bylo zab\u00edjen\u00ed d\u011bt\u00ed a \u201esek\u00e1n\u00ed tr\u00e1vy v Gaze\u201c, kter\u00e9 Izrael b\u011b\u017en\u011b pou\u017e\u00edv\u00e1 k vyhlazen\u00ed nebo oslaben\u00ed schopnost\u00ed r\u016fzn\u00fdch palestinsk\u00fdch odbojov\u00fdch skupin.\u00a0\u201eSek\u00e1n\u00ed tr\u00e1vn\u00edku\u201c m\u00e1 tak\u00e9 politickou u\u017eite\u010dnost, proto\u017ee \u010dasto zapad\u00e1 do izraelsk\u00e9 politick\u00e9 agendy k odvr\u00e1cen\u00ed pozornosti od n\u011bjak\u00e9 politick\u00e9 krize v Izraeli nebo k pos\u00edlen\u00ed izraelsk\u00e9 spole\u010dnosti a jej\u00edho veden\u00ed.\u00a0(Ramzy Baroud) (5)<\/p>\n<p><strong>Pozn\u00e1mky pod \u010darou:<\/strong><\/p>\n<p>(1)\u00a0<a href=\"https:\/\/www.middleeastmonitor.com\/20210529-mowing-the-grass-no-more-how-palestinian-resistance-altered-the-equation\/\">https:\/\/www.middleeastmonitor.com\/20210529-mowing-the-grass-no-more-how-palestinian-resistance-altered-the-equation\/<\/a><\/p>\n<p>(2)\u00a0<a href=\"https:\/\/www.middleeastmonitor.com\/20220808-israel-faces-wide-international-condemnation-for-attack-on-gaza\/\">https:\/\/www.middleeastmonitor.com\/20220808-israel-faces-wide-international-condemnation-for-attack-on-gaza\/<\/a><\/p>\n<p>(3)\u00a0<a href=\"https:\/\/electronicintifada.net\/blogs\/tamara-nassar\/children-bear-brunt-israels-savagery-gaza\">https:\/\/electronicintifada.net\/blogs\/tamara-nassar\/children-bear-brunt-israels-savagery-gaza<\/a><\/p>\n<p>(4)\u00a0<a href=\"https:\/\/electronicintifada.net\/blogs\/maureen-clare-murphy\/even-death-shireen-abu-akleh-exposes-israels-lies\">https:\/\/electronicintifada.net\/blogs\/maureen-clare-murphy\/even-death-shireen-abu-akleh-exposes-israels-lies<\/a><\/p>\n<p>(5)\u00a0<a href=\"https:\/\/www.middleeastmonitor.com\/20210529-mowing-the-grass-no-more-how-palestinian-resistance-altered-the-equation\/\">https:\/\/www.middleeastmonitor.com\/20210529-mowing-the-grass-no-more-how-palestinian-resistance-altered-the-equation\/<\/a><\/p>\n<p><em>Zve\u0159ejn\u011bno v Neue Rheinische Zeitung (NRhZ) v \u010d\u00edsle 796 ze dne 10. srpna 2022 na\u00a0<a href=\"http:\/\/www.nrhz.de\/flyer\/beitrag.php?id=28196\">http:\/\/www.nrhz.de\/flyer\/beitrag.php?id=28196<\/a><\/em><\/p>\n<p><strong><em>Autor: Evelyn Hecht-Galinski<\/em><\/strong><\/p>\n<p><span style=\"font-size: 18pt; color: #ff0000;\"><strong>POZN\u00c1MKA REDAKCE:<\/strong><\/span><\/p>\n<p><span style=\"color: #ff0000;\"><strong>Bude prokur\u00e1tor St\u0159\u00ed\u017e st\u00edhat v\u0161echny kdo schvaluj\u00ed \u017eidovskou agresi proti civiln\u00edm obyvatel\u016fm a d\u011btem? Pro\u010d je\u0161t\u011b vl\u00e1da Fiali a p\u011btikolky neodsoudila \u017eidovsk\u00e9 zlo\u010diny a neuvalila sankce na Izrael? Odpov\u011bzte si sami!<\/strong><\/span><\/p>\n<p><img decoding=\"async\" loading=\"lazy\" class=\"alignnone size-full wp-image-1185\" src=\"http:\/\/www.infokuryr.cz\/n\/wp-content\/uploads\/2021\/04\/kuryr-podpis.png\" alt=\"\" width=\"84\" height=\"24\" \/><\/p>\n<p>&nbsp;<\/p>\n<p>&nbsp;<\/p>\n<p>&nbsp;<\/p>\n","protected":false},"excerpt":{"rendered":"<p>Nyn\u00ed nastal op\u011bt \u010das&#8230; P\u00e1smo Gazy, kontrolovan\u00e9 a uzav\u0159en\u00e9 Izraelem, bylo znovu bombardov\u00e1no.\u00a0A tyto opakovan\u00e9&#8230;<\/p>\n","protected":false},"author":2,"featured_media":13458,"comment_status":"closed","ping_status":"closed","sticky":false,"template":"","format":"standard","meta":[],"categories":[7],"tags":[245,348,178,107,313,1205,171],"_links":{"self":[{"href":"https:\/\/www.infokuryr.cz\/n\/wp-json\/wp\/v2\/posts\/13457"}],"collection":[{"href":"https:\/\/www.infokuryr.cz\/n\/wp-json\/wp\/v2\/posts"}],"about":[{"href":"https:\/\/www.infokuryr.cz\/n\/wp-json\/wp\/v2\/types\/post"}],"author":[{"embeddable":true,"href":"https:\/\/www.infokuryr.cz\/n\/wp-json\/wp\/v2\/users\/2"}],"replies":[{"embeddable":true,"href":"https:\/\/www.infokuryr.cz\/n\/wp-json\/wp\/v2\/comments?post=13457"}],"version-history":[{"count":1,"href":"https:\/\/www.infokuryr.cz\/n\/wp-json\/wp\/v2\/posts\/13457\/revisions"}],"predecessor-version":[{"id":13459,"href":"https:\/\/www.infokuryr.cz\/n\/wp-json\/wp\/v2\/posts\/13457\/revisions\/13459"}],"wp:featuredmedia":[{"embeddable":true,"href":"https:\/\/www.infokuryr.cz\/n\/wp-json\/wp\/v2\/media\/13458"}],"wp:attachment":[{"href":"https:\/\/www.infokuryr.cz\/n\/wp-json\/wp\/v2\/media?parent=13457"}],"wp:term":[{"taxonomy":"category","embeddable":true,"href":"https:\/\/www.infokuryr.cz\/n\/wp-json\/wp\/v2\/categories?post=13457"},{"taxonomy":"post_tag","embeddable":true,"href":"https:\/\/www.infokuryr.cz\/n\/wp-json\/wp\/v2\/tags?post=13457"}],"curies":[{"name":"wp","href":"https:\/\/api.w.org\/{rel}","templated":true}]}}