{"id":13453,"date":"2022-08-12T01:01:50","date_gmt":"2022-08-11T23:01:50","guid":{"rendered":"http:\/\/www.infokuryr.cz\/n\/?p=13453"},"modified":"2022-08-11T18:32:10","modified_gmt":"2022-08-11T16:32:10","slug":"jiri-paroubek-cesti-burleskni-spioni","status":"publish","type":"post","link":"https:\/\/www.infokuryr.cz\/n\/2022\/08\/12\/jiri-paroubek-cesti-burleskni-spioni\/","title":{"rendered":"Ji\u0159\u00ed Paroubek: \u010ce\u0161t\u00ed burleskn\u00ed \u0161pioni"},"content":{"rendered":"<div id=\"fb-root\"><\/div>\n<p><strong>Hnut\u00ed STAN, respektive jeho \u0161\u00e9f, prvn\u00ed m\u00edstop\u0159edseda vl\u00e1dy a ministr vnitra V\u00edt Raku\u0161an, nemaj\u00ed \u0161\u0165astnou ruku v person\u00e1ln\u00edch ot\u00e1zk\u00e1ch. \u0158ekn\u011bme si otev\u0159en\u011b, \u017ee je to z\u0159ejm\u011b proto, nebo\u0165 od sam\u00e9ho po\u010d\u00e1tku toto hnut\u00ed vznikalo za podivn\u00fdch okolnost\u00ed. Vznikalo p\u0159edev\u0161\u00edm ve Zl\u00ednsk\u00e9m kraji, kde byl jeho vznik spjat s osobou (slu\u0161n\u011b \u0159e\u010deno) kontroverzn\u00edho podnikatele Michala Redla.<\/strong><\/p>\n<p>V\u00edt Raku\u0161an v pr\u016fb\u011bhu \u010dasu tak trochu p\u0159i\u0161el k hotov\u00e9mu, tedy k hotov\u00e9 organiza\u010dn\u00ed a mocensk\u00e9 struktu\u0159e hnut\u00ed, kterou podle v\u0161eho odpracovali Redl s dnes u\u017e b\u00fdval\u00fdm ministrem a prvn\u00edm \u0161\u00e9fem STAN, Gazd\u00edkem. Proto Raku\u0161anova autorita v r\u00e1mci hnut\u00ed nemohla b\u00fdt do ned\u00e1vn\u00e9 doby takov\u00e1, jakou by \u0161\u00e9f strany re\u00e1ln\u011b m\u011bl m\u00edt. Prost\u011b, n\u011bkdo jin\u00fd tahal za nitky a n\u011bkdo jin\u00fd doporu\u010doval lidi na nejr\u016fzn\u011bj\u0161\u00ed m\u00edsta ve st\u00e1tn\u00ed spr\u00e1v\u011b, ale tak\u00e9 na kandid\u00e1tk\u00e1ch, a\u0165 u\u017e do sn\u011bmovny anebo v kraj\u00edch \u010di velk\u00fdch m\u011bstech.<\/p>\n<p>Hnut\u00ed STAN se chov\u00e1 jako typick\u00e1 \u201epressure group\u201c (n\u00e1tlakov\u00e1 skupina) sv\u00e9ho druhu, kter\u00e1 tu vznikla proto, aby prosazovala parci\u00e1ln\u00ed z\u00e1jmy ur\u010dit\u00fdch kruh\u016f a osob v komun\u00e1ln\u00ed politice.<\/p>\n<p>Ned\u00e1vno byl do funkce \u0161\u00e9fa vnit\u0159n\u00ed rozv\u011bdky, kter\u00e9mu vel\u00ed p\u0159\u00edmo ministr vnitra, V\u00edtem Raku\u0161anem jmenov\u00e1n Petr Mlejnek. Nyn\u00ed vy\u0161lo najevo, \u017ee se tento mu\u017e, kter\u00fd nem\u00e1 ani prov\u011brku na stupe\u0148 p\u0159\u00edsn\u011b tajn\u00e9 (co\u017e by \u0161\u00e9f jedn\u00e9 z rozv\u011bdek st\u00e1tu m\u00edt m\u011bl) l\u00e9ta st\u00fdkal s \u0161\u00e9fem organizovan\u00e9 skupiny, kter\u00e1 \u0159\u00e1dila zejm\u00e9na na pra\u017esk\u00e9m Magistr\u00e1tu, v Dopravn\u00edm podniku a jak se zd\u00e1 i v Pra\u017esk\u00fdch slu\u017eb\u00e1ch (pro nezasv\u011bcen\u00e9: v obou p\u0159\u00edpadech se jedn\u00e1 o firmy s mnohamiliardov\u00fdmi ve\u0159ejn\u00fdmi zak\u00e1zkami).<\/p>\n<p>V\u00edt Raku\u0161an obhajuje, co nelze obh\u00e1jit. Na jedn\u00e9 stran\u011b se roz\u010diluje nad z\u00e1krokem policist\u016f v\u016f\u010di popleten\u00e9mu chlapci na meetingu hnut\u00ed ANO a nep\u0159\u00edmo se do\u017eaduje trestu pro zasahuj\u00edc\u00ed policisty. A na druh\u00e9 stran\u011b nem\u00e1 pot\u0159ebu, aby \u201ejeho\u201c (j\u00edm jmenovan\u00fd) \u0161\u00e9f \u00da\u0159adu pro zahrani\u010dn\u00ed styky a informace (\u00daZSI) byl v dlouhodob\u00e9m vztahu s hlavou mafi\u00e1nsk\u00e9ho spiknut\u00ed. \u0160\u00e9f civiln\u00ed rozv\u011bdky by m\u011bl b\u00fdt \u010dist\u00fd jako slovo bo\u017e\u00ed. A V. Raku\u0161an, coby ministr vnitra je opravdu v delik\u00e1tn\u00ed pozici, proto\u017ee resort, kter\u00fd \u0159\u00edd\u00ed, vlastn\u011b vy\u0161et\u0159uje anebo sp\u00ed\u0161e do\u0161et\u0159uje pravd\u011bpodobn\u00e9 zlo\u010diny spol\u010denc\u016f, nav\u00e1zan\u00fdch na jeho politickou stranu. To u\u017e samo o sob\u011b je alarmuj\u00edc\u00ed.<\/p>\n<p>B\u00fdt na m\u00edst\u011b ministra vnitra, p\u0159em\u00fd\u0161lel bych o zm\u011bn\u011b resortu, o jeho v\u00fdm\u011bn\u011b nap\u0159. s jin\u00fdm stranick\u00fdm kolegou.<\/p>\n<p>Ob\u00e1v\u00e1m se, \u017ee V. Raku\u0161an sv\u00e9ho \u201ehlavn\u00edho \u0161piona\u201c nakonec stejn\u011b bude muset vyhodit. Jeho pozice je toti\u017e neudr\u017eiteln\u00e1. A \u010d\u00edm d\u00e9le bude stav mysle p\u00e1n\u011b ministra trvat, ne\u017eli dojde k z\u00e1v\u011bru, \u017ee je nezbytn\u00e9 Mlejnka vyhodit, t\u00edm v\u00edce se bude vkr\u00e1dat do mysli ve\u0159ejnosti my\u0161lenka, \u017ee V. Raku\u0161an nen\u00ed mu\u017e na sv\u00e9m m\u00edst\u011b.<\/p>\n<p>Prost\u011b, je to dal\u0161\u00ed af\u00e9ra, kter\u00e1 bude prov\u00e1zet ne\u0161\u0165astn\u00e9 hnut\u00ed STAN p\u0159ed volbami, kter\u00e9 prob\u011bhnou v z\u00e1\u0159\u00ed a samoz\u0159ejm\u011b af\u00e9ra Redl, Hlubu\u010dek a spol. bude prov\u00e1zet hnut\u00ed STAN a Fialovu vl\u00e1du a\u017e do konce volebn\u00edho obdob\u00ed. D\u00edky policii a j\u00ed online p\u0159ed\u00e1van\u00fdm informac\u00edm i m\u00e9dia budou hledat nitky a dal\u0161\u00ed nitky&#8230;. Tedy, kdo v\u0161echno je zapojen a spojen se jm\u00e9nem \u0161ibala M. Redla<\/p>\n<p>Zd\u00e1 se, \u017ee sou\u010dasn\u00e1 vl\u00e1da nen\u00ed vlastn\u011b, s v\u00fdjimkou diskr\u00e9tn\u011b pracuj\u00edc\u00edho Vojensk\u00e9ho zpravodajstv\u00ed (tedy vojensk\u00e9 rozv\u011bdky) schopna udr\u017eet zpravodajskou komunitu v diskr\u00e9tn\u00ed z\u00f3n\u011b. \u0160\u00e9f BIS, tedy n\u00e1\u010deln\u00edk kontrarozv\u011bdky, d\u00e1v\u00e1 m\u00e9di\u00edm rozhovory jako n\u011bjak\u00e1 popov\u00e1 hv\u011bzda a v nich hodnot\u00ed r\u016fzn\u00e9 jevy a informace, nazna\u010duje a tak\u00e9 ml\u017e\u00ed zejm\u00e9na t\u00edm, kdy\u017e na jasn\u011b vysloven\u00e9 ot\u00e1zky (na kter\u00e9 pochopiteln\u011b ze z\u00e1kona nesm\u00ed odpov\u011bd\u011bt) \u0159\u00edk\u00e1: \u201eNo comment\u201c.<\/p>\n<p>Prost\u011b jsme jako v burlesce, ve kter\u00e9 dv\u011b \u010desk\u00e9 rozv\u011bdky ztr\u00e1cej\u00ed nezadr\u017eiteln\u011b reputaci. To ur\u010dit\u011b nen\u00ed dobr\u00fd sign\u00e1l pro na\u0161e p\u0159\u00e1tele v zahrani\u010d\u00ed. V\u011b\u0159\u00edm, \u017ee i kdy\u017e \u0161\u00e9f BIS je nositelem vyznamen\u00e1n\u00ed z Langley, jeho p\u0159\u00e1tel\u00e9 v CIA z podobn\u00fdch medi\u00e1ln\u00edch eskap\u00e1d nad\u0161eni nejsou.<\/p>\n<p>Chci p\u0159\u00e1telsky poradit V. Raku\u0161anovi, s ohledem na p\u0159\u00e1telsk\u00e9 vztahy, kter\u00e9 chov\u00e1m k jeho otci, n\u011bkdej\u0161\u00edmu v\u00fdznamn\u00e9mu funkcion\u00e1\u0159i soci\u00e1ln\u00ed demokracie, zbavte se t\u011bch cihel, kter\u00e9 m\u00e1te v batohu a kter\u00e9 v\u00e1s stahuj\u00ed dol\u016f a mo\u017en\u00e1 k \u00fapln\u00e9mu dnu!<\/p>\n<p><a href=\"http:\/\/vasevec.parlamentnilisty.cz\/komentare\/cesti-burleskni-spioni\">Ji\u0159\u00ed Paroubek<\/a><\/p>\n<p><img decoding=\"async\" loading=\"lazy\" class=\"alignnone size-medium wp-image-2342\" src=\"http:\/\/www.infokuryr.cz\/n\/wp-content\/uploads\/2021\/06\/paroubek-300x208.jpg\" alt=\"\" width=\"300\" height=\"208\" srcset=\"https:\/\/www.infokuryr.cz\/n\/wp-content\/uploads\/2021\/06\/paroubek-300x208.jpg 300w, https:\/\/www.infokuryr.cz\/n\/wp-content\/uploads\/2021\/06\/paroubek.jpg 318w\" sizes=\"(max-width: 300px) 100vw, 300px\" \/><\/p>\n<p>&nbsp;<\/p>\n","protected":false},"excerpt":{"rendered":"<p>Hnut\u00ed STAN, respektive jeho \u0161\u00e9f, prvn\u00ed m\u00edstop\u0159edseda vl\u00e1dy a ministr vnitra V\u00edt Raku\u0161an, nemaj\u00ed \u0161\u0165astnou&#8230;<\/p>\n","protected":false},"author":2,"featured_media":2186,"comment_status":"closed","ping_status":"closed","sticky":false,"template":"","format":"standard","meta":[],"categories":[6],"tags":[29,3024,424,1483],"_links":{"self":[{"href":"https:\/\/www.infokuryr.cz\/n\/wp-json\/wp\/v2\/posts\/13453"}],"collection":[{"href":"https:\/\/www.infokuryr.cz\/n\/wp-json\/wp\/v2\/posts"}],"about":[{"href":"https:\/\/www.infokuryr.cz\/n\/wp-json\/wp\/v2\/types\/post"}],"author":[{"embeddable":true,"href":"https:\/\/www.infokuryr.cz\/n\/wp-json\/wp\/v2\/users\/2"}],"replies":[{"embeddable":true,"href":"https:\/\/www.infokuryr.cz\/n\/wp-json\/wp\/v2\/comments?post=13453"}],"version-history":[{"count":0,"href":"https:\/\/www.infokuryr.cz\/n\/wp-json\/wp\/v2\/posts\/13453\/revisions"}],"wp:featuredmedia":[{"embeddable":true,"href":"https:\/\/www.infokuryr.cz\/n\/wp-json\/wp\/v2\/media\/2186"}],"wp:attachment":[{"href":"https:\/\/www.infokuryr.cz\/n\/wp-json\/wp\/v2\/media?parent=13453"}],"wp:term":[{"taxonomy":"category","embeddable":true,"href":"https:\/\/www.infokuryr.cz\/n\/wp-json\/wp\/v2\/categories?post=13453"},{"taxonomy":"post_tag","embeddable":true,"href":"https:\/\/www.infokuryr.cz\/n\/wp-json\/wp\/v2\/tags?post=13453"}],"curies":[{"name":"wp","href":"https:\/\/api.w.org\/{rel}","templated":true}]}}