{"id":13452,"date":"2022-08-12T01:00:55","date_gmt":"2022-08-11T23:00:55","guid":{"rendered":"http:\/\/www.infokuryr.cz\/n\/?p=13452"},"modified":"2022-08-11T18:25:40","modified_gmt":"2022-08-11T16:25:40","slug":"americky-ekonom-kritizuje-zakon-o-snizeni-inflace-jako-vtip","status":"publish","type":"post","link":"https:\/\/www.infokuryr.cz\/n\/2022\/08\/12\/americky-ekonom-kritizuje-zakon-o-snizeni-inflace-jako-vtip\/","title":{"rendered":"Americk\u00fd ekonom kritizuje z\u00e1kon o sn\u00ed\u017een\u00ed inflace jako \u201evtip\u201c"},"content":{"rendered":"<div id=\"fb-root\"><\/div>\n<p data-spm-anchor-id=\"C01140752918.PaZNIkA0prFD.0.i1\">Koncem \u010dervence roku 2022 schv\u00e1lil 117. Kongres Spojen\u00fdch st\u00e1t\u016f z\u00e1kon o sn\u00ed\u017een\u00ed inflace, jeho\u017e c\u00edlem je sn\u00ed\u017een\u00ed fisk\u00e1ln\u00edho deficitu zv\u00fd\u0161en\u00edm dan\u00ed, kontrola l\u00e9ka\u0159sk\u00fdch n\u00e1klad\u016f sn\u00ed\u017een\u00edm cen l\u00e9k\u016f na p\u0159edpis, podpora rozvoje dom\u00e1c\u00ed nov\u00e9 energie zv\u00fd\u0161en\u00edm dotac\u00ed a omezen\u00ed inflace. Podle B\u00edl\u00e9ho domu se z\u00e1kon o sn\u00ed\u017een\u00ed inflace stane \u201enejv\u011bt\u0161\u00ed jednotlivou investic\u00ed do klimatu a energetiky v historii Spojen\u00fdch st\u00e1t\u016f\u201c a Spojen\u00e9 st\u00e1ty sn\u00ed\u017e\u00ed sv\u00e9 uhl\u00edkov\u00e9 emise o 40 % do roku 2030. Uv\u00e1d\u00ed se, \u017ee prezident Biden n\u00e1vrh z\u00e1kona podep\u00ed\u0161e 10. srpna m\u00edstn\u00edho \u010dasu.<\/p>\n<p data-spm-anchor-id=\"C01140752918.PaZNIkA0prFD.0.i2\">Zd\u00e1 se v\u0161ak, \u017ee n\u00e1vrh z\u00e1kona zm\u00edr\u0148uje inflaci, ale je obt\u00ed\u017en\u00e9 vstoupit v platnost. Ekonom z J.P.Morgan Chase &amp; Co uvedl, \u017ee ceny nyn\u00ed rostou nejrychlej\u0161\u00edm tempem za 40 let a \u201ez\u00e1kon o sn\u00ed\u017een\u00ed inflace\u201c na to m\u00e1 \u201emal\u00fd dopad\u201c a \u201enazvat jej \u201eprotiinfla\u010dn\u00ed\u201c je vtip.<\/p>\n<p>The New York Post tak\u00e9 publikoval \u010dl\u00e1nek, kter\u00fd \u0159\u00edk\u00e1, \u017ee Bidenova administrativa nep\u0159ipou\u0161t\u00ed, \u017ee zv\u00fd\u0161en\u00ed vl\u00e1dn\u00edch v\u00fddaj\u016f povede k vy\u0161\u0161\u00ed inflaci. To je bu\u010f z\u00e1m\u011brn\u00e1 neznalost, nebo zjevn\u00e1 chyba. N\u00e1vrh z\u00e1kona o sn\u00ed\u017een\u00ed inflace \u2013 to je vtip a jako ude\u0159it se do obli\u010deje Ameri\u010dan\u016f.<\/p>\n<p><img decoding=\"async\" loading=\"lazy\" class=\"alignnone size-full wp-image-1185\" src=\"http:\/\/www.infokuryr.cz\/n\/wp-content\/uploads\/2021\/04\/kuryr-podpis.png\" alt=\"\" width=\"84\" height=\"24\" \/><\/p>\n<p>&nbsp;<\/p>\n","protected":false},"excerpt":{"rendered":"<p>Koncem \u010dervence roku 2022 schv\u00e1lil 117. Kongres Spojen\u00fdch st\u00e1t\u016f z\u00e1kon o sn\u00ed\u017een\u00ed inflace, jeho\u017e c\u00edlem&#8230;<\/p>\n","protected":false},"author":2,"featured_media":11432,"comment_status":"closed","ping_status":"closed","sticky":false,"template":"","format":"standard","meta":[],"categories":[7],"tags":[2207,683,37,609],"_links":{"self":[{"href":"https:\/\/www.infokuryr.cz\/n\/wp-json\/wp\/v2\/posts\/13452"}],"collection":[{"href":"https:\/\/www.infokuryr.cz\/n\/wp-json\/wp\/v2\/posts"}],"about":[{"href":"https:\/\/www.infokuryr.cz\/n\/wp-json\/wp\/v2\/types\/post"}],"author":[{"embeddable":true,"href":"https:\/\/www.infokuryr.cz\/n\/wp-json\/wp\/v2\/users\/2"}],"replies":[{"embeddable":true,"href":"https:\/\/www.infokuryr.cz\/n\/wp-json\/wp\/v2\/comments?post=13452"}],"version-history":[{"count":0,"href":"https:\/\/www.infokuryr.cz\/n\/wp-json\/wp\/v2\/posts\/13452\/revisions"}],"wp:featuredmedia":[{"embeddable":true,"href":"https:\/\/www.infokuryr.cz\/n\/wp-json\/wp\/v2\/media\/11432"}],"wp:attachment":[{"href":"https:\/\/www.infokuryr.cz\/n\/wp-json\/wp\/v2\/media?parent=13452"}],"wp:term":[{"taxonomy":"category","embeddable":true,"href":"https:\/\/www.infokuryr.cz\/n\/wp-json\/wp\/v2\/categories?post=13452"},{"taxonomy":"post_tag","embeddable":true,"href":"https:\/\/www.infokuryr.cz\/n\/wp-json\/wp\/v2\/tags?post=13452"}],"curies":[{"name":"wp","href":"https:\/\/api.w.org\/{rel}","templated":true}]}}