{"id":13443,"date":"2022-08-11T05:48:28","date_gmt":"2022-08-11T03:48:28","guid":{"rendered":"http:\/\/www.infokuryr.cz\/n\/?p=13443"},"modified":"2022-08-11T05:48:28","modified_gmt":"2022-08-11T03:48:28","slug":"policie-na-parizskem-letisti-zastrelila-muze-s-nozem","status":"publish","type":"post","link":"https:\/\/www.infokuryr.cz\/n\/2022\/08\/11\/policie-na-parizskem-letisti-zastrelila-muze-s-nozem\/","title":{"rendered":"Policie na pa\u0159\u00ed\u017esk\u00e9m leti\u0161ti zast\u0159elila mu\u017ee s no\u017eem"},"content":{"rendered":"<div id=\"fb-root\"><\/div>\n<p><strong>Na pa\u0159\u00ed\u017esk\u00e9m leti\u0161ti Charlese de Gaulla ve st\u0159edu policist\u00e9 zast\u0159elili mu\u017ee s no\u017eem, ozn\u00e1mily m\u00edstn\u00ed org\u00e1ny \u010dinn\u00e9 v trestn\u00edm \u0159\u00edzen\u00ed.<\/strong><\/p>\n<p><span>Policie na Twitteru uvedla, \u017ee policist\u00e9 \u201eprok\u00e1zali vyrovnanost\u201c, kdy\u017e zne\u0161kodnili ohro\u017euj\u00edc\u00edho jedince.<\/span><\/p>\n<p><span>Podle m\u00edstn\u00edch m\u00e9di\u00ed byl pachatelem bezdomovec.\u00a0Na leti\u0161tn\u00ed termin\u00e1l 2F dorazil s no\u017eem a za\u010dal se chovat agresivn\u011b.<\/span><\/p>\n<p><span>Policie ho pr\u00fd n\u011bkolikr\u00e1t vyzvala, aby odlo\u017eil zbra\u0148, ale on to odm\u00edtl.<\/span><\/p>\n<p><span>Kdy\u017e mu\u017e za\u00fato\u010dil na policisty, \u00fadajn\u011b zazn\u011bly v\u00fdst\u0159ely.\u00a0Byl zran\u011bn do b\u0159icha a rychle se mu dostalo l\u00e9ka\u0159sk\u00e9 p\u00e9\u010de, pozd\u011bji v\u0161ak sv\u00fdm zran\u011bn\u00edm podlehl.<\/span><\/p>\n<p><span>Fotograf agentury AFP, kter\u00fd byl sv\u011bdkem sc\u00e9ny, uvedl, \u017ee\u00a0<\/span><em><span>\u201evelk\u00e1 barevn\u00e1 osoba se na policii oh\u00e1n\u011bla n\u011b\u010d\u00edm, co vypadalo jako n\u016f\u017e\u201c.<\/span><\/em><\/p>\n<p><span>D\u016fstojn\u00edk na mu\u017ee vyst\u0159elil\u00a0<\/span><em><span>\u201ejedinou r\u00e1nu\u201c<\/span><\/em><span>\u00a0, kdy\u017e st\u00e1le postupoval sm\u011brem k policist\u016fm, vzpom\u00ednal.<\/span><\/p>\n<p><img decoding=\"async\" loading=\"lazy\" class=\"alignnone size-full wp-image-1185\" src=\"http:\/\/www.infokuryr.cz\/n\/wp-content\/uploads\/2021\/04\/kuryr-podpis.png\" alt=\"\" width=\"84\" height=\"24\" \/><\/p>\n<p>&nbsp;<\/p>\n","protected":false},"excerpt":{"rendered":"<p>Na pa\u0159\u00ed\u017esk\u00e9m leti\u0161ti Charlese de Gaulla ve st\u0159edu policist\u00e9 zast\u0159elili mu\u017ee s no\u017eem, ozn\u00e1mily m\u00edstn\u00ed&#8230;<\/p>\n","protected":false},"author":2,"featured_media":13444,"comment_status":"closed","ping_status":"closed","sticky":false,"template":"","format":"standard","meta":[],"categories":[7],"tags":[806,362,86,320,488],"_links":{"self":[{"href":"https:\/\/www.infokuryr.cz\/n\/wp-json\/wp\/v2\/posts\/13443"}],"collection":[{"href":"https:\/\/www.infokuryr.cz\/n\/wp-json\/wp\/v2\/posts"}],"about":[{"href":"https:\/\/www.infokuryr.cz\/n\/wp-json\/wp\/v2\/types\/post"}],"author":[{"embeddable":true,"href":"https:\/\/www.infokuryr.cz\/n\/wp-json\/wp\/v2\/users\/2"}],"replies":[{"embeddable":true,"href":"https:\/\/www.infokuryr.cz\/n\/wp-json\/wp\/v2\/comments?post=13443"}],"version-history":[{"count":0,"href":"https:\/\/www.infokuryr.cz\/n\/wp-json\/wp\/v2\/posts\/13443\/revisions"}],"wp:featuredmedia":[{"embeddable":true,"href":"https:\/\/www.infokuryr.cz\/n\/wp-json\/wp\/v2\/media\/13444"}],"wp:attachment":[{"href":"https:\/\/www.infokuryr.cz\/n\/wp-json\/wp\/v2\/media?parent=13443"}],"wp:term":[{"taxonomy":"category","embeddable":true,"href":"https:\/\/www.infokuryr.cz\/n\/wp-json\/wp\/v2\/categories?post=13443"},{"taxonomy":"post_tag","embeddable":true,"href":"https:\/\/www.infokuryr.cz\/n\/wp-json\/wp\/v2\/tags?post=13443"}],"curies":[{"name":"wp","href":"https:\/\/api.w.org\/{rel}","templated":true}]}}