{"id":13422,"date":"2022-08-11T01:08:57","date_gmt":"2022-08-10T23:08:57","guid":{"rendered":"http:\/\/www.infokuryr.cz\/n\/?p=13422"},"modified":"2022-08-10T19:46:30","modified_gmt":"2022-08-10T17:46:30","slug":"vaclav-umlauf-jak-se-lze-v-eu-kolonii","status":"publish","type":"post","link":"https:\/\/www.infokuryr.cz\/n\/2022\/08\/11\/vaclav-umlauf-jak-se-lze-v-eu-kolonii\/","title":{"rendered":"V\u00e1clav Umlauf: Jak se l\u017ee v EU-kolonii"},"content":{"rendered":"<div id=\"fb-root\"><\/div>\n<div class=\"articleheading media clearfix\">\n<div class=\"articleheadingtext media-body\">\n<p><strong>P\u0159ijedu do \u010ceska a podle ve\u0159ejnopr\u00e1vn\u00ed telky m\u00e1m pocit, \u017ee jsem se dostal do Severn\u00ed Koreje. Zdej\u0161\u00ed specialitou je lhan\u00ed o Ukrajin\u011b, kter\u00e9 dosahuje t\u00e9m\u011b\u0159 paranoick\u00e9 \u00farovn\u011b.<\/strong><\/p>\n<\/div>\n<\/div>\n<div class=\"articlebody py-3 clearfix\">\n<p>P\u0159ijel jsem z ka\u017edoro\u010dn\u00edho putov\u00e1n\u00ed po Alp\u00e1ch a nakonec jsem str\u00e1vil v\u00edkend u br\u00e1chy, kde se v\u017edy jednou za rok d\u00edv\u00e1m cel\u00e9 dva dny na zpr\u00e1vy v \u010desk\u00e9 televizi. P\u0159edt\u00edm jedu z Rakouska, kde zase sleduji zdej\u0161\u00ed, n\u011bmeck\u00e9 a \u0161v\u00fdcarsk\u00e9 TV kan\u00e1ly. Leto\u0161n\u00ed srovn\u00e1n\u00ed \u00farovn\u011b zpravodajstv\u00ed je \u00fapln\u011b tristn\u00ed a prakticky dos\u00e1hlo goebbelsovsk\u00e9 propagandistick\u00e9 dno. Rakousko jako rodn\u00e1 zem\u011b Hitlera v hitpar\u00e1d\u011b propagandy z\u00e1padn\u00edch EU zem\u00ed suver\u00e9nn\u011b vede. V\u0161ichni nao\u010dkovan\u00ed jsou \u0161\u0165astn\u00ed a radostn\u011b \u010dekaj\u00ed na \u010dtvrtou d\u00e1vku z\u00e1zra\u010dn\u00e9 vakc\u00edny proti kovidu. V\u00e1lku na Ukrajin\u011b komentuje Zelensk\u00fd p\u0159\u00edmo z Kyjeva, tak\u017ee o objektivitu je i na tomto poli pln\u011b postar\u00e1no. Zem\u011b vzkv\u00e9t\u00e1, plyn na zimu bude, i kdy\u017e nikdo ne\u0159ekne, odkud p\u0159ite\u010de. Protitrusk\u00e9 sankce se mus\u00ed pln\u011b dodr\u017eovat, otu\u017eov\u00e1n\u00edm bojujeme proti zl\u00e9mu Putinovi a tak d\u00e1le. Zkr\u00e1tka, Rakousko \u017eije v nejlep\u0161\u00edm ze v\u0161ech mo\u017en\u00fdch kovidov\u00fdch a sank\u010dn\u00edch sv\u011bt\u016f. Jen\u017ee kdo zn\u00e1 zdej\u0161\u00ed politick\u00fd \u017eivot, tak v\u00ed, \u017ee blafy pro medi\u00e1ln\u011b zpracov\u00e1van\u00fd lid nejsou d\u016fle\u017eit\u00e9. Zdej\u0161\u00ed elity si v\u011bci \u0159e\u0161\u00ed v kulo\u00e1rech a po sv\u00e9m, ve velk\u00e9 tradici zanikl\u00e9 monarchie.<\/p>\n<p>N\u011bmeck\u00e9 kan\u00e1ly se od rakousk\u00fdch li\u0161ily t\u00edm, \u017ee zdej\u0161\u00ed pr\u016fmyslov\u00e1 lobby ne\u017eije z turismu, ale prodejem industri\u00e1ln\u00edch schopnost\u00ed. Tak\u017ee pr\u016fmyslov\u00e1 lobby v N\u011bmecku m\u00e1 alespo\u0148 sporadick\u00fd vliv na velk\u00e1 masov\u00e1 m\u00e9dia. Ta ovl\u00e1d\u00e1 transatlantick\u00fd Deep state, jako ostatn\u011b v\u0161ude v neoliber\u00e1ln\u00ed Evrop\u011b. Tak\u017ee propagandistick\u00e9 blafy o Ukrajin\u011b, \u010c\u00edn\u011b atd. jsou t\u00e9m\u011b\u0159 do slova stejn\u00e9, ale pr\u016fmysln\u00edci se ob\u010das dostanou ke slovu a dovol\u00e1vaj\u00ed se zdrav\u00e9ho industri\u00e1ln\u00edho rozumu. A tak znechucen\u00fd lobbista za chemick\u00fd pr\u016fmysl trp\u011bliv\u011b vysv\u011btluje v TV debat\u011b zdej\u0161\u00edm zelen\u00fdm mozk\u016fm, \u017ee su\u0161en\u00fdmi kravinci nelze udr\u017eet v provozu chemi\u010dku BASF v Ludwigshafenu, kter\u00e1 sama o sob\u011b spot\u0159ebov\u00e1v\u00e1 4 % ve\u0161ker\u00e9 n\u011bmeck\u00e9 spot\u0159eby rusk\u00e9ho plynu. Jen\u017ee tato chemi\u010dka dod\u00e1v\u00e1 asi t\u0159etinu \u017eivotn\u011b d\u016fle\u017eit\u00e9 EU-produkce, od autolak\u016f a\u017e po speci\u00e1ln\u00ed chemik\u00e1lie. Ejhle, medi\u00e1ln\u00ed zm\u011bna proti Rakousku, kter\u00e9 o podobn\u00fdch detailech neuva\u017euje nahlas.<\/p>\n<p>Ve \u0160v\u00fdcarsku do\u0161lo k neuv\u011b\u0159iteln\u00e9mu skoku, proto\u017ee zde do korpor\u00e1tn\u011b cenzurovan\u00fdch m\u00e9di\u00ed pustili m\u00e1lem konflikt interpretac\u00ed. S \u00fadivem se dozv\u00edd\u00e1m, \u017ee existuje n\u011bjak\u00e9 rusk\u00e9 stanovisko, kter\u00e9 sice nen\u00ed d\u016fle\u017eit\u00e9 a je preventivn\u011b negativn\u011b on\u00e1lepkov\u00e1no. Ale dv\u011b a\u017e t\u0159i v\u011bty se z n\u011bj ob\u010das objev\u00ed i v hlavn\u00edch zpr\u00e1v\u00e1ch. Tak\u017ee zdej\u0161\u00ed div\u00e1ci maj\u00ed t\u00e9m\u011b\u0159 svobodu slova, jako my za komunismu. Sta\u010d\u00ed \u010d\u00edst spr\u00e1vn\u011b \u0161v\u00fdcarskou \u201ePravdu\u201c a hned v\u00edte, co se doopravdy d\u011bje. Mlad\u00ed se to za \u010das nau\u010d\u00ed tak\u00e9 a pro n\u00e1s, star\u00e9 medi\u00e1ln\u00ed prof\u00edky vyrostl\u00e9 za komunismu, je to u\u017e druh\u00e1 p\u0159irozenost. A to nezmi\u0148uji rusk\u00e9 vl\u00e1dn\u011b cenzurovan\u00e9 TV kan\u00e1ly, kter\u00e9 klidn\u011b v hlavn\u00edch zpr\u00e1v\u00e1ch pust\u00ed kompletn\u00ed \u0161oty CNN a dal\u0161\u00edch z\u00e1padn\u00edch zpr\u00e1v, kter\u00e9 pak komentuj\u00ed po sv\u00e9m.<\/p>\n<p>P\u0159ijedu do \u010ceska a podle ve\u0159ejnopr\u00e1vn\u00ed telky m\u00e1m pocit, \u017ee jsem se dostal do Severn\u00ed Koreje. Jist\u011b\u017ee po vzoru cel\u00e9ho prolhan\u00e9ho Z\u00e1padu nelze \u0159\u00edci na plnou hubu, \u017ee cel\u00fd Tchaj-wan p\u0159elet\u011bly ze vzd\u00e1lenosti 850 km hypersonick\u00e9 rakety DF-15. Jednak je Z\u00e1pad na rozd\u00edl od Ruska a \u010c\u00edny nem\u00e1, jednak proti nim nen\u00ed \u017e\u00e1dn\u00e1 obrana. Tak\u00e9 nelze \u0159\u00edci, \u017ee p\u0159elet\u011bly cel\u00fd ostrov, kter\u00fd velkohub\u00e9 USA pova\u017euj\u00ed za svou speci\u00e1ln\u011b chr\u00e1n\u011bnou vojenskou oblast. Ale \u010deskou specialitou je lhan\u00ed o Ukrajin\u011b, kter\u00e9 dosahuje t\u00e9m\u011b\u0159 paranoick\u00e9 \u00farovn\u011b. Tak jsem se v\u010dera dozv\u011bd\u011bl, \u017ee Rusov\u00e9 ost\u0159elovali svou jadernou elektr\u00e1rnu Z\u00e1poro\u017e\u00ed, kterou ve skute\u010dnosti maj\u00ed proti Ukrajinc\u016fm zadr\u00e1tovanou dvojitou PVO, m\u00e1lem jak Kreml.<\/p>\n<p>To BBC um\u00ed lh\u00e1t na \u00fapln\u011b jin\u00e9 \u00farovni. Vysv\u011btlili zd\u011b\u0161en\u00fdm Brit\u016fm, \u017ee na atomovku dopadly \u201erusk\u00e9 rakety\u201c. A k tomu uk\u00e1zali medi\u00e1ln\u00ed man\u00edci asi sto let star\u00e9 z\u00e1b\u011bry rusk\u00e9ho Gradu zap\u00edchnut\u00e9ho do zem\u011b. To je Goebbels na \u00farovni. Samoz\u0159ejm\u011b, \u017ee Ukrajinci po\u0159\u00e1d je\u0161t\u011b st\u0159\u00edlej\u00ed rusk\u00fdmi raketami. Z\u00e1padn\u00ed dod\u00e1vky jednak rozkradou, prodaj\u00ed kamkoliv a na frontu se tak jako tak dostane jen asi 30 % z n\u00e1mi placen\u00fdch kontingent\u016f zbran\u00ed a munice. BBC za ty roky lhan\u00ed o S\u00fdrii a vlastn\u011b o v\u0161ech prohran\u00fdch z\u00e1padn\u00edch proxy-v\u00e1lk\u00e1ch u\u017e d\u00e1vno zvl\u00e1dlo z\u00e1kladn\u00ed abecedu a ovl\u00e1d\u00e1 vy\u0161\u0161\u00ed d\u00edv\u010d\u00ed medi\u00e1ln\u00ed manipulace.<\/p>\n<p>\u010cesk\u00e1 telka je naopak propagandisticky brut\u00e1ln\u011b blb\u00e1 a pln\u011b spol\u00e9h\u00e1 na apatii zdej\u0161\u00edch ov\u010dan\u016f, kter\u00fdm u\u017e je v\u0161echno jedno. Jen\u017ee to tak\u00e9 znamen\u00e1, \u017ee nov\u00e1 StB m\u00e1 mnohem v\u011bt\u0161\u00ed pole p\u016fsobnosti, proto\u017ee se nikdo neozve na le\u017e a koordinovan\u00e9 \u00fatoky na weby a \u010dl\u00e1nky, jako je tento. A to znamen\u00e1, \u017ee na\u0161e cesta do v\u011bzen\u00ed nebo do koncentr\u00e1ku pro nep\u0159\u00e1tele \u0158\u00ed\u0161e je umetena mnohem v\u00edce, ne\u017e je tomu v jin\u00fdch zem\u00edch, kde lid\u00e9 je\u0161t\u011b nerezignovali na zdrav\u00fd rozum a na zbytky ob\u010dansk\u00fdch svobod. Zbytek \u010desk\u00fdch zomb\u00edk\u016f se mo\u017en\u00e1 octne u Stalingradu. A bude se divit, jak se do t\u011bch z\u00e1kop\u016f vlastn\u011b dostal, kdy\u017e je tam takov\u00e1 hrozn\u00e1 zima a l\u00e9taj\u00ed tam rusk\u00e9 rakety.<\/p>\n<p>Zlat\u00fd h\u0159eb ost\u0159elov\u00e1n\u00ed z\u00e1poro\u017esk\u00e9 atomovky daly francouzsk\u00e9 mezin\u00e1rodn\u00ed zpr\u00e1vy. Tam jednodu\u0161e a prost\u011b \u0159ekli, \u017ee nejv\u011bt\u0161\u00ed jadern\u00e1 elektr\u00e1rna v Evrop\u011b byla ost\u0159elov\u00e1na raketami a Moskva a Kyjev se vz\u00e1jemn\u011b obvi\u0148uj\u00ed z \u00fatoku. A \u017ee Komise pro atomovou energii prohl\u00e1sila, \u017ee jde sebevra\u017edu pro toho, kdo podobn\u00e9 svinstvo d\u011bl\u00e1. Francouzi se krapet vzpamatovali, proto\u017ee zdej\u0161\u00ed elity prohr\u00e1ly medi\u00e1ln\u00ed bitvu. Norm\u00e1ln\u00ed lid\u00e9 pova\u017euj\u00ed Macrona za politick\u00e9ho \u0161a\u0161ka, ztratil v\u011bt\u0161inu v parlamentu, v zemi za\u010daly masov\u00e9 nepokoje, z Ruska ode\u0161ly francouzsk\u00e9 firmy s miliardov\u00fdmi ztr\u00e1tami. Francouzsk\u00e1 Afrika u\u017e m\u00e1 t\u011bchto koloniz\u00e1tor\u016f pln\u00e9 zuby a zbavuje se jich tak rychle, jak to jen jde. P\u0159\u00edkladem je republika Mali, kde \u010desk\u00e1 arm\u00e1da br\u00e1nila francouzsk\u00e9 koloni\u00e1ln\u00ed z\u00e1jmy a byla odkomandov\u00e1na i s neboh\u00fdmi Francouzi. Nyn\u00ed zde br\u00e1n\u00ed m\u00edstn\u00ed z\u00e1jmy Wagnerovi muzikanti, co\u017e jsou ru\u0161t\u00ed \u017eoldn\u00e9\u0159i placen\u00ed z rozpo\u010dtu Mali. V tak slo\u017eit\u00e9 vnitropolitick\u00e9 situaci a mezin\u00e1rodn\u00edho p\u00eale-m\u00eale mus\u00edte lh\u00e1t s rozumem a opatrn\u011b, co\u017e se doopravdy d\u011bje.<\/p>\n<p>Zato v \u010cesku \u0159\u00edzen\u00e9m Koudelkou, Fialou a p\u011btikolkou naprogramovanou transatlatick\u00fdm Deep state u\u017e padly v\u0161echny z\u00e1brany a zdrav\u00fd rozum.<\/p>\n<\/div>\n<p><a href=\"https:\/\/outsidermedia.cz\/jak-se-lze-v-eu-kolonii\/\">ZDROJ<\/a><\/p>\n<p>&nbsp;<\/p>\n","protected":false},"excerpt":{"rendered":"<p>P\u0159ijedu do \u010ceska a podle ve\u0159ejnopr\u00e1vn\u00ed telky m\u00e1m pocit, \u017ee jsem se dostal do Severn\u00ed&#8230;<\/p>\n","protected":false},"author":2,"featured_media":13423,"comment_status":"closed","ping_status":"closed","sticky":false,"template":"","format":"standard","meta":[],"categories":[6],"tags":[506,28,41,851],"_links":{"self":[{"href":"https:\/\/www.infokuryr.cz\/n\/wp-json\/wp\/v2\/posts\/13422"}],"collection":[{"href":"https:\/\/www.infokuryr.cz\/n\/wp-json\/wp\/v2\/posts"}],"about":[{"href":"https:\/\/www.infokuryr.cz\/n\/wp-json\/wp\/v2\/types\/post"}],"author":[{"embeddable":true,"href":"https:\/\/www.infokuryr.cz\/n\/wp-json\/wp\/v2\/users\/2"}],"replies":[{"embeddable":true,"href":"https:\/\/www.infokuryr.cz\/n\/wp-json\/wp\/v2\/comments?post=13422"}],"version-history":[{"count":1,"href":"https:\/\/www.infokuryr.cz\/n\/wp-json\/wp\/v2\/posts\/13422\/revisions"}],"predecessor-version":[{"id":13424,"href":"https:\/\/www.infokuryr.cz\/n\/wp-json\/wp\/v2\/posts\/13422\/revisions\/13424"}],"wp:featuredmedia":[{"embeddable":true,"href":"https:\/\/www.infokuryr.cz\/n\/wp-json\/wp\/v2\/media\/13423"}],"wp:attachment":[{"href":"https:\/\/www.infokuryr.cz\/n\/wp-json\/wp\/v2\/media?parent=13422"}],"wp:term":[{"taxonomy":"category","embeddable":true,"href":"https:\/\/www.infokuryr.cz\/n\/wp-json\/wp\/v2\/categories?post=13422"},{"taxonomy":"post_tag","embeddable":true,"href":"https:\/\/www.infokuryr.cz\/n\/wp-json\/wp\/v2\/tags?post=13422"}],"curies":[{"name":"wp","href":"https:\/\/api.w.org\/{rel}","templated":true}]}}