{"id":13415,"date":"2022-08-11T01:05:32","date_gmt":"2022-08-10T23:05:32","guid":{"rendered":"http:\/\/www.infokuryr.cz\/n\/?p=13415"},"modified":"2022-08-10T19:13:11","modified_gmt":"2022-08-10T17:13:11","slug":"policistka-ktera-vysetrovala-moznou-souvislost-umrti-kojencu-s-ockovanim-jejich-matek-byla-suspendovana","status":"publish","type":"post","link":"https:\/\/www.infokuryr.cz\/n\/2022\/08\/11\/policistka-ktera-vysetrovala-moznou-souvislost-umrti-kojencu-s-ockovanim-jejich-matek-byla-suspendovana\/","title":{"rendered":"Policistka, kter\u00e1 vy\u0161et\u0159ovala mo\u017enou souvislost \u00famrt\u00ed kojenc\u016f s o\u010dkov\u00e1n\u00edm jejich matek, byla suspendov\u00e1na"},"content":{"rendered":"<div id=\"fb-root\"><\/div>\n<p>P\u0159\u00edpad kanadsk\u00e9 policistky jasn\u011b ukazuje, jak vehementn\u011b se syst\u00e9m sna\u017e\u00ed zakr\u00fdt svoje vlastn\u00ed zlo\u010diny. Pokud by cht\u011bla vy\u0161et\u0159ovat t\u0159eba l\u00e9ka\u0159e, kter\u00fd n\u011bkomu p\u0159edepsal v\u00fdjimku z rou\u0161ky, byla by syst\u00e9mem maxim\u00e1ln\u011b podporov\u00e1na. Ale vy\u0161et\u0159ovat p\u0159\u00edpad, kter\u00fd by mohl v\u00e9st k jasn\u00fdm z\u00e1v\u011br\u016fm, z nich\u017e by kanadsk\u00e1 vl\u00e1da i na ni napojen\u00ed \u201eodborn\u00edci\u201c vy\u0161li jako zlo\u010dinci, se v totalitn\u00edm syst\u00e9mu nesm\u00ed\u2026<\/p>\n<p><a href=\"https:\/\/www.ninefornews.nl\/rechercheur-doet-onderzoek-naar-mogelijke-link-tussen-vaccin-en-babysterfte-en-wordt-geschorst\/\">Policejn\u00ed<\/a>\u00a0detektiv Helen Grusov\u00e1 v kanadsk\u00e9m hlavn\u00edm m\u011bst\u011b Ottaw\u011b vy\u0161et\u0159ovala mo\u017enou souvislost mezi dev\u00edti n\u00e1hle zem\u0159el\u00fdmi kojen\u00fdmi d\u011btmi a o\u010dkov\u00e1n\u00edm jejich matek. Kdy\u017e se o tom jej\u00ed nad\u0159\u00edzen\u00ed dozv\u011bd\u011bli,\u00a0<a href=\"https:\/\/www.cbc.ca\/news\/canada\/ottawa\/helen-grus-suspended-ottawa-police-vaccine-status-1.6398984\" target=\"_blank\" rel=\"noopener\">byla bez okolk\u016f suspendov\u00e1na<\/a> .<\/p>\n<p>Donald Best, kter\u00fd pracoval pro torontskou policii, o\u010dek\u00e1v\u00e1, \u017ee obvin\u011bn\u00ed vznesen\u00e1 proti Grusov\u00e9 povedou k velk\u00e9 \u017ealob\u011b, kter\u00e1 bude projedn\u00e1v\u00e1na u vy\u0161\u0161\u00edch soud\u016f.<\/p>\n<p>Best tak\u00e9 o\u010dek\u00e1v\u00e1, \u017ee se snad najdou solidn\u00ed l\u00e9ka\u0159sk\u00e9 d\u016fkazy spojuj\u00edc\u00ed experiment\u00e1ln\u00ed l\u00e9\u010dbu mRNA s po\u0161kozen\u00edm zdrav\u00ed a \u00famrt\u00edmi.<\/p>\n<p>Poznamen\u00e1v\u00e1, \u017ee d\u016fkazy mimo jin\u00e9 ukazuj\u00ed, \u017ee mRNA vakc\u00edny jsou schv\u00e1leny pro nouzov\u00e9 pou\u017eit\u00ed, ani\u017e by byly testov\u00e1ny na koj\u00edc\u00edch matk\u00e1ch.<\/p>\n<p>Koroner si st\u011b\u017eoval ottawsk\u00e9mu policejn\u00edmu odd\u011blen\u00ed na vy\u0161et\u0159ov\u00e1n\u00ed detektiva Grusov\u00e9 ohledn\u011b \u00famrt\u00ed, kdy\u017e j\u00ed tyto p\u0159\u00edpady nebyly p\u0159id\u011bleny.<\/p>\n<p>Podle Besta je to irelevantn\u00ed, proto\u017ee policista m\u016f\u017ee vy\u0161et\u0159ovat, co chce. A to je p\u0159esn\u011b to, \u010deho se vl\u00e1dy, organizace a \u00fa\u0159ady v\u017edy b\u00e1ly. Policie a koroner si z\u0159ejm\u011b je\u0161t\u011b neuv\u011bdomuj\u00ed, jakou pozornost p\u0159\u00edpad kolem t\u00e9to policistky p\u0159it\u00e1hne.<\/p>\n<p>Best tak\u00e9 poukazuje na to, \u017ee ottawsk\u00e1 policie zavedla experiment\u00e1ln\u00ed genovou terapii mRNA pro zam\u011bstnance jako povinnou. V p\u0159\u00edpad\u011b vy\u0161et\u0159ov\u00e1n\u00ed po\u0161kozen\u00ed a \u00famrt\u00ed o\u010dkov\u00e1n\u00edm jde tedy podle Besta o v\u00e1\u017en\u00fd st\u0159et z\u00e1jm\u016f.<\/p>\n<p><img decoding=\"async\" loading=\"lazy\" class=\"alignnone size-full wp-image-1185\" src=\"http:\/\/www.infokuryr.cz\/n\/wp-content\/uploads\/2021\/04\/kuryr-podpis.png\" alt=\"\" width=\"84\" height=\"24\" \/><\/p>\n<p>&nbsp;<\/p>\n","protected":false},"excerpt":{"rendered":"<p>P\u0159\u00edpad kanadsk\u00e9 policistky jasn\u011b ukazuje, jak vehementn\u011b se syst\u00e9m sna\u017e\u00ed zakr\u00fdt svoje vlastn\u00ed zlo\u010diny. Pokud&#8230;<\/p>\n","protected":false},"author":2,"featured_media":5093,"comment_status":"closed","ping_status":"closed","sticky":false,"template":"","format":"standard","meta":[],"categories":[7],"tags":[248,694,1887,86,882,3015],"_links":{"self":[{"href":"https:\/\/www.infokuryr.cz\/n\/wp-json\/wp\/v2\/posts\/13415"}],"collection":[{"href":"https:\/\/www.infokuryr.cz\/n\/wp-json\/wp\/v2\/posts"}],"about":[{"href":"https:\/\/www.infokuryr.cz\/n\/wp-json\/wp\/v2\/types\/post"}],"author":[{"embeddable":true,"href":"https:\/\/www.infokuryr.cz\/n\/wp-json\/wp\/v2\/users\/2"}],"replies":[{"embeddable":true,"href":"https:\/\/www.infokuryr.cz\/n\/wp-json\/wp\/v2\/comments?post=13415"}],"version-history":[{"count":1,"href":"https:\/\/www.infokuryr.cz\/n\/wp-json\/wp\/v2\/posts\/13415\/revisions"}],"predecessor-version":[{"id":13416,"href":"https:\/\/www.infokuryr.cz\/n\/wp-json\/wp\/v2\/posts\/13415\/revisions\/13416"}],"wp:featuredmedia":[{"embeddable":true,"href":"https:\/\/www.infokuryr.cz\/n\/wp-json\/wp\/v2\/media\/5093"}],"wp:attachment":[{"href":"https:\/\/www.infokuryr.cz\/n\/wp-json\/wp\/v2\/media?parent=13415"}],"wp:term":[{"taxonomy":"category","embeddable":true,"href":"https:\/\/www.infokuryr.cz\/n\/wp-json\/wp\/v2\/categories?post=13415"},{"taxonomy":"post_tag","embeddable":true,"href":"https:\/\/www.infokuryr.cz\/n\/wp-json\/wp\/v2\/tags?post=13415"}],"curies":[{"name":"wp","href":"https:\/\/api.w.org\/{rel}","templated":true}]}}