{"id":13410,"date":"2022-08-11T01:03:08","date_gmt":"2022-08-10T23:03:08","guid":{"rendered":"http:\/\/www.infokuryr.cz\/n\/?p=13410"},"modified":"2022-08-10T18:52:50","modified_gmt":"2022-08-10T16:52:50","slug":"dalsi-ukazka-bidenovy-nekompetence","status":"publish","type":"post","link":"https:\/\/www.infokuryr.cz\/n\/2022\/08\/11\/dalsi-ukazka-bidenovy-nekompetence\/","title":{"rendered":"Dal\u0161\u00ed uk\u00e1zka Bidenovy (ne)kompetence"},"content":{"rendered":"<div id=\"fb-root\"><\/div>\n<p>Biden ji\u017e mnohokr\u00e1t dok\u00e1zal, \u017ee je neschopen samostatn\u00e9ho fungov\u00e1n\u00ed. Jak se ned\u00e1vno uk\u00e1zalo, tak na ka\u017ed\u00e9 slovo a ka\u017ed\u00fd sv\u016fj krok pot\u0159ebuje tah\u00e1k, ale ani tak nen\u00ed jist\u00e9, \u017ee v\u0161e dopadne tak, jak m\u00e1.<\/p>\n<p>P\u0159i pohledu na video n\u00ed\u017ee mne m\u016f\u017ee napadnout jedin\u00e1 ot\u00e1zka: \u201eJak se asi ka\u017ed\u00fd den obl\u00e9k\u00e1?\u201c Nezd\u00e1 se, \u017ee by to zvl\u00e1dal s\u00e1m. A u\u017e v\u016fbec ne nap\u0159\u00edklad zapnout knofl\u00edky u ko\u0161ile, kdy\u017e i trefit se do ruk\u00e1vu d\u00e1 zabrat. Snad jen tu rou\u0161ku si dok\u00e1\u017ee nasadit s\u00e1m. A br\u00fdle \u2013 jak je vid\u011bt \u2013 tak\u00e9, jen\u00a0 udr\u017eet je tam, kde maj\u00ed b\u00fdt, je tro\u0161ku probl\u00e9m.<\/p>\n<p>A toto je hlava \u00fadajn\u011b \u201enejmocn\u011bj\u0161\u00ed\u201c zem\u011b sv\u011bta. \u00dapadek veden\u00ed je n\u00e1zornou uk\u00e1zkou \u00fapadku cel\u00e9 zem\u011b. A to se net\u00fdk\u00e1 jen USA. Ostatn\u011b, ka\u017ed\u00fd n\u00e1rod m\u00e1 pr\u00fd takovou vl\u00e1du, jakou si zaslou\u017e\u00ed\u2026<\/p>\n<div class='videoWrapper'>\r\n\t            <iframe src='https:\/\/rumble.com\/embed\/v1cr2rb\/?pub=4#?secret=ynP3QkjOEN' frameborder='0' allowfullscreen><\/iframe>\r\n\t        <\/div>\n<div class=\"yasr-auto-insert-visitor\">\n<div id=\"yasr_visitor_votes_3e0351c6f26fd\" class=\"yasr-visitor-votes\"><img decoding=\"async\" loading=\"lazy\" class=\"alignnone size-full wp-image-1185\" src=\"http:\/\/www.infokuryr.cz\/n\/wp-content\/uploads\/2021\/04\/kuryr-podpis.png\" alt=\"\" width=\"84\" height=\"24\" \/><\/div>\n<div><\/div>\n<\/div>\n","protected":false},"excerpt":{"rendered":"<p>Biden ji\u017e mnohokr\u00e1t dok\u00e1zal, \u017ee je neschopen samostatn\u00e9ho fungov\u00e1n\u00ed. Jak se ned\u00e1vno uk\u00e1zalo, tak na&#8230;<\/p>\n","protected":false},"author":2,"featured_media":13411,"comment_status":"closed","ping_status":"closed","sticky":false,"template":"","format":"standard","meta":[],"categories":[7],"tags":[72,530,889],"_links":{"self":[{"href":"https:\/\/www.infokuryr.cz\/n\/wp-json\/wp\/v2\/posts\/13410"}],"collection":[{"href":"https:\/\/www.infokuryr.cz\/n\/wp-json\/wp\/v2\/posts"}],"about":[{"href":"https:\/\/www.infokuryr.cz\/n\/wp-json\/wp\/v2\/types\/post"}],"author":[{"embeddable":true,"href":"https:\/\/www.infokuryr.cz\/n\/wp-json\/wp\/v2\/users\/2"}],"replies":[{"embeddable":true,"href":"https:\/\/www.infokuryr.cz\/n\/wp-json\/wp\/v2\/comments?post=13410"}],"version-history":[{"count":1,"href":"https:\/\/www.infokuryr.cz\/n\/wp-json\/wp\/v2\/posts\/13410\/revisions"}],"predecessor-version":[{"id":13412,"href":"https:\/\/www.infokuryr.cz\/n\/wp-json\/wp\/v2\/posts\/13410\/revisions\/13412"}],"wp:featuredmedia":[{"embeddable":true,"href":"https:\/\/www.infokuryr.cz\/n\/wp-json\/wp\/v2\/media\/13411"}],"wp:attachment":[{"href":"https:\/\/www.infokuryr.cz\/n\/wp-json\/wp\/v2\/media?parent=13410"}],"wp:term":[{"taxonomy":"category","embeddable":true,"href":"https:\/\/www.infokuryr.cz\/n\/wp-json\/wp\/v2\/categories?post=13410"},{"taxonomy":"post_tag","embeddable":true,"href":"https:\/\/www.infokuryr.cz\/n\/wp-json\/wp\/v2\/tags?post=13410"}],"curies":[{"name":"wp","href":"https:\/\/api.w.org\/{rel}","templated":true}]}}