{"id":1332,"date":"2021-05-02T15:15:33","date_gmt":"2021-05-02T13:15:33","guid":{"rendered":"http:\/\/www.infokuryr.cz\/n\/?p=1332"},"modified":"2021-05-02T15:22:41","modified_gmt":"2021-05-02T13:22:41","slug":"papez-frantisek-blahopreje-pravoslavnym-krestanum-k-velikonocum","status":"publish","type":"post","link":"https:\/\/www.infokuryr.cz\/n\/2021\/05\/02\/papez-frantisek-blahopreje-pravoslavnym-krestanum-k-velikonocum\/","title":{"rendered":"Pape\u017e Franti\u0161ek poblahop\u0159\u00e1l pravoslavn\u00fdm k\u0159es\u0165an\u016fm k Velikonoc\u016fm"},"content":{"rendered":"<div id=\"fb-root\"><\/div>\n<p><b>Pape\u017e Franti\u0161ek blahop\u0159\u00e1l pravoslavn\u00fdm k Velikonoc\u016fm b\u011bhem jeho ned\u011bln\u00edho k\u00e1z\u00e1n\u00ed.<\/b><\/p>\n<p>Franti\u0161ek pronesl blahop\u0159\u00e1n\u00ed z okna Apo\u0161tolsk\u00e9ho pal\u00e1ce na n\u00e1m\u011bst\u00ed svat\u00e9ho Petra, b\u011bhem, poledn\u00ed promluvy a modlitby.<\/p>\n<p>&#8222;Nejteplej\u0161\u00ed blahop\u0159\u00e1n\u00ed m\u00fdm drah\u00fdm bratr\u016fm a sestr\u00e1m pravoslavn\u00fdch c\u00edrkv\u00ed a n\u011bkter\u00fdch katolick\u00fdch v\u00fdchodn\u00edch c\u00edrkv\u00ed, kter\u00e9 dnes podle juli\u00e1nsk\u00e9ho kalend\u00e1\u0159e slav\u00ed Vzk\u0159\u00ed\u0161en\u00ed Krista.&#8220;\u00a0Vesel\u00e9 Velikonoce!&#8220;\u00a0&#8211; \u0159ekl.<\/p>\n<p>Rusk\u00fd prezident Vladimir Putin d\u0159\u00edve\u00a0poblahop\u0159\u00e1l v\u0161em Rus\u016fm k\u00a0oslav\u011b Sv\u011btl\u00e9ho vzk\u0159\u00ed\u0161en\u00ed Krista.<\/p>\n<p><img decoding=\"async\" loading=\"lazy\" class=\"alignnone size-full wp-image-1185\" src=\"http:\/\/www.infokuryr.cz\/n\/wp-content\/uploads\/2021\/04\/kuryr-podpis.png\" alt=\"\" width=\"84\" height=\"24\" \/><\/p>\n<p>&nbsp;<\/p>\n","protected":false},"excerpt":{"rendered":"<p>Pape\u017e Franti\u0161ek blahop\u0159\u00e1l pravoslavn\u00fdm k Velikonoc\u016fm b\u011bhem jeho ned\u011bln\u00edho k\u00e1z\u00e1n\u00ed. Franti\u0161ek pronesl blahop\u0159\u00e1n\u00ed z okna&#8230;<\/p>\n","protected":false},"author":2,"featured_media":1333,"comment_status":"closed","ping_status":"closed","sticky":false,"template":"","format":"standard","meta":[],"categories":[7],"tags":[254,250,255],"_links":{"self":[{"href":"https:\/\/www.infokuryr.cz\/n\/wp-json\/wp\/v2\/posts\/1332"}],"collection":[{"href":"https:\/\/www.infokuryr.cz\/n\/wp-json\/wp\/v2\/posts"}],"about":[{"href":"https:\/\/www.infokuryr.cz\/n\/wp-json\/wp\/v2\/types\/post"}],"author":[{"embeddable":true,"href":"https:\/\/www.infokuryr.cz\/n\/wp-json\/wp\/v2\/users\/2"}],"replies":[{"embeddable":true,"href":"https:\/\/www.infokuryr.cz\/n\/wp-json\/wp\/v2\/comments?post=1332"}],"version-history":[{"count":0,"href":"https:\/\/www.infokuryr.cz\/n\/wp-json\/wp\/v2\/posts\/1332\/revisions"}],"wp:featuredmedia":[{"embeddable":true,"href":"https:\/\/www.infokuryr.cz\/n\/wp-json\/wp\/v2\/media\/1333"}],"wp:attachment":[{"href":"https:\/\/www.infokuryr.cz\/n\/wp-json\/wp\/v2\/media?parent=1332"}],"wp:term":[{"taxonomy":"category","embeddable":true,"href":"https:\/\/www.infokuryr.cz\/n\/wp-json\/wp\/v2\/categories?post=1332"},{"taxonomy":"post_tag","embeddable":true,"href":"https:\/\/www.infokuryr.cz\/n\/wp-json\/wp\/v2\/tags?post=1332"}],"curies":[{"name":"wp","href":"https:\/\/api.w.org\/{rel}","templated":true}]}}