{"id":13270,"date":"2022-08-07T06:17:41","date_gmt":"2022-08-07T04:17:41","guid":{"rendered":"http:\/\/www.infokuryr.cz\/n\/?p=13270"},"modified":"2022-08-07T06:17:41","modified_gmt":"2022-08-07T04:17:41","slug":"americky-zpravodajsky-dustojnik-predpovedel-zelenskeho-utek-nebo-smrt-z-rukou-ukrajincu","status":"publish","type":"post","link":"https:\/\/www.infokuryr.cz\/n\/2022\/08\/07\/americky-zpravodajsky-dustojnik-predpovedel-zelenskeho-utek-nebo-smrt-z-rukou-ukrajincu\/","title":{"rendered":"Americk\u00fd zpravodajsk\u00fd d\u016fstojn\u00edk p\u0159edpov\u011bd\u011bl Zelensk\u00e9ho \u00fat\u011bk nebo smrt z rukou Ukrajinc\u016f"},"content":{"rendered":"<div id=\"fb-root\"><\/div>\n<p>B\u00fdval\u00fd americk\u00fd zpravodajsk\u00fd d\u016fstojn\u00edk Scott Ritter hovo\u0159il o osudu prezidenta Volodymyra Zelensk\u00e9ho.<\/p>\n<p>B\u00fdval\u00fd americk\u00fd zpravodajsk\u00fd d\u016fstojn\u00edk Scott Ritter \u0159ekl, \u017ee politick\u00e1 kari\u00e9ra sou\u010dasn\u00e9ho ukrajinsk\u00e9ho prezidenta Volodymyra Zelensk\u00e9ho se ch\u00fdl\u00ed k tragick\u00e9mu konci.<\/p>\n<p>Ritter promluvil na YouTube kan\u00e1lu Judging Freedom a \u0159ekl, \u017ee to je Zelenskyj, kdo je zodpov\u011bdn\u00fd za smrt des\u00edtek tis\u00edc Ukrajinc\u016f. Zelenskyj je podle jeho slov zodpov\u011bdn\u00fd za smrt civilist\u016f na Ukrajin\u011b.<\/p>\n<p><em>\u201eZelenskyj bude bu\u010f donucen opustit Ukrajinu, nebo zem\u0159e rukou sv\u00fdch ob\u010dan\u016f, kte\u0159\u00ed mu p\u0159estali d\u016fv\u011b\u0159ovat,\u201c <\/em>\u0159ekl Ritter.<\/p>\n<p>D\u016fstojn\u00edk ve v\u00fdslu\u017eb\u011b dodal, \u017ee z\u00e1padn\u00ed v\u016fdci postupn\u011b ztr\u00e1cej\u00ed d\u016fv\u011bru v obraz vytvo\u0159en\u00fd Zelensk\u00fdm, a proto \u010dasto odm\u00edtaj\u00ed pomoci Ukrajin\u011b.\u00a0Ritter poznamenal, \u017ee kv\u016fli takov\u00e9 nebezpe\u010dn\u00e9 situaci bude Ukrajinu brzy \u010dekat dal\u0161\u00ed st\u00e1tn\u00ed p\u0159evrat.<\/p>\n<p><em>\u201eVzhledem k tomu, \u017ee presti\u017e prezidenta Ukrajiny postupn\u011b kles\u00e1, nem\u00e1 ji\u017e smysl, aby setrv\u00e1val u moci,\u201c<\/em>\u00a0uzav\u0159el Ritter.<\/p>\n<p>29. \u010dervence televizn\u00ed moder\u00e1tor Cory Bernardi\u00a0<a href=\"https:\/\/iz.ru\/1375642\/2022-08-05\/vedushchii-sky-news-raskritikoval-obraz-zelenskogo-v-zapadnykh-smi\" target=\"_blank\" rel=\"noreferrer noopener\">kritizoval Zelensk\u00e9ho<\/a>\u00a0a \u0159ekl, \u017ee prezident Ukrajiny nen\u00ed takov\u00fd, jak ho na Z\u00e1pad\u011b vid\u00ed.\u00a0Prohl\u00e1sil, \u017ee m\u00e9dia o hr\u016fz\u00e1ch, kter\u00e9 se v zemi za jeho vl\u00e1dy d\u011bj\u00ed, ml\u010d\u00ed.<\/p>\n<p>P\u0159edt\u00edm, 28. \u010dervence, kritizovala republik\u00e1nsk\u00e1 kongresmanka Lauren Bobertov\u00e1\u00a0<a href=\"https:\/\/iz.ru\/1371510\/2022-07-28\/kongressmen-ssha-raskritikovala-zelenskogo-za-fotosessiiu-v-vogue\" target=\"_blank\" rel=\"noreferrer noopener\">Zelensk\u00e9ho<\/a>\u00a0za focen\u00ed s jeho man\u017eelkou pro \u010dasopis Vogue.<\/p>\n<p>Ofici\u00e1ln\u00ed p\u0159edstavitelka rusk\u00e9ho ministerstva zahrani\u010d\u00ed Maria Zacharova z\u00e1rove\u0148 uvedla, \u017ee\u00a0<a href=\"https:\/\/iz.ru\/1371386\/2022-07-28\/zakharova-ukazala-na-ischerpanie-resursa-obraza-zelenskogo\" target=\"_blank\" rel=\"noreferrer noopener\">obraz Zelensk\u00e9ho se vy\u010derpal<\/a>.\u00a0Kv\u016fli tomu mus\u00ed hlava st\u00e1tu vyu\u017e\u00edvat svou man\u017eelku k udr\u017een\u00ed pozornosti.<\/p>\n<p>24. \u00fanora Rusko ozn\u00e1milo zah\u00e1jen\u00ed speci\u00e1ln\u00ed operace na ochranu civiln\u00edho obyvatelstva\u00a0<a href=\"https:\/\/iz.ru\/tag\/donbass\" target=\"_blank\" rel=\"noreferrer noopener\">Donbasu<\/a>.\u00a0 Za\u010dalo to na pozad\u00ed situace v regionu, kter\u00e1 se zhor\u0161ila v polovin\u011b \u00fanora.\u00a0Pot\u00e9 \u00fa\u0159ady DLR a LLR informovaly o zv\u00fd\u0161en\u00e9m ost\u0159elov\u00e1n\u00ed ukrajinsk\u00fdmi jednotkami, ozn\u00e1mily evakuaci civiln\u00edho obyvatelstva do Rusk\u00e9 federace a po\u017e\u00e1daly o uzn\u00e1n\u00ed nez\u00e1vislosti.\u00a021. \u00fanora rusk\u00fd prezident\u00a0<a href=\"https:\/\/iz.ru\/tag\/vladimir-putin\" target=\"_blank\" rel=\"noreferrer noopener\">Vladimir Putin<\/a>\u00a0podepsal odpov\u00eddaj\u00edc\u00ed dekret.<\/p>\n<p><iframe loading=\"lazy\" class=\"vipler\" src=\"https:\/\/iz.ru\/video\/embed\/1375901\" width=\"100%\" height=\"366\" allowfullscreen=\"allowfullscreen\" data-mce-fragment=\"1\"><\/iframe><\/p>\n<p><em>Pro Pokec24 p\u0159elo\u017eila Janinna.<\/em><\/p>\n<p><a href=\"https:\/\/bit.ly\/3bHRtAy\">ZDROJ<\/a><\/p>\n<p>&nbsp;<\/p>\n","protected":false},"excerpt":{"rendered":"<p>B\u00fdval\u00fd americk\u00fd zpravodajsk\u00fd d\u016fstojn\u00edk Scott Ritter hovo\u0159il o osudu prezidenta Volodymyra Zelensk\u00e9ho. B\u00fdval\u00fd americk\u00fd zpravodajsk\u00fd&#8230;<\/p>\n","protected":false},"author":2,"featured_media":13271,"comment_status":"closed","ping_status":"closed","sticky":false,"template":"","format":"standard","meta":[],"categories":[7],"tags":[474,26,2778,1000],"_links":{"self":[{"href":"https:\/\/www.infokuryr.cz\/n\/wp-json\/wp\/v2\/posts\/13270"}],"collection":[{"href":"https:\/\/www.infokuryr.cz\/n\/wp-json\/wp\/v2\/posts"}],"about":[{"href":"https:\/\/www.infokuryr.cz\/n\/wp-json\/wp\/v2\/types\/post"}],"author":[{"embeddable":true,"href":"https:\/\/www.infokuryr.cz\/n\/wp-json\/wp\/v2\/users\/2"}],"replies":[{"embeddable":true,"href":"https:\/\/www.infokuryr.cz\/n\/wp-json\/wp\/v2\/comments?post=13270"}],"version-history":[{"count":0,"href":"https:\/\/www.infokuryr.cz\/n\/wp-json\/wp\/v2\/posts\/13270\/revisions"}],"wp:featuredmedia":[{"embeddable":true,"href":"https:\/\/www.infokuryr.cz\/n\/wp-json\/wp\/v2\/media\/13271"}],"wp:attachment":[{"href":"https:\/\/www.infokuryr.cz\/n\/wp-json\/wp\/v2\/media?parent=13270"}],"wp:term":[{"taxonomy":"category","embeddable":true,"href":"https:\/\/www.infokuryr.cz\/n\/wp-json\/wp\/v2\/categories?post=13270"},{"taxonomy":"post_tag","embeddable":true,"href":"https:\/\/www.infokuryr.cz\/n\/wp-json\/wp\/v2\/tags?post=13270"}],"curies":[{"name":"wp","href":"https:\/\/api.w.org\/{rel}","templated":true}]}}