{"id":13268,"date":"2022-08-07T06:14:21","date_gmt":"2022-08-07T04:14:21","guid":{"rendered":"http:\/\/www.infokuryr.cz\/n\/?p=13268"},"modified":"2022-08-07T06:14:21","modified_gmt":"2022-08-07T04:14:21","slug":"vyhnani-a-genocida-den-smutku-za-srby-zabite-chorvaty","status":"publish","type":"post","link":"https:\/\/www.infokuryr.cz\/n\/2022\/08\/07\/vyhnani-a-genocida-den-smutku-za-srby-zabite-chorvaty\/","title":{"rendered":"Vyhn\u00e1n\u00ed a genocida: Den smutku za Srby zabit\u00e9 Chorvaty"},"content":{"rendered":"<div id=\"fb-root\"><\/div>\n<p><span style=\"font-size: 18pt;\"><strong>4. srpna Srbsko uctilo pam\u00e1tku ob\u011bt\u00ed jedn\u00e9 z nejv\u011bt\u0161\u00edch etnick\u00fdch \u010distek po druh\u00e9 sv\u011btov\u00e9 v\u00e1lce v Evrop\u011b \u2013 chorvatsk\u00e9 operace \u201eBou\u0159e\u201c.<\/strong><\/span><\/p>\n<p>V zemi byl vyhl\u00e1\u0161en den smutku.<\/p>\n<p>P\u0159ed 27 lety bylo p\u0159i kampani, kter\u00e1 trvala pouh\u00fdch p\u011bt dn\u00ed, asi 250 tis\u00edc Srb\u016f ze Srbsk\u00e9 Krajiny vyhn\u00e1no ze sv\u00fdch domov\u016f, n\u011bkter\u00e9 vesnice byly zcela zni\u010deny i s jejich obyvateli.<\/p>\n<p>Tehdy Chorvat\u016fm pom\u00e1hali i Bos\u0148an\u00e9 \u2013 sou\u010d\u00e1st arm\u00e1dy BiH.<\/p>\n<p>Ob\u011bt\u00ed perzekuce se stalo v\u00edce ne\u017e dva tis\u00edce civilist\u016f.<\/p>\n<div class=\"wp-block-image\">\n<figure class=\"aligncenter size-large is-resized\"><img decoding=\"async\" loading=\"lazy\" class=\"aligncenter\" src=\"https:\/\/www.politnavigator.net\/wp-content\/uploads\/2022\/08\/photo_2022-08-05_05-31-34.jpg\" alt=\"\" width=\"-87\" height=\"-47\" \/><\/figure>\n<\/div>\n<p><strong>Ko\u0159eny t\u00e9to nen\u00e1visti je t\u0159eba hledat ji\u017e p\u0159ed druhou sv\u011btovou v\u00e1lkou, pr\u00e1v\u011b tehdy vykvetla v bujar\u00fdch barv\u00e1ch.\u00a0Sta\u010d\u00ed p\u0159ipomenout t\u00e1bor smrti Jasenovac, na jeho\u017e \u00fazem\u00ed zem\u0159elo asi 700 000 Srb\u016f.<\/strong><\/p>\n<p>Srbsk\u00fd v\u016fdce Alekxandr Vu\u010di\u0107 nesm\u011bl p\u0159ed v\u00edce ne\u017e dv\u011bma t\u00fddny nav\u0161t\u00edvit pam\u00e1tn\u00edk v m\u00edst\u011b t\u00e1bora, aby mohl alespo\u0148 v soukrom\u00ed vzd\u00e1t \u010dest pam\u00e1tce sv\u00fdch umu\u010den\u00fdch krajan\u016f.\u00a0Byl nemilosrdn\u011b odm\u00edtnut.\u00a0 Zaj\u00edmav\u00e9\u2026 jestlipak by izraelsk\u00e9ho l\u00eddra tak\u00e9 nepustili do Osv\u011btimi?<\/p>\n<p>(V\u00edce o historii Srbska a Chorvatska, o koncentra\u010dn\u00edm t\u00e1bo\u0159e Jasenovac zde:\u00a0<a href=\"https:\/\/www.pokec24.cz\/historie\/nejvetsi-prispevek-jak-chorvatsko-vlastne-bojovalo-proti-nacismu\/\">https:\/\/www.pokec24.cz\/historie\/nejvetsi-prispevek-jak-chorvatsko-vlastne-bojovalo-proti-nacismu\/<\/a>)<\/p>\n<p>Situace s Chorvatskem p\u0159ipom\u00edn\u00e1 to, co se d\u011blo na Ukrajin\u011b v posledn\u00edch desetilet\u00edch, kdy byli banderov\u0161t\u00ed zlo\u010dinci a kati postaveni na rove\u0148 n\u00e1rodn\u00edm hrdin\u016fm.<\/p>\n<p>\u201eBou\u0159e\u201c, podle chorvatsk\u00e9 propagandy, byla naprosto norm\u00e1ln\u00edm pokra\u010dov\u00e1n\u00edm \u201eboje za nez\u00e1vislost\u201c.<\/p>\n<p>Nen\u00e1vist k Srb\u016fm se nyn\u00ed p\u011bstuje u mlad\u00e9 generace Chorvat\u016f.<\/p>\n<p>Sta\u010d\u00ed se prost\u011b sezn\u00e1mit s d\u011btskou hrou \u201eOluja\u201c s motivy operace a vid\u011bt usta\u0161ovsk\u00e9 uniformy pro d\u011bti.<\/p>\n<div class=\"wp-block-image\">\n<figure class=\"aligncenter size-large\"><img decoding=\"async\" class=\"aligncenter\" src=\"https:\/\/www.politnavigator.net\/wp-content\/uploads\/2022\/08\/photo_2022-08-05_05-21-45.jpg\" alt=\"\" \/><\/figure>\n<\/div>\n<h2><\/h2>\n<div class=\"wp-block-image\">\n<figure class=\"aligncenter size-large is-resized\"><img decoding=\"async\" loading=\"lazy\" class=\"aligncenter\" src=\"https:\/\/www.politnavigator.net\/wp-content\/uploads\/2022\/08\/photo_2022-08-05_05-21-45-2.jpg\" alt=\"\" width=\"640\" height=\"397\" \/><\/figure>\n<\/div>\n<p>To je stejn\u00e9 jako by v N\u011bmecku, byly d\u011bti oble\u010den\u00e9 v uniform\u011b \u201eSS\u201c.\u00a0Nen\u00ed divu, \u017ee dal\u0161\u00ed generace Chorvat\u016f vyr\u016fst\u00e1 na p\u016fd\u011b srbofobie.<\/p>\n<p>Za\u010d\u00e1tek \u201eBou\u0159e\u201c je pro Chorvaty jejich zvr\u00e1cen\u00fd \u201eDen v\u00edt\u011bzstv\u00ed\u201c, kdy zp\u00edvaj\u00ed p\u00edsn\u011b o Srbech, kter\u00e9 zabili (sta\u010d\u00ed si p\u0159e\u010d\u00edst jejich texty \u2013 jsou v nich zvl\u00e1\u0161t\u011b zd\u016frazn\u011bny nacistick\u00e9 my\u0161lenky), \u0159vou sv\u00e1 fa\u0161istick\u00e1 hesla jako \u201eSrbov\u00e9 na vrby\u201c (tak vyz\u00fdvali v\u011b\u0161et p\u0159edstavitele vlastn\u011b bratrsk\u00e9ho n\u00e1roda) a \u201eZa dom spremni\u201c (P\u0159ipraveni pro vlast!) jako fa\u0161istick\u00e9 \u00abSieg Heil!\u00bb.<\/p>\n<p>Nen\u00e1vist v\u016f\u010di Srb\u016fm a prezidentu Vu\u010di\u0107ovi n\u011bkdy dosahuje obludn\u00fdch rozm\u011br\u016f.<\/p>\n<p><strong>Tak\u017ee nap\u0159\u00edklad v kav\u00e1rn\u011b na chorvatsk\u00e9m ostrov\u011b Bra\u010d je na ka\u017ed\u00e9 \u00fa\u010dtence (krom\u011b standardn\u00edch cifer) v den v\u00fdro\u010d\u00ed \u201eBou\u0159e\u201c vyti\u0161t\u011bn n\u00e1pis \u201eSmrt Vu\u010di\u0107ovi \u2013 a\u0165 \u017eije Chorvatsko!\u201c<\/strong><\/p>\n<div class=\"wp-block-image\">\n<figure class=\"aligncenter size-large is-resized\"><img decoding=\"async\" loading=\"lazy\" class=\"aligncenter\" src=\"https:\/\/www.politnavigator.net\/wp-content\/uploads\/2022\/08\/photo_2022-08-05_05-19-39.jpg\" alt=\"\" width=\"413\" height=\"686\" \/><\/figure>\n<\/div>\n<p>Srbsk\u00fd prezident Alexandr Vu\u010di\u0107 promluvil k obyvatel\u016fm na smute\u010dn\u00edm setk\u00e1n\u00ed v Nov\u00e9m Sadu v\u011bnovan\u00e9m tragick\u00fdm ud\u00e1lostem p\u0159ed t\u00e9m\u011b\u0159 30 lety.<\/p>\n<p><em>\u201eKv\u016fli situaci na Ukrajin\u011b se mnoz\u00ed proti n\u00e1m spojili, mysleli si, \u017ee maj\u00ed mo\u017enost znovu za\u010d\u00edt ni\u010dit srbsk\u00fd n\u00e1rod.\u00a0Mysl\u00ed si, \u017ee to byla dobr\u00e1 doba, ale v jednom se spletli.\u00a0Toto nen\u00ed Srbsko por\u00e1\u017eky, toto nen\u00ed to Srbsko, kter\u00e9 se v\u00e1s bude b\u00e1t a nebude v\u00e1m vzdorovat.<\/em><\/p>\n<p><em>Budeme br\u00e1nit Srbsko a reagovat na jejich hysterii, l\u017ei a hrozby trp\u011bliv\u011b, ale rozhodn\u011b.\u00a0Nikdy nezapomeneme na utrpen\u00ed krajan\u016f.\u00a0Nevyhro\u017eujte n\u00e1m znovu!\u2026 U\u017e nikdy nebudou v tichosti zakryty zlo\u010diny proti na\u0161emu n\u00e1rodu,\u201c<\/em>\u00a0\u0159ekl Vu\u010di\u0107.<\/p>\n<p>Podle jeho slov je ostudn\u00e9 zapom\u00ednat na takov\u00e9 situace, historie by se m\u011bla uchov\u00e1vat v pam\u011bti lid\u00ed.\u00a0 B\u00fdval\u00e9 \u00fa\u0159ady zem\u011b se dlouhou dobu usilovn\u011b sna\u017eily odsunout tento zlo\u010din do zapomn\u011bn\u00ed.<\/p>\n<div class=\"wp-block-image\">\n<figure class=\"aligncenter size-large\"><img decoding=\"async\" class=\"aligncenter\" src=\"https:\/\/www.politnavigator.net\/wp-content\/uploads\/2022\/08\/photo_2022-08-05_05-19-28.jpg\" alt=\"\" \/><\/figure>\n<\/div>\n<p><em>\u201ePo mnoho let v Srbsku nebyl nikdo, kdo by si vzpomn\u011bl na na\u0161e ob\u011bti, nebyl nikdo, kdo by \u0159ekl, \u017ee bombardovali kolony, zab\u00edjeli d\u011bti a starce, mal\u00e9 bratry a sestry,\u201c<\/em>\u00a0zd\u016fraznil srbsk\u00fd v\u016fdce.<\/p>\n<p>Poznamenal tak\u00e9, \u017ee nedovol\u00ed p\u0159episov\u00e1n\u00ed historie.<\/p>\n<p>K p\u0159\u00edtomn\u00fdm promluvil tak\u00e9 Milorad Dodik, srbsk\u00fd \u010dlen p\u0159edsednictva Bosny a Hercegoviny.<\/p>\n<p><em>\u201eP\u0159ed dev\u00edti lety vyhl\u00e1sil srbsk\u00fd prezident Alexandr Vu\u010di\u0107 tento Den pam\u00e1tky, aby ob\u011bti nikdy nebyly zapomenuty.\u00a0Srbov\u00e9 z Krajiny nezmizeli, pomalu se vzpamatov\u00e1v\u00e1me tady i v Republice srbsk\u00e9, kde jich je 56 tis\u00edc.\u00a0Vst\u00e1v\u00e1me, abychom mohli \u0159\u00edci, \u017ee nejsme ani Chorvati, ani Bos\u0148an\u00e9, ale Srbov\u00e9.<\/em><\/p>\n<p><em>Narodil jsem se v Banja Luka, ale moje zem\u011b je Srbsko, nem\u00e1m jinou zemi ani jinou identitu.\u00a0Jednoho dne mus\u00ed nastat na\u0161e srbsk\u00e1 a n\u00e1rodn\u00ed jednota.\u00a0Osud Srb\u016f je komplikovan\u00fd.\u00a0Ale nesm\u00edme se u\u017e nechat nik\u00fdm ovl\u00e1dat.\u00a0Mus\u00edme se shrom\u00e1\u017edit kolem veden\u00ed st\u00e1tu a v\u011bd\u011bt, \u017ee u\u017e nebudou \u017e\u00e1dn\u00e9 kolony uprchl\u00edk\u016f, pokud n\u00e1s bude Srbsko br\u00e1nit a Srbsko se m\u016f\u017ee br\u00e1nit, jen kdy\u017e bude siln\u00e9.<\/em><\/p>\n<p><em>Byli jsme zab\u00edjeni Chorvaty b\u011bhem druh\u00e9 sv\u011btov\u00e9 v\u00e1lky a tak\u00e9 v t\u00e9to ob\u010dansk\u00e9 v\u00e1lce.\u00a0Postoj k Srb\u016fm v t\u00e9to zemi z\u016fstal stejn\u00fd do dne\u0161n\u00edch dn\u016f, proto\u017ee chorvatsk\u00fd st\u00e1t Srb\u016fm majetek nikdy nevr\u00e1til.\u00a0Pom\u00e1hala jim tam i Evropsk\u00e1 unie, byla to loupe\u017e, kter\u00e1 trv\u00e1 dodnes\u2026 Byl jsem zvolen jm\u00e9nem n\u00e1roda, abych chr\u00e1nil na\u0161e lidi.\u00a0Ud\u011bl\u00e1m to bez ohledu na sankce a hrozby,\u201c<\/em>\u00a0\u0159ekl Dodik.<\/p>\n<p>Ministr vnitra Alexandr Vulin \u0159ekl, \u017ee operace \u201eBou\u0159e\u201c byla zlo\u010dinem, kter\u00fd B\u016fh m\u016f\u017ee odpustit, ale Srbov\u00e9 nemohou ani odpustit, ani zapomenout.<\/p>\n<p><em>\u201eBou\u0159e\u201c nen\u00ed jen ostudou Chorvatska, je to prost\u011b pokra\u010dov\u00e1n\u00ed hanebn\u00e9 politiky generac\u00ed chorvatsk\u00fdch \u00fa\u0159ad\u016f s c\u00edlem vyhladit srbsk\u00fd n\u00e1rod.\u00a0\u201eBou\u0159e\u201c je ostudou OSN, proto\u017ee vyhnan\u00ed Srbov\u00e9 \u017eili v z\u00f3n\u00e1ch pod ochranou OSN, bez zbran\u00ed a ochrany.<\/em><\/p>\n<p>\u201e<em>Bou\u0159e\u201c zahanbuje tak\u00e9 EU, proto\u017ee proti sv\u00e9mu \u010dlenovi, kter\u00fd slav\u00ed nejv\u011bt\u0161\u00ed etnick\u00e9 \u010distky v Evrop\u011b od 2. sv\u011btov\u00e9 v\u00e1lky a obnovuje usta\u0161ovsk\u00e9 symboly a usta\u0161ovsk\u00e9 zvyky v\u016f\u010di Srb\u016fm, nikdy nepronesla jedin\u00e9 slovo odsouzen\u00ed.<\/em><\/p>\n<p><em>\u201eBou\u0159e\u201c je hanbou haagsk\u00e9ho tribun\u00e1lu, proto\u017ee prohl\u00e1sil \u00fatok za zlo\u010din, ale zlo\u010dince neodsoudil,\u201c<\/em>\u00a0\u0159ekl Vulin.<\/p>\n<p>B\u00fdval\u00fd ministr zahrani\u010d\u00ed Jugosl\u00e1vie \u017divadin Jovanovi\u0107 se domn\u00edv\u00e1, \u017ee z\u00e1m\u011br Chorvat\u016f zm\u011bnit historii se stal jak\u00fdmsi paradigmatem a \u017ee se nyn\u00ed Chorvati sna\u017e\u00ed prezentovat sebe jako ob\u011bti \u00fadajn\u00e9 srbsk\u00e9 genocidy.\u00a0Uv\u00e1d\u00ed, \u017ee tyto postoje chorvatsk\u00e9 strany jsou podobn\u00e1 t\u011bm, \u017ee za \u201eBou\u0159i\u201c a masov\u00fd exodus ze Srbsk\u00e9 Krajiny mohou sami Srbov\u00e9.<\/p>\n<p><em>\u201eChorvati jsou nyn\u00ed ve f\u00e1zi front\u00e1ln\u00edho \u00fatoku na historick\u00e1 fakta, spol\u00e9haj\u00ed a op\u00edraj\u00ed se o tyto nov\u00e9 evropsk\u00e9 trendy, proto\u017ee nyn\u00ed nastala chv\u00edle pro tot\u00e1ln\u00ed revizi a pop\u0159en\u00ed v\u0161ech zji\u0161t\u011bn\u00fdch fakt\u016f.\u00a0To by nem\u011blo b\u00fdt ch\u00e1p\u00e1no jako n\u011bco neobvykl\u00e9ho, ale m\u011blo by to b\u00fdt ch\u00e1p\u00e1no jako trend,\u201c\u00a0<\/em>\u0159ekl Jovanovi\u0107.<\/p>\n<p>Pro Pokec24 p\u0159elo\u017eila Janinna.<\/p>\n<p><a href=\"https:\/\/bit.ly\/3JBSQNJ\">ZDROJ<\/a><\/p>\n","protected":false},"excerpt":{"rendered":"<p>4. srpna Srbsko uctilo pam\u00e1tku ob\u011bt\u00ed jedn\u00e9 z nejv\u011bt\u0161\u00edch etnick\u00fdch \u010distek po druh\u00e9 sv\u011btov\u00e9 v\u00e1lce&#8230;<\/p>\n","protected":false},"author":2,"featured_media":13269,"comment_status":"closed","ping_status":"closed","sticky":false,"template":"","format":"standard","meta":[],"categories":[7],"tags":[199,871,1936,139],"_links":{"self":[{"href":"https:\/\/www.infokuryr.cz\/n\/wp-json\/wp\/v2\/posts\/13268"}],"collection":[{"href":"https:\/\/www.infokuryr.cz\/n\/wp-json\/wp\/v2\/posts"}],"about":[{"href":"https:\/\/www.infokuryr.cz\/n\/wp-json\/wp\/v2\/types\/post"}],"author":[{"embeddable":true,"href":"https:\/\/www.infokuryr.cz\/n\/wp-json\/wp\/v2\/users\/2"}],"replies":[{"embeddable":true,"href":"https:\/\/www.infokuryr.cz\/n\/wp-json\/wp\/v2\/comments?post=13268"}],"version-history":[{"count":0,"href":"https:\/\/www.infokuryr.cz\/n\/wp-json\/wp\/v2\/posts\/13268\/revisions"}],"wp:featuredmedia":[{"embeddable":true,"href":"https:\/\/www.infokuryr.cz\/n\/wp-json\/wp\/v2\/media\/13269"}],"wp:attachment":[{"href":"https:\/\/www.infokuryr.cz\/n\/wp-json\/wp\/v2\/media?parent=13268"}],"wp:term":[{"taxonomy":"category","embeddable":true,"href":"https:\/\/www.infokuryr.cz\/n\/wp-json\/wp\/v2\/categories?post=13268"},{"taxonomy":"post_tag","embeddable":true,"href":"https:\/\/www.infokuryr.cz\/n\/wp-json\/wp\/v2\/tags?post=13268"}],"curies":[{"name":"wp","href":"https:\/\/api.w.org\/{rel}","templated":true}]}}