{"id":1324,"date":"2021-05-02T13:43:55","date_gmt":"2021-05-02T11:43:55","guid":{"rendered":"http:\/\/www.infokuryr.cz\/n\/?p=1324"},"modified":"2021-05-02T15:16:14","modified_gmt":"2021-05-02T13:16:14","slug":"pravoslavne-cirkve-slavi-dnesni-nedeli-velikonoce","status":"publish","type":"post","link":"https:\/\/www.infokuryr.cz\/n\/2021\/05\/02\/pravoslavne-cirkve-slavi-dnesni-nedeli-velikonoce\/","title":{"rendered":"Pravoslavn\u00e9 c\u00edrkve slav\u00ed dne\u0161n\u00ed ned\u011bli Velikonoce"},"content":{"rendered":"<div id=\"fb-root\"><\/div>\n<p>Pravoslavn\u00ed ukrajin\u0161t\u00ed k\u0159es\u0165an\u00e9 o t\u00e9to\u00a0 ned\u011bli 2. kv\u011btna slavili <a href=\"http:\/\/pcoteplice.eu\/fotogalerie-2\/\">pravoslavn\u00e9 Velikono\u010dn\u00ed sv\u00e1tky<\/a>. Duchovn\u00edm centrem v\u0161ech ukrajinsk\u00fdch v\u011b\u0159\u00edc\u00edch jsou v \u010cesk\u00e9 republice l\u00e1ze\u0148sk\u00e9 m\u011bsto Teplice.<\/p>\n<p>Nejvy\u0161\u0161\u00ed duchovn\u00ed p\u0159edstavitel Pravoslavn\u00e9 c\u00edrkve Ukrajiny v \u010cesk\u00e9 republice archimandrita Eugen (<em class=\"bbcode italic\">arciopat\u00a0 a 59. velmistr pravoslavn\u00e9ho\u00a0 <a href=\"https:\/\/orderofknights.org\/\">Ryt\u00ed\u0159sk\u00e9ho \u0159\u00e1du sv. Konstantina Velik\u00e9ho<\/a>\u00a0 PhDr. ThDr. Mgr. Eugen S. Freimann, Ph.D., M.A.) <\/em>odslou\u017eil slavnostn\u00ed liturgii v kapli V\u0161ech svat\u00fdch zem\u011b \u010desk\u00e9 v Teplic\u00edch pro zhruba 50 pravoslavn\u00fdch v\u011b\u0159\u00edc\u00edch. P\u0159\u00edtomnost v\u011b\u0159\u00edc\u00edch byla omezena\u00a0 \u00a0z d\u016fvodu vl\u00e1dn\u00edch koronovirov\u00fdch na\u0159\u00edzen\u00edch. Na bohoslu\u017ebu byli vpu\u0161t\u011bn\u00ed pouze v\u011b\u0159\u00edc\u00ed, kte\u0159\u00ed byli dop\u0159edu zaregistrov\u00e1ni a dolo\u017eili o\u010dkov\u00e1n\u00ed nebo negativn\u00ed potvrzen\u00ed o proveden\u00fdch testech, ne star\u0161\u00ed 24 hodin.<\/p>\n<p>V sou\u010dasn\u00e9 dob\u011b \u017eije v \u010cesk\u00e9 republice na 150 tis\u00edc ukrajinsk\u00fdch ob\u010dan\u016f, nad kter\u00fdmi m\u00e1 jurisdik\u010dn\u00ed pravomoc pr\u00e1v\u011b\u00a0 <a href=\"http:\/\/pcoteplice.eu\/\">Pravoslavn\u00e1 c\u00edrkevn\u00ed obec v Teplic\u00edch<\/a> se s\u00eddlem v l\u00e1ze\u0148sk\u00e9m m\u011bst\u011b Teplice, kter\u00e1 \u0159\u00edd\u00ed v \u010cesk\u00e9 republice svoji duchovn\u00ed misi pro v\u0161echny ukrajinsk\u00e9 v\u011b\u0159\u00edc\u00ed, kte\u0159\u00ed v \u010cesk\u00e9 republice pob\u00fdvaj\u00ed.<\/p>\n<p>Pravoslavn\u00e1 c\u00edrkev Ukrajiny\u00a0 \u00a0je v p\u0159\u00edsn\u00e9m rozporu s\u00a0 \u010ceskou pravoslavnou c\u00edrkv\u00ed, ke kter\u00e9 se v \u010cR hl\u00e1s\u00ed pouze 19 tis\u00edc v\u011b\u0159\u00edc\u00edch .<\/p>\n<p>Ukrajinsk\u00e1 c\u00edrkev byla a je to c\u00edrkev pron\u00e1sledovan\u00e1 rusk\u00fdm propagandistick\u00fdm re\u017eimem a sou\u010dasn\u00e1 \u010cesk\u00e1 pravoslavn\u00e1 c\u00edrkev, pod kontrolou moskevsk\u00e9ho re\u017eimu je tak\u00e9 str\u016fjcem pokra\u010duj\u00edc\u00ed likvidace a c\u00edlen\u00e9 placen\u00e9 dehonestace t\u00e9to c\u00edrkve. Zaj\u00edmav\u00e9 je, \u017ee Babi\u0161 a spol. , kte\u0159\u00ed dnes vyvol\u00e1vaj\u00ed vlnu nevole a otev\u0159enou rusofobii proti v\u0161emu rusk\u00e9mu, p\u0159itom podporuj\u00ed tuto likvidaci a to i prost\u0159ednictv\u00edm sv\u00fdm bulv\u00e1rn\u00edch medi\u00edch MfDnes, iDnes z jeho sv\u011b\u0159eneck\u00e9ho fondu.<\/p>\n<p><img decoding=\"async\" loading=\"lazy\" class=\"alignnone wp-image-1325\" src=\"http:\/\/www.infokuryr.cz\/n\/wp-content\/uploads\/2021\/05\/2-169x300.jpg\" alt=\"\" width=\"188\" height=\"334\" srcset=\"https:\/\/www.infokuryr.cz\/n\/wp-content\/uploads\/2021\/05\/2-169x300.jpg 169w, https:\/\/www.infokuryr.cz\/n\/wp-content\/uploads\/2021\/05\/2-576x1024.jpg 576w, https:\/\/www.infokuryr.cz\/n\/wp-content\/uploads\/2021\/05\/2-768x1366.jpg 768w, https:\/\/www.infokuryr.cz\/n\/wp-content\/uploads\/2021\/05\/2-864x1536.jpg 864w, https:\/\/www.infokuryr.cz\/n\/wp-content\/uploads\/2021\/05\/2.jpg 1012w\" sizes=\"(max-width: 188px) 100vw, 188px\" \/><img decoding=\"async\" loading=\"lazy\" class=\"alignnone wp-image-1326\" src=\"http:\/\/www.infokuryr.cz\/n\/wp-content\/uploads\/2021\/05\/3-225x300.jpg\" alt=\"\" width=\"199\" height=\"265\" srcset=\"https:\/\/www.infokuryr.cz\/n\/wp-content\/uploads\/2021\/05\/3-225x300.jpg 225w, https:\/\/www.infokuryr.cz\/n\/wp-content\/uploads\/2021\/05\/3-768x1024.jpg 768w, https:\/\/www.infokuryr.cz\/n\/wp-content\/uploads\/2021\/05\/3-1152x1536.jpg 1152w, https:\/\/www.infokuryr.cz\/n\/wp-content\/uploads\/2021\/05\/3-1024x1365.jpg 1024w, https:\/\/www.infokuryr.cz\/n\/wp-content\/uploads\/2021\/05\/3.jpg 1350w\" sizes=\"(max-width: 199px) 100vw, 199px\" \/><img decoding=\"async\" loading=\"lazy\" class=\"alignnone size-medium wp-image-1327\" src=\"http:\/\/www.infokuryr.cz\/n\/wp-content\/uploads\/2021\/05\/4-169x300.jpg\" alt=\"\" width=\"169\" height=\"300\" srcset=\"https:\/\/www.infokuryr.cz\/n\/wp-content\/uploads\/2021\/05\/4-169x300.jpg 169w, https:\/\/www.infokuryr.cz\/n\/wp-content\/uploads\/2021\/05\/4-576x1024.jpg 576w, https:\/\/www.infokuryr.cz\/n\/wp-content\/uploads\/2021\/05\/4-768x1366.jpg 768w, https:\/\/www.infokuryr.cz\/n\/wp-content\/uploads\/2021\/05\/4-864x1536.jpg 864w, https:\/\/www.infokuryr.cz\/n\/wp-content\/uploads\/2021\/05\/4.jpg 1012w\" sizes=\"(max-width: 169px) 100vw, 169px\" \/><\/p>\n<p><img decoding=\"async\" loading=\"lazy\" class=\"alignnone size-full wp-image-1185\" src=\"http:\/\/www.infokuryr.cz\/n\/wp-content\/uploads\/2021\/04\/kuryr-podpis.png\" alt=\"\" width=\"84\" height=\"24\" \/><\/p>\n<p>&nbsp;<\/p>\n<p>&nbsp;<\/p>\n<p>&nbsp;<\/p>\n<p>&nbsp;<\/p>\n","protected":false},"excerpt":{"rendered":"<p>Pravoslavn\u00ed ukrajin\u0161t\u00ed k\u0159es\u0165an\u00e9 o t\u00e9to\u00a0 ned\u011bli 2. kv\u011btna slavili pravoslavn\u00e9 Velikono\u010dn\u00ed sv\u00e1tky. Duchovn\u00edm centrem v\u0161ech&#8230;<\/p>\n","protected":false},"author":2,"featured_media":1331,"comment_status":"closed","ping_status":"closed","sticky":false,"template":"","format":"standard","meta":[],"categories":[6],"tags":[251,250,253,252],"_links":{"self":[{"href":"https:\/\/www.infokuryr.cz\/n\/wp-json\/wp\/v2\/posts\/1324"}],"collection":[{"href":"https:\/\/www.infokuryr.cz\/n\/wp-json\/wp\/v2\/posts"}],"about":[{"href":"https:\/\/www.infokuryr.cz\/n\/wp-json\/wp\/v2\/types\/post"}],"author":[{"embeddable":true,"href":"https:\/\/www.infokuryr.cz\/n\/wp-json\/wp\/v2\/users\/2"}],"replies":[{"embeddable":true,"href":"https:\/\/www.infokuryr.cz\/n\/wp-json\/wp\/v2\/comments?post=1324"}],"version-history":[{"count":0,"href":"https:\/\/www.infokuryr.cz\/n\/wp-json\/wp\/v2\/posts\/1324\/revisions"}],"wp:featuredmedia":[{"embeddable":true,"href":"https:\/\/www.infokuryr.cz\/n\/wp-json\/wp\/v2\/media\/1331"}],"wp:attachment":[{"href":"https:\/\/www.infokuryr.cz\/n\/wp-json\/wp\/v2\/media?parent=1324"}],"wp:term":[{"taxonomy":"category","embeddable":true,"href":"https:\/\/www.infokuryr.cz\/n\/wp-json\/wp\/v2\/categories?post=1324"},{"taxonomy":"post_tag","embeddable":true,"href":"https:\/\/www.infokuryr.cz\/n\/wp-json\/wp\/v2\/tags?post=1324"}],"curies":[{"name":"wp","href":"https:\/\/api.w.org\/{rel}","templated":true}]}}