{"id":13234,"date":"2022-08-06T07:08:30","date_gmt":"2022-08-06T05:08:30","guid":{"rendered":"http:\/\/www.infokuryr.cz\/n\/?p=13234"},"modified":"2022-08-06T07:08:30","modified_gmt":"2022-08-06T05:08:30","slug":"madarsko-a-polsko-odmitly-podporit-plan-na-snizeni-spotreby-plynu-o-15","status":"publish","type":"post","link":"https:\/\/www.infokuryr.cz\/n\/2022\/08\/06\/madarsko-a-polsko-odmitly-podporit-plan-na-snizeni-spotreby-plynu-o-15\/","title":{"rendered":"Ma\u010farsko a Polsko odm\u00edtly podpo\u0159it pl\u00e1n na sn\u00ed\u017een\u00ed spot\u0159eby plynu o 15 %"},"content":{"rendered":"<div id=\"fb-root\"><\/div>\n<p><strong>Rada EU zve\u0159ejnila\u00a0<a href=\"https:\/\/www.consilium.europa.eu\/en\/policies\/energy-prices\/\" target=\"_blank\" rel=\"noopener\">dokument<\/a>\u00a0, kter\u00fd p\u0159in\u00e1\u0161\u00ed v\u00fdsledky hlasov\u00e1n\u00ed o schv\u00e1len\u00ed opat\u0159en\u00ed nutn\u00fdch k \u00faspor\u00e1m plynu.\u00a0\u00dadaje ukazuj\u00ed, \u017ee 2 z 27 zem\u00ed, kter\u00e9 tvo\u0159\u00ed Evropskou unii, odm\u00edtly schv\u00e1lit pl\u00e1n na sn\u00ed\u017een\u00ed popt\u00e1vky po plynu o 15 %.\u00a0Ma\u010farsko a Polsko s n\u00e1vrhem nesouhlasily.\u00a0To neovlivnilo celkov\u00e9 rozhodnut\u00ed, proto\u017ee ke schv\u00e1len\u00ed pl\u00e1nu je pot\u0159eba prost\u00e1 v\u011bt\u0161ina hlas\u016f.<\/strong><\/p>\n<p><span>Omezen\u00ed odb\u011bru plynu je zavedeno na obdob\u00ed od 1.8.2022 do 31.3.2023.\u00a0P\u0159edpokl\u00e1d\u00e1 se, \u017ee zpo\u010d\u00e1tku je sn\u00ed\u017een\u00ed popt\u00e1vky po plynu dobrovoln\u00e9.\u00a0Pokud se v\u0161ak situace v energetick\u00e9m sektoru EU s bl\u00ed\u017e\u00edc\u00edm se zimn\u00edm obdob\u00edm zhor\u0161\u00ed, mohou b\u00fdt zavedeny povinn\u00e9 sazby spot\u0159eby.<\/span><\/p>\n<p><span>Schv\u00e1len\u00fd pl\u00e1n nestanov\u00ed konkr\u00e9tn\u00ed zp\u016fsoby, jak sn\u00ed\u017eit popt\u00e1vku po plynu.\u00a0Ka\u017ed\u00e1 zem\u011b si je m\u016f\u017ee vybrat nez\u00e1visle.<\/span><\/p>\n<p><span>N\u011bkter\u00e9 st\u00e1ty mohou b\u00fdt osvobozeny od povinnosti sni\u017eovat spot\u0159ebu plynu.\u00a0Hovo\u0159\u00edme o ostrovn\u00edch zem\u00edch a tak\u00e9 o pobaltsk\u00fdch zem\u00edch.<\/span><\/p>\n<p><span>C\u00edlovou hodnotu \u00faspor pro konkr\u00e9tn\u00ed st\u00e1t lze sn\u00ed\u017eit, pokud se mu poda\u0159\u00ed naplnit z\u00e1sobn\u00edky plynu nad pl\u00e1n.\u00a0V\u00fdjimky ze z\u00e1vazku mohou b\u00fdt dostupn\u00e9 tak\u00e9 t\u011bm zem\u00edm, kde se plyn pou\u017e\u00edv\u00e1 jako surovina v d\u016fle\u017eit\u00e9m pr\u016fmyslov\u00e9m odv\u011btv\u00ed.<\/span><\/p>\n<p><span>O\u010dek\u00e1v\u00e1 se, \u017ee v kv\u011btnu 2023 Evropsk\u00e1 komise rozhodne, zda prodlou\u017e\u00ed zaveden\u00e1 omezen\u00ed spot\u0159eby plynu.<\/span><\/p>\n<p><img decoding=\"async\" loading=\"lazy\" class=\"alignnone size-full wp-image-1185\" src=\"http:\/\/www.infokuryr.cz\/n\/wp-content\/uploads\/2021\/04\/kuryr-podpis.png\" alt=\"\" width=\"84\" height=\"24\" \/><\/p>\n<p>&nbsp;<\/p>\n","protected":false},"excerpt":{"rendered":"<p>Rada EU zve\u0159ejnila\u00a0dokument\u00a0, kter\u00fd p\u0159in\u00e1\u0161\u00ed v\u00fdsledky hlasov\u00e1n\u00ed o schv\u00e1len\u00ed opat\u0159en\u00ed nutn\u00fdch k \u00faspor\u00e1m plynu.\u00a0\u00dadaje ukazuj\u00ed,&#8230;<\/p>\n","protected":false},"author":2,"featured_media":1226,"comment_status":"closed","ping_status":"closed","sticky":false,"template":"","format":"standard","meta":[],"categories":[7],"tags":[41,78,1008,31,2983],"_links":{"self":[{"href":"https:\/\/www.infokuryr.cz\/n\/wp-json\/wp\/v2\/posts\/13234"}],"collection":[{"href":"https:\/\/www.infokuryr.cz\/n\/wp-json\/wp\/v2\/posts"}],"about":[{"href":"https:\/\/www.infokuryr.cz\/n\/wp-json\/wp\/v2\/types\/post"}],"author":[{"embeddable":true,"href":"https:\/\/www.infokuryr.cz\/n\/wp-json\/wp\/v2\/users\/2"}],"replies":[{"embeddable":true,"href":"https:\/\/www.infokuryr.cz\/n\/wp-json\/wp\/v2\/comments?post=13234"}],"version-history":[{"count":0,"href":"https:\/\/www.infokuryr.cz\/n\/wp-json\/wp\/v2\/posts\/13234\/revisions"}],"wp:featuredmedia":[{"embeddable":true,"href":"https:\/\/www.infokuryr.cz\/n\/wp-json\/wp\/v2\/media\/1226"}],"wp:attachment":[{"href":"https:\/\/www.infokuryr.cz\/n\/wp-json\/wp\/v2\/media?parent=13234"}],"wp:term":[{"taxonomy":"category","embeddable":true,"href":"https:\/\/www.infokuryr.cz\/n\/wp-json\/wp\/v2\/categories?post=13234"},{"taxonomy":"post_tag","embeddable":true,"href":"https:\/\/www.infokuryr.cz\/n\/wp-json\/wp\/v2\/tags?post=13234"}],"curies":[{"name":"wp","href":"https:\/\/api.w.org\/{rel}","templated":true}]}}