{"id":13232,"date":"2022-08-06T07:01:07","date_gmt":"2022-08-06T05:01:07","guid":{"rendered":"http:\/\/www.infokuryr.cz\/n\/?p=13232"},"modified":"2022-08-06T07:01:53","modified_gmt":"2022-08-06T05:01:53","slug":"zidi-opet-vrazdi-deti-mnoho-obeti-pri-velke-eskalaci-v-gaze","status":"publish","type":"post","link":"https:\/\/www.infokuryr.cz\/n\/2022\/08\/06\/zidi-opet-vrazdi-deti-mnoho-obeti-pri-velke-eskalaci-v-gaze\/","title":{"rendered":"\u017didi op\u011bt vra\u017ed\u00ed d\u011bti! Mnoho ob\u011bt\u00ed p\u0159i velk\u00e9 eskalaci v Gaze"},"content":{"rendered":"<div id=\"fb-root\"><\/div>\n<p><strong>Izraelsk\u00e9 obrann\u00e9 s\u00edly zah\u00e1jily v p\u00e1tek \u00fadery na obytnou oblast v Gaze v reakci na \u00fadajnou hrozbu \u00fatoku ze strany Palestinsk\u00e9ho isl\u00e1msk\u00e9ho d\u017eih\u00e1du (PIJ).\u00a0Jeden z nejvy\u0161\u0161\u00edch \u010dlen\u016f skupiny byl zabit.\u00a0M\u00edstn\u00ed p\u0159edstavitel\u00e9 tak\u00e9 \u0159\u00edkaj\u00ed, \u017ee \u00fatok IDF si vy\u017e\u00e1dal n\u011bkolik mrtv\u00fdch civilist\u016f, v\u010detn\u011b 5let\u00e9 d\u00edvenky\u00a0 a des\u00edtky zran\u011bn\u00fdch.\u00a0<\/strong><\/p>\n<p>Videoz\u00e1znam ukazuje kou\u0159 stoupaj\u00edc\u00ed z hust\u011b zapln\u011bn\u00e9 obytn\u00e9 oblasti palestinsk\u00e9 enkl\u00e1vy pot\u00e9, co izraelsk\u00e9 s\u00edly provedly n\u00e1lety.\u00a0V prohl\u00e1\u0161en\u00ed IDF uvedlo, \u017ee \u00fatok byl zah\u00e1jen po\u00a0<em>\u201ep\u0159\u00edm\u00fdch hrozb\u00e1ch, kter\u00e9 p\u0159edstavuje palestinsk\u00fd isl\u00e1msk\u00fd d\u017eih\u00e1d v Gaze\u201c.<\/em><\/p>\n<p>Mise byla IDF pojmenov\u00e1na \u201eOperace Breaking Dawn\u201c.<\/p>\n<div class=\"rtcode\">\n<div class=\"twitter-tweet twitter-tweet-rendered\"><iframe id=\"twitter-widget-0\" class=\"\" title=\"Twitter Tweet\" src=\"https:\/\/platform.twitter.com\/embed\/Tweet.html?creatorScreenName=RT_com&amp;dnt=false&amp;embedId=twitter-widget-0&amp;features=eyJ0ZndfdHdlZXRfZWRpdF9iYWNrZW5kIjp7ImJ1Y2tldCI6Im9mZiIsInZlcnNpb24iOm51bGx9LCJ0ZndfcmVmc3JjX3Nlc3Npb24iOnsiYnVja2V0Ijoib24iLCJ2ZXJzaW9uIjpudWxsfSwidGZ3X3R3ZWV0X3Jlc3VsdF9taWdyYXRpb25fMTM5NzkiOnsiYnVja2V0IjoidHdlZXRfcmVzdWx0IiwidmVyc2lvbiI6bnVsbH0sInRmd19zZW5zaXRpdmVfbWVkaWFfaW50ZXJzdGl0aWFsXzEzOTYzIjp7ImJ1Y2tldCI6ImludGVyc3RpdGlhbCIsInZlcnNpb24iOm51bGx9LCJ0ZndfZXhwZXJpbWVudHNfY29va2llX2V4cGlyYXRpb24iOnsiYnVja2V0IjoxMjA5NjAwLCJ2ZXJzaW9uIjpudWxsfSwidGZ3X2R1cGxpY2F0ZV9zY3JpYmVzX3RvX3NldHRpbmdzIjp7ImJ1Y2tldCI6Im9mZiIsInZlcnNpb24iOm51bGx9LCJ0ZndfdHdlZXRfZWRpdF9mcm9udGVuZCI6eyJidWNrZXQiOiJvZmYiLCJ2ZXJzaW9uIjpudWxsfX0%3D&amp;frame=false&amp;hideCard=false&amp;hideThread=false&amp;id=1555550259677380609&amp;lang=cs&amp;origin=https%3A%2F%2Fwww.rt.com%2Fnews%2F560318-israel-gaza-airstrike-jihad%2F&amp;sessionId=36df3baeb27183d502494dc6eac3469d76d33f44&amp;siteScreenName=RT_com&amp;theme=light&amp;widgetsVersion=b7df0f50e1ec1%3A1659558317797&amp;width=550px\" frameborder=\"0\" scrolling=\"no\" allowfullscreen=\"allowfullscreen\" data-tweet-id=\"1555550259677380609\" data-mce-fragment=\"1\"><\/iframe><\/div>\n<\/div>\n<div class=\"rtcode\">\n<div class=\"twitter-tweet twitter-tweet-rendered\"><iframe id=\"twitter-widget-1\" class=\"\" title=\"Twitter Tweet\" src=\"https:\/\/platform.twitter.com\/embed\/Tweet.html?creatorScreenName=RT_com&amp;dnt=false&amp;embedId=twitter-widget-1&amp;features=eyJ0ZndfdHdlZXRfZWRpdF9iYWNrZW5kIjp7ImJ1Y2tldCI6Im9mZiIsInZlcnNpb24iOm51bGx9LCJ0ZndfcmVmc3JjX3Nlc3Npb24iOnsiYnVja2V0Ijoib24iLCJ2ZXJzaW9uIjpudWxsfSwidGZ3X3R3ZWV0X3Jlc3VsdF9taWdyYXRpb25fMTM5NzkiOnsiYnVja2V0IjoidHdlZXRfcmVzdWx0IiwidmVyc2lvbiI6bnVsbH0sInRmd19zZW5zaXRpdmVfbWVkaWFfaW50ZXJzdGl0aWFsXzEzOTYzIjp7ImJ1Y2tldCI6ImludGVyc3RpdGlhbCIsInZlcnNpb24iOm51bGx9LCJ0ZndfZXhwZXJpbWVudHNfY29va2llX2V4cGlyYXRpb24iOnsiYnVja2V0IjoxMjA5NjAwLCJ2ZXJzaW9uIjpudWxsfSwidGZ3X2R1cGxpY2F0ZV9zY3JpYmVzX3RvX3NldHRpbmdzIjp7ImJ1Y2tldCI6Im9mZiIsInZlcnNpb24iOm51bGx9LCJ0ZndfdHdlZXRfZWRpdF9mcm9udGVuZCI6eyJidWNrZXQiOiJvZmYiLCJ2ZXJzaW9uIjpudWxsfX0%3D&amp;frame=false&amp;hideCard=false&amp;hideThread=false&amp;id=1555549126871465985&amp;lang=cs&amp;origin=https%3A%2F%2Fwww.rt.com%2Fnews%2F560318-israel-gaza-airstrike-jihad%2F&amp;sessionId=36df3baeb27183d502494dc6eac3469d76d33f44&amp;siteScreenName=RT_com&amp;theme=light&amp;widgetsVersion=b7df0f50e1ec1%3A1659558317797&amp;width=550px\" frameborder=\"0\" scrolling=\"no\" allowfullscreen=\"allowfullscreen\" data-tweet-id=\"1555549126871465985\" data-mce-fragment=\"1\"><\/iframe><\/div>\n<\/div>\n<p>P\u00e1te\u010dn\u00ed \u00fadery zabily vysok\u00e9ho agenta PIJ Taysira al-Jabariho, tvrd\u00ed IDF.\u00a0Al-Jabariho p\u0159edch\u016fdce, Baha Abu al-Ata, byl zabit p\u0159i izraelsk\u00e9m n\u00e1letu v roce 2019.<\/p>\n<p><strong>Palestin\u0161t\u00ed zdravotn\u00edci tak\u00e9 tvrd\u00ed, \u017ee p\u0159i n\u00e1letech bylo zabito nejm\u00e9n\u011b sedm lid\u00ed, v\u010detn\u011b p\u011btilet\u00e9 d\u00edvky.\u00a0Nejm\u00e9n\u011b 40 lid\u00ed bylo zran\u011bno, dodali.<\/strong><\/p>\n<p><em>&#8222;Neustoup\u00edme a nebudeme v\u00e1hat,&#8220;<\/em>\u00a0\u0159ekl gener\u00e1ln\u00ed tajemn\u00edk PIJ Ziyad Al-Nakhala v reakci na al-Jabariho smrt.<\/p>\n<p>Izrael\u0161t\u00ed p\u0159edstavitel\u00e9 n\u011bkolik dn\u00ed varovali, \u017ee militantn\u00ed skupina pl\u00e1novala za\u00fato\u010dit na Izrael protitankov\u00fdmi st\u0159elami a palbou ost\u0159elova\u010d\u016f.\u00a0Varov\u00e1n\u00ed p\u0159i\u0161lo pot\u00e9, co izraelsk\u00e9 s\u00edly v pond\u011bl\u00ed ve m\u011bst\u011b Jenin na z\u00e1padn\u00edm b\u0159ehu Jord\u00e1nu zadr\u017eely v\u016fdce PIJ Bassem Saadi.\u00a0<strong>P\u0159i n\u00e1letu na Saadiho d\u016fm byl zabit palestinsk\u00fd teenager.<\/strong><\/p>\n<p>PIJ v prohl\u00e1\u0161en\u00ed uvedla, \u017ee vyhla\u0161uje stav\u00a0<em>\u201ebd\u011blosti\u201c<\/em>\u00a0a v reakci zvy\u0161uje\u00a0<em>\u201ep\u0159ipravenost\u201c<\/em>\u00a0sv\u00fdch bojovn\u00edk\u016f.\u00a0Izrael mezit\u00edm omezil shroma\u017e\u010fov\u00e1n\u00ed v okruhu 80 km (50 mil) od Gazy a upozornil obyvatele na mo\u017enost palestinsk\u00e9 raketov\u00e9 palby, p\u0159i\u010dem\u017e blokoval cesty do a z oblasti.<\/p>\n<p>Izraelsk\u00fd ministr obrany Benny Gantz ve \u010dtvrtek nav\u0161t\u00edvil ji\u017en\u00ed velitelstv\u00ed izraelsk\u00e9 arm\u00e1dy a vydal varov\u00e1n\u00ed palestinsk\u00fdm ozbrojenc\u016fm a \u0159ekl, \u017ee \u201e\u00a0<em>hrozba bude tak \u010di onak odstran\u011bna\u201c.<\/em><\/p>\n<h2 class=\"article__heading\">Izrael p\u0159ipravuje z\u00e1lo\u017en\u00edky, proto\u017ee konflikt v Gaze s\u00edl\u00ed<\/h2>\n<p>Izraelsk\u00fd ministr obrany Benny Gantz dal v p\u00e1tek zelenou k tomu, aby povolal asi 25 000 vojensk\u00fdch z\u00e1lo\u017en\u00edk\u016f, pokud by to bylo pot\u0159eba.\u00a0Izrael je ve stavu nejvy\u0161\u0161\u00ed pohotovosti a palestin\u0161t\u00ed militanti slibuj\u00ed pomstu za zabit\u00ed jednoho z jejich nejvy\u0161\u0161\u00edch velitel\u016f p\u0159i izraelsk\u00e9m n\u00e1letu.<\/p>\n<p>Kancel\u00e1\u0159 Gantze ozn\u00e1mila potenci\u00e1ln\u00ed povol\u00e1n\u00ed necelou hodinu pot\u00e9, co v\u016fdce palestinsk\u00e9ho isl\u00e1msk\u00e9ho d\u017eih\u00e1du (PIJ) Zihad Al-Nakhala pohrozil, \u017ee b\u011bhem\u00a0<em>\u201enadch\u00e1zej\u00edc\u00edch hodin\u201c spust\u00ed rakety na m\u011bsto Tel Aviv.<\/em><\/p>\n<p>Al-Nakhala vydal svou hrozbu pot\u00e9, co izraelsk\u00e1 v\u00e1le\u010dn\u00e1 letadla vyp\u00e1lila raketu na bytov\u00fd d\u016fm ve m\u011bst\u011b Gaza a zabila velitele PIJ Taysira al-Jabariho.\u00a0\u00datoky, kter\u00e9 Izraelsk\u00e9 obrann\u00e9 s\u00edly (IDF) nazvaly \u201aOperace Breaking Dawn\u2018, se zam\u011b\u0159ily na dal\u0161\u00edch deset a\u017e 20 terorist\u016f PIJ a zabily \u010dleny\u00a0<em>\u201eteroristick\u00e9 jednotky\u201c<\/em>\u00a0, kte\u0159\u00ed byli\u00a0<em>\u201ena cest\u011b k proveden\u00ed protitankov\u00e9ho a odst\u0159elova\u010dsk\u00e9ho \u00fatoku,\u201c<\/em>\u00a0tvrdila izraelsk\u00e1 arm\u00e1da.<\/p>\n<p><strong>Je t\u0159eba podotknout, \u017ee \u017did\u00e9 v\u017edy o \u010dlenech vlasteneck\u00fdch ozbrojen\u00fdch sil, bojuj\u00edc\u00edch proti nez\u00e1konn\u00e9 okupaci ze strany Izraele, tvrd\u00ed, \u017ee jsou to terorist\u00e9.<\/strong><\/p>\n<p><img decoding=\"async\" loading=\"lazy\" class=\"alignnone size-full wp-image-1185\" src=\"http:\/\/www.infokuryr.cz\/n\/wp-content\/uploads\/2021\/04\/kuryr-podpis.png\" alt=\"\" width=\"84\" height=\"24\" \/><\/p>\n<p>&nbsp;<\/p>\n","protected":false},"excerpt":{"rendered":"<p>Izraelsk\u00e9 obrann\u00e9 s\u00edly zah\u00e1jily v p\u00e1tek \u00fadery na obytnou oblast v Gaze v reakci na&#8230;<\/p>\n","protected":false},"author":2,"featured_media":13233,"comment_status":"closed","ping_status":"closed","sticky":false,"template":"","format":"standard","meta":[],"categories":[7],"tags":[245,348,107,1205,92],"_links":{"self":[{"href":"https:\/\/www.infokuryr.cz\/n\/wp-json\/wp\/v2\/posts\/13232"}],"collection":[{"href":"https:\/\/www.infokuryr.cz\/n\/wp-json\/wp\/v2\/posts"}],"about":[{"href":"https:\/\/www.infokuryr.cz\/n\/wp-json\/wp\/v2\/types\/post"}],"author":[{"embeddable":true,"href":"https:\/\/www.infokuryr.cz\/n\/wp-json\/wp\/v2\/users\/2"}],"replies":[{"embeddable":true,"href":"https:\/\/www.infokuryr.cz\/n\/wp-json\/wp\/v2\/comments?post=13232"}],"version-history":[{"count":0,"href":"https:\/\/www.infokuryr.cz\/n\/wp-json\/wp\/v2\/posts\/13232\/revisions"}],"wp:featuredmedia":[{"embeddable":true,"href":"https:\/\/www.infokuryr.cz\/n\/wp-json\/wp\/v2\/media\/13233"}],"wp:attachment":[{"href":"https:\/\/www.infokuryr.cz\/n\/wp-json\/wp\/v2\/media?parent=13232"}],"wp:term":[{"taxonomy":"category","embeddable":true,"href":"https:\/\/www.infokuryr.cz\/n\/wp-json\/wp\/v2\/categories?post=13232"},{"taxonomy":"post_tag","embeddable":true,"href":"https:\/\/www.infokuryr.cz\/n\/wp-json\/wp\/v2\/tags?post=13232"}],"curies":[{"name":"wp","href":"https:\/\/api.w.org\/{rel}","templated":true}]}}