{"id":13199,"date":"2022-08-06T01:01:41","date_gmt":"2022-08-05T23:01:41","guid":{"rendered":"http:\/\/www.infokuryr.cz\/n\/?p=13199"},"modified":"2022-08-05T18:24:18","modified_gmt":"2022-08-05T16:24:18","slug":"neznam-nemecke-zakony-argumentoval-u-soudu-syran-ktery-spachal-nejmene-60-zlocinu","status":"publish","type":"post","link":"https:\/\/www.infokuryr.cz\/n\/2022\/08\/06\/neznam-nemecke-zakony-argumentoval-u-soudu-syran-ktery-spachal-nejmene-60-zlocinu\/","title":{"rendered":"\u201eNezn\u00e1m n\u011bmeck\u00e9 z\u00e1kony,\u201c argumentoval u soudu Sy\u0159an, kter\u00fd sp\u00e1chal nejm\u00e9n\u011b 60 zlo\u010din\u016f"},"content":{"rendered":"<div id=\"fb-root\"><\/div>\n<p>Sy\u0159anovi, kter\u00fd si dosud u\u017e\u00edval \u0161t\u011bdrosti n\u011bmeck\u00e9ho soci\u00e1ln\u00edho syst\u00e9mu, nyn\u00ed jeho \u0161\u0165astn\u00e9 roky na svobod\u011b mo\u017en\u00e1 kon\u010d\u00ed. Pot\u00e9, co m\u00e1 za sebou v\u00edce ne\u017e 60 trestn\u00fdch \u010din\u016f (jak\u00fd je skute\u010dn\u00fd po\u010det z\u0159ejm\u011b v\u016fbec nelze odhadnout), se nyn\u00ed kone\u010dn\u011b dostal p\u0159ed soud. Zaj\u00edmav\u00e9 je, \u017ee mohl tak dlouho p\u00e1chat trestnou \u010dinnost, ani\u017e by se by\u0165 jen oh\u0159\u00e1l ve v\u011bzen\u00ed. Ale u obohacuj\u00edc\u00edch jedinc\u016f jsme ji\u017e v p\u0159\u00edpad\u011b N\u011bmecka na podobnou benevolenci zvykl\u00ed.<\/p>\n<p>Nakonec je v\u00edce ne\u017e pravd\u011bpodobn\u00e9, \u017ee i tento otec \u0161esti d\u011bt\u00ed, kter\u00fd m\u011bl mimo jin\u00e9 t\u00fdrat man\u017eelku, skon\u010d\u00ed jen s podm\u00ednkou.<\/p>\n<p><a href=\"https:\/\/www.radiolausitz.de\/beitrag\/prozess-gegen-syrer-in-goerlitz-ich-kenne-die-gesetze-in-deutschland-nicht-732015\/\">Sy\u0159an,<\/a>\u00a0kter\u00fd sp\u00e1chal asi 60 zlo\u010din\u016f, se musel od v\u010derej\u0161ka zodpov\u00eddat u soudu ve Zho\u0159elci. Obvin\u011bn\u00ed sahaj\u00ed od ubl\u00ed\u017een\u00ed na zdrav\u00ed a vyhro\u017eov\u00e1n\u00ed, r\u016fzn\u00e9 p\u0159estupky, dr\u017een\u00ed drog a po\u0161kozov\u00e1n\u00ed majetku a\u017e po naru\u0161ov\u00e1n\u00ed klidu mrtv\u00fdch. 36let\u00fd mu\u017e p\u0159iznal n\u011bkter\u00e9 \u010diny, mnoho z nich pop\u0159el, na jin\u00e9 si \u00fadajn\u011b nemohl vzpomenout.<\/p>\n<p>Policie mu zajistila j\u00edzdn\u00ed kolo, proto\u017ee nemohl prok\u00e1zat jeho vlastnictv\u00ed. Pak cht\u011bl nov\u00e9, proto ukradl dal\u0161\u00ed kolo na policejn\u00ed stanici ve Zho\u0159elci. P\u0159iznal to. Pot\u00e9 se vloupal do prostor profesion\u00e1ln\u00edho hasi\u010dsk\u00e9ho sboru ve Zho\u0159elci. Nemohl si na to vzpomenout. Jindy se mu zal\u00edbilo \u0161est st\u0159\u00edbrn\u00fdch st\u0159\u00edbrn\u00fdch l\u017ei\u010dek\u00a0 v rakvi. Vzal si je, ale tvrd\u00ed, \u017ee kdy\u017e je vzal mrtvole, tak nejde o kr\u00e1de\u017e. Otec \u0161esti d\u011bt\u00ed, kter\u00fd byl ob\u017ealov\u00e1n z t\u00fdr\u00e1n\u00ed man\u017eelky, d\u00e1le tvrdil, \u017ee svou \u017eenu \u00fadajn\u011b nebil.<\/p>\n<div class=\"clearb sidead\">\n<div id=\"msoad_mr2\">\n<div class=\"adunit-container__radiolausitz.de_mr_2,256px,30 mso-cls-wrapper\">\n<div id=\"radiolausitz.de_mr_2\">Kdy\u017e se ho soudce zeptal, pro\u010d ignoroval z\u00e1kaz vstupu do jejich bytu ve Zho\u0159elci, ob\u017ealovan\u00fd odpov\u011bd\u011bl, \u017ee cht\u011bl z\u00edskat pouze sv\u00e9 v\u011bci. Pot\u0159eboval je. A na svoji obhajobu Sy\u0159an prohl\u00e1sil: \u201eNezn\u00e1m n\u011bmeck\u00e9 z\u00e1kony.\u201c<\/div>\n<\/div>\n<\/div>\n<\/div>\n<p>Proces pokra\u010duje.<\/p>\n<p><a href=\"https:\/\/necenzurovanapravda.cz\/2022\/08\/neznam-nemecke-zakony-argumentoval-syran-ktery-spachal-nejmene-60-zlocinu\/\">Slovanka<\/a><\/p>\n<p>&nbsp;<\/p>\n","protected":false},"excerpt":{"rendered":"<p>Sy\u0159anovi, kter\u00fd si dosud u\u017e\u00edval \u0161t\u011bdrosti n\u011bmeck\u00e9ho soci\u00e1ln\u00edho syst\u00e9mu, nyn\u00ed jeho \u0161\u0165astn\u00e9 roky na svobod\u011b&#8230;<\/p>\n","protected":false},"author":2,"featured_media":13200,"comment_status":"closed","ping_status":"closed","sticky":false,"template":"","format":"standard","meta":[],"categories":[7],"tags":[84,324,2852,1668],"_links":{"self":[{"href":"https:\/\/www.infokuryr.cz\/n\/wp-json\/wp\/v2\/posts\/13199"}],"collection":[{"href":"https:\/\/www.infokuryr.cz\/n\/wp-json\/wp\/v2\/posts"}],"about":[{"href":"https:\/\/www.infokuryr.cz\/n\/wp-json\/wp\/v2\/types\/post"}],"author":[{"embeddable":true,"href":"https:\/\/www.infokuryr.cz\/n\/wp-json\/wp\/v2\/users\/2"}],"replies":[{"embeddable":true,"href":"https:\/\/www.infokuryr.cz\/n\/wp-json\/wp\/v2\/comments?post=13199"}],"version-history":[{"count":1,"href":"https:\/\/www.infokuryr.cz\/n\/wp-json\/wp\/v2\/posts\/13199\/revisions"}],"predecessor-version":[{"id":13201,"href":"https:\/\/www.infokuryr.cz\/n\/wp-json\/wp\/v2\/posts\/13199\/revisions\/13201"}],"wp:featuredmedia":[{"embeddable":true,"href":"https:\/\/www.infokuryr.cz\/n\/wp-json\/wp\/v2\/media\/13200"}],"wp:attachment":[{"href":"https:\/\/www.infokuryr.cz\/n\/wp-json\/wp\/v2\/media?parent=13199"}],"wp:term":[{"taxonomy":"category","embeddable":true,"href":"https:\/\/www.infokuryr.cz\/n\/wp-json\/wp\/v2\/categories?post=13199"},{"taxonomy":"post_tag","embeddable":true,"href":"https:\/\/www.infokuryr.cz\/n\/wp-json\/wp\/v2\/tags?post=13199"}],"curies":[{"name":"wp","href":"https:\/\/api.w.org\/{rel}","templated":true}]}}